{"id":12345,"date":"2019-05-23T07:19:58","date_gmt":"2019-05-23T07:19:58","guid":{"rendered":"http:\/\/www.iceagetv.com\/radiosite\/?p=12345"},"modified":"2019-05-23T07:20:06","modified_gmt":"2019-05-23T07:20:06","slug":"lincroyable-annonce-cette-nuit-de-la-direction-du-concours-de-leurovision-qui-decide-de-declasser-bilal-hassani-qui-perd-2-places-et-se-retrouve-16-eme","status":"publish","type":"post","link":"https:\/\/www.iceagetv.com\/radiosite\/lincroyable-annonce-cette-nuit-de-la-direction-du-concours-de-leurovision-qui-decide-de-declasser-bilal-hassani-qui-perd-2-places-et-se-retrouve-16-eme\/","title":{"rendered":"L&rsquo;incroyable annonce, cette nuit, de la direction du concours de l&rsquo;Eurovision qui d\u00e9cide de d\u00e9classer Bilal Hassani qui perd 2 places et se retrouve 16 \u00e8me"},"content":{"rendered":"\n<p>Coup de th\u00e9\u00e2tre dans l&rsquo;Eurovision, on vient d&rsquo;apprendre que Bilal Hassani venait d&rsquo;\u00eatre d\u00e9class\u00e9 de 2 places, passant ainsi de la 14\u00e8me \u00e0 la 16\u00e8me place.<\/p>\n\n\n\n<p>En cause, une pol\u00e9mique autour des votes de la Bi\u00e9lorussie qui ont \u00e9t\u00e9 r\u00e9v\u00e9l\u00e9s la veille en ce qui concerne la demi-finale, contrairement au r\u00e8glement de l&rsquo;Eurovision.<\/p>\n\n\n\n<p>La direction du concours a donc d\u00e9cid\u00e9 de remplacer les votes de ce pays par des chiffres de substitution calcul\u00e9s selon une m\u00e9thode complexe li\u00e9e aux r\u00e9sultats des autres pays. Voici donc le nouveau classement d\u00e9finitif qui vient d&rsquo;\u00eatre publi\u00e9 officiellement sur le site de l&rsquo;Eurovision.&nbsp;<\/p>\n\n\n\n<p>Le comit\u00e9 de l&rsquo;Eurovision pr\u00e9cise que ces nouveaux chiffres ne remettent pas en cause le Top 4 du concours.&nbsp;&nbsp;<\/p>\n\n\n\n<p>A noter que les deux meilleures places des dix derni\u00e8res ann\u00e9es ont \u00e9t\u00e9 remport\u00e9es apr\u00e8s une s\u00e9lection men\u00e9e en interne par Edoardo Grassi en 2016 et 2017 avec Amir (6\u00e8me place) et Alma (12\u00e8me place).<\/p>\n\n\n\n<p>Sur le site du Parisien, la direction de France T\u00e9l\u00e9visions r\u00e9agit.&nbsp;Antoine Boilley, secr\u00e9taire g\u00e9n\u00e9ral de antennes du groupe, d\u00e9clare:&nbsp;\u00ab\u00a0On prend note de cette \u00e9volution du classement, cela ne change en rien la qualit\u00e9 du show qui nous avons produit et de&nbsp;la prestation de Bilal Hassani.\u00a0\u00bb&nbsp;<br>Et d&rsquo;ajouter: \u00ab\u00a0Il y a eu un pic de 7 millions de t\u00e9l\u00e9spectateurs sur France 2 lors du passage de Bilal, ce qui repr\u00e9sente plus de 60 % de part d\u2019audience. Si nous avons un chiffre \u00e0 retenir c\u2019est celui-l\u00e0. Nous continuerons \u00e0 l\u2019accompagner sur l\u2019avenir, il y aura une suite \u00e0 l\u2019Eurovision pour lui. D\u00e8s vendredi, l\u2019artiste sera invit\u00e9 dans notre nouveau programme de France 3&nbsp;Les Enfants de la musique\u00a0\u00bb.<br><\/p>\n\n\n\n<figure class=\"wp-block-image\"><img data-recalc-dims=\"1\" decoding=\"async\" src=\"https:\/\/i0.wp.com\/static.jeanmarcmorandini.com\/sites\/jeanmarcmorandini.com\/files\/corps2019\/capture_decran_2019-05-22_a_19.43.32.jpg?w=1170&#038;ssl=1\" alt=\"\"\/><\/figure>\n","protected":false},"excerpt":{"rendered":"<p>Coup de th\u00e9\u00e2tre dans l&rsquo;Eurovision, on vient d&rsquo;apprendre que Bilal Hassani venait d&rsquo;\u00eatre d\u00e9class\u00e9 de 2 places, passant ainsi de la 14\u00e8me \u00e0 la 16\u00e8me place. En cause, une pol\u00e9mique autour des votes de la Bi\u00e9lorussie qui ont \u00e9t\u00e9 r\u00e9v\u00e9l\u00e9s la veille en ce qui concerne la demi-finale, contrairement au r\u00e8glement de l&rsquo;Eurovision. La direction [&hellip;]<\/p>\n","protected":false},"author":2,"featured_media":12347,"comment_status":"open","ping_status":"open","sticky":false,"template":"","format":"standard","meta":{"_jetpack_memberships_contains_paid_content":false,"footnotes":"","jetpack_publicize_message":"","jetpack_publicize_feature_enabled":true,"jetpack_social_post_already_shared":true,"jetpack_social_options":{"image_generator_settings":{"template":"highway","default_image_id":0,"font":"","enabled":false},"version":2},"_wpas_customize_per_network":false},"categories":[68],"tags":[],"class_list":["post-12345","post","type-post","status-publish","format-standard","has-post-thumbnail","hentry","category-actu-culturelle"],"jetpack_publicize_connections":[],"jetpack_featured_media_url":"https:\/\/i0.wp.com\/www.iceagetv.com\/radiosite\/wp-content\/uploads\/2019\/05\/657718-bilal-hassani-annule-sa-venue-sur-rmc-diapo-2_0.jpg?fit=920%2C397&ssl=1","jetpack_sharing_enabled":true,"_links":{"self":[{"href":"https:\/\/www.iceagetv.com\/radiosite\/wp-json\/wp\/v2\/posts\/12345","targetHints":{"allow":["GET"]}}],"collection":[{"href":"https:\/\/www.iceagetv.com\/radiosite\/wp-json\/wp\/v2\/posts"}],"about":[{"href":"https:\/\/www.iceagetv.com\/radiosite\/wp-json\/wp\/v2\/types\/post"}],"author":[{"embeddable":true,"href":"https:\/\/www.iceagetv.com\/radiosite\/wp-json\/wp\/v2\/users\/2"}],"replies":[{"embeddable":true,"href":"https:\/\/www.iceagetv.com\/radiosite\/wp-json\/wp\/v2\/comments?post=12345"}],"version-history":[{"count":1,"href":"https:\/\/www.iceagetv.com\/radiosite\/wp-json\/wp\/v2\/posts\/12345\/revisions"}],"predecessor-version":[{"id":12348,"href":"https:\/\/www.iceagetv.com\/radiosite\/wp-json\/wp\/v2\/posts\/12345\/revisions\/12348"}],"wp:featuredmedia":[{"embeddable":true,"href":"https:\/\/www.iceagetv.com\/radiosite\/wp-json\/wp\/v2\/media\/12347"}],"wp:attachment":[{"href":"https:\/\/www.iceagetv.com\/radiosite\/wp-json\/wp\/v2\/media?parent=12345"}],"wp:term":[{"taxonomy":"category","embeddable":true,"href":"https:\/\/www.iceagetv.com\/radiosite\/wp-json\/wp\/v2\/categories?post=12345"},{"taxonomy":"post_tag","embeddable":true,"href":"https:\/\/www.iceagetv.com\/radiosite\/wp-json\/wp\/v2\/tags?post=12345"}],"curies":[{"name":"wp","href":"https:\/\/api.w.org\/{rel}","templated":true}]}}