{"id":12352,"date":"2019-05-23T15:12:38","date_gmt":"2019-05-23T15:12:38","guid":{"rendered":"http:\/\/www.iceagetv.com\/radiosite\/?p=12352"},"modified":"2019-05-23T15:12:44","modified_gmt":"2019-05-23T15:12:44","slug":"lyceens-interpelles-et-mis-a-genoux-a-mantes-la-jolie-un-collectif-davocats-reclame-la-nomination-dun-juge-dinstruction","status":"publish","type":"post","link":"https:\/\/www.iceagetv.com\/radiosite\/lyceens-interpelles-et-mis-a-genoux-a-mantes-la-jolie-un-collectif-davocats-reclame-la-nomination-dun-juge-dinstruction\/","title":{"rendered":"Lyc\u00e9ens interpell\u00e9s et mis \u00e0 genoux \u00e0 Mantes-la-Jolie : un collectif d&rsquo;avocats r\u00e9clame la nomination d&rsquo;un juge d&rsquo;instruction"},"content":{"rendered":"\n<p>Une&nbsp;\u00e9quipe juridique&nbsp;constitu\u00e9e d&rsquo;avocats parisiens se mobilise pour d\u00e9fendre les&nbsp;<a href=\"https:\/\/www.francetvinfo.fr\/faits-divers\/adolescents-interpelles-a-mantes-la-jolie\/\" target=\"_blank\" rel=\"noreferrer noopener\">lyc\u00e9ens de Mantes-la-Jolie<\/a>, dont l&rsquo;interpellation film\u00e9e, le 6 d\u00e9cembre 2018, avait suscit\u00e9 l&rsquo;indignation. Plus de&nbsp;<a href=\"https:\/\/www.francetvinfo.fr\/societe\/education\/parcoursup\/parcoursup\/manifestations-des-lyceens\/yvelines-ce-que-l-on-sait-de-l-interpellation-de-151-adolescents-a-mantes-la-jolie-jeudi_3088947.html\" target=\"_blank\" rel=\"noreferrer noopener\">150 jeunes de 12 \u00e0 21 ans avaient \u00e9t\u00e9 agenouill\u00e9s, mains derri\u00e8re la t\u00eate<\/a>&nbsp;ou menott\u00e9s dans le dos et film\u00e9s.&nbsp;<em>\u00ab\u00a0Il n&rsquo;y a qu&rsquo;une mani\u00e8re de faire avancer cette enqu\u00eate&nbsp;: faire comprendre que l&rsquo;opinion publique a \u00e9t\u00e9 choqu\u00e9e\u00a0\u00bb<\/em>, a d\u00e9clar\u00e9 Ari\u00e9 Alimi,&nbsp;avocat d&rsquo;une vingtaine de lyc\u00e9ens ayant d\u00e9pos\u00e9 plainte, lors d&rsquo;une conf\u00e9rence de presse, mercredi 22 mai.<\/p>\n\n\n\n<p>L&rsquo;avocat a en outre r\u00e9clam\u00e9&nbsp;la nomination d&rsquo;un juge d&rsquo;instruction pour ne pas laisser&nbsp;<em>\u00ab\u00a0le procureur et l&rsquo;IGPN mener une fausse enqu\u00eate\u00a0\u00bb<\/em>.&nbsp;<em>\u00ab\u00a0C&rsquo;est une affaire qui implique de traiter beaucoup de plaintes, de s&rsquo;occuper de beaucoup d&rsquo;enfants\u00a0\u00bb<\/em>, a expliqu\u00e9 Ari\u00e9 Alimi, accompagn\u00e9 par le collectif de d\u00e9fense des jeunes du Mantois, qui rassemble plusieurs parents de lyc\u00e9ens.&nbsp;<em>\u00ab\u00a0Emmanuel Tordjman a accept\u00e9 de nous rejoindre, comme d&rsquo;autres : Antoine Comte, Rapha\u00ebl Kempf et Alice Becker\u00a0\u00bb<\/em>, a d\u00e9taill\u00e9 l&rsquo;avocat.<\/p>\n\n\n\n<h2 class=\"wp-block-heading\">Une enqu\u00eate administrative class\u00e9e sans suite<\/h2>\n\n\n\n<p>Cette annonce a pour but de mettre la pression sur l&rsquo;autorit\u00e9 judiciaire apr\u00e8s le&nbsp;<a href=\"https:\/\/www.francetvinfo.fr\/faits-divers\/adolescents-interpelles-a-mantes-la-jolie\/lyceens-de-mantes-la-jolie-interpelles-les-policiers-n-ont-pas-commis-de-faute-selon-l-enquete-administrative-annonce-la-chef-de-l-igpn_3446225.html\" target=\"_blank\" rel=\"noreferrer noopener\">classement sans suite de l&rsquo;enqu\u00eate administrative<\/a>.&nbsp;<em>\u00ab\u00a0L&rsquo;enqu\u00eate administrative a permis d&rsquo;\u00e9tablir qu&rsquo;il n&rsquo;y avait (&#8230;) pas eu de comportements d\u00e9viants de la part des policiers\u00a0\u00bb<\/em>, avait&nbsp;annonc\u00e9 Brigitte Jullien, la patronne de l&rsquo;Inspection g\u00e9n\u00e9rale de la police nationale (IGPN).<\/p>\n\n\n\n<p>Une enqu\u00eate pr\u00e9liminaire ouverte par le parquet de Nanterre est en cours depuis f\u00e9vrier et a \u00e9t\u00e9 confi\u00e9e \u00e0 l&rsquo;IGPN, en parall\u00e8le de l&rsquo;enqu\u00eate administrative. Mais&nbsp;<em>\u00ab\u00a0c&rsquo;est fondamental qu&rsquo;un juge soit rapidement saisi\u00a0\u00bb<\/em>, a appuy\u00e9 l&rsquo;avocat Emmanuel Tordjman. Une plainte avec constitution de partie civile a \u00e9t\u00e9 d\u00e9pos\u00e9e le 6 mai, pour forcer la d\u00e9signation d&rsquo;un juge d&rsquo;instruction.<\/p>\n\n\n\n<p>Yasser, \u00e9l\u00e8ve de premi\u00e8re au lyc\u00e9e Saint-Exup\u00e9ry, a racont\u00e9 \u00e0 la presse son interpellation et sa garde \u00e0 vue.&nbsp;<em>\u00ab\u00a0On \u00e9tait \u00e0 15 dans une cellule de cinq et le vendredi matin<\/em>&nbsp;[lendemain de l&rsquo;interpellation]<em>, on a entendu la polici\u00e8re qui prenait la rel\u00e8ve dire &lsquo;on se croirait au zoo de Thoiry'\u00a0\u00bb<\/em>, a rapport\u00e9 le lyc\u00e9en de 17 ans. Il a assur\u00e9 avoir \u00e9t\u00e9 t\u00e9moin d&rsquo;insultes et de coups de matraques.<\/p>\n","protected":false},"excerpt":{"rendered":"<p>Une&nbsp;\u00e9quipe juridique&nbsp;constitu\u00e9e d&rsquo;avocats parisiens se mobilise pour d\u00e9fendre les&nbsp;lyc\u00e9ens de Mantes-la-Jolie, dont l&rsquo;interpellation film\u00e9e, le 6 d\u00e9cembre 2018, avait suscit\u00e9 l&rsquo;indignation. Plus de&nbsp;150 jeunes de 12 \u00e0 21 ans avaient \u00e9t\u00e9 agenouill\u00e9s, mains derri\u00e8re la t\u00eate&nbsp;ou menott\u00e9s dans le dos et film\u00e9s.&nbsp;\u00ab\u00a0Il n&rsquo;y a qu&rsquo;une mani\u00e8re de faire avancer cette enqu\u00eate&nbsp;: faire comprendre que l&rsquo;opinion [&hellip;]<\/p>\n","protected":false},"author":2,"featured_media":12353,"comment_status":"open","ping_status":"open","sticky":false,"template":"","format":"standard","meta":{"_jetpack_memberships_contains_paid_content":false,"footnotes":"","jetpack_publicize_message":"","jetpack_publicize_feature_enabled":true,"jetpack_social_post_already_shared":true,"jetpack_social_options":{"image_generator_settings":{"template":"highway","default_image_id":0,"font":"","enabled":false},"version":2},"_wpas_customize_per_network":false},"categories":[405],"tags":[],"class_list":["post-12352","post","type-post","status-publish","format-standard","has-post-thumbnail","hentry","category-actu-france-monde"],"jetpack_publicize_connections":[],"jetpack_featured_media_url":"https:\/\/i0.wp.com\/www.iceagetv.com\/radiosite\/wp-content\/uploads\/2019\/05\/Lyc%C3%A9ens-interpell%C3%A9s-et-mis-%C3%A0-genoux-%C3%A0-Mantes-la-Jolie.jpg?fit=1197%2C450&ssl=1","jetpack_sharing_enabled":true,"_links":{"self":[{"href":"https:\/\/www.iceagetv.com\/radiosite\/wp-json\/wp\/v2\/posts\/12352","targetHints":{"allow":["GET"]}}],"collection":[{"href":"https:\/\/www.iceagetv.com\/radiosite\/wp-json\/wp\/v2\/posts"}],"about":[{"href":"https:\/\/www.iceagetv.com\/radiosite\/wp-json\/wp\/v2\/types\/post"}],"author":[{"embeddable":true,"href":"https:\/\/www.iceagetv.com\/radiosite\/wp-json\/wp\/v2\/users\/2"}],"replies":[{"embeddable":true,"href":"https:\/\/www.iceagetv.com\/radiosite\/wp-json\/wp\/v2\/comments?post=12352"}],"version-history":[{"count":1,"href":"https:\/\/www.iceagetv.com\/radiosite\/wp-json\/wp\/v2\/posts\/12352\/revisions"}],"predecessor-version":[{"id":12354,"href":"https:\/\/www.iceagetv.com\/radiosite\/wp-json\/wp\/v2\/posts\/12352\/revisions\/12354"}],"wp:featuredmedia":[{"embeddable":true,"href":"https:\/\/www.iceagetv.com\/radiosite\/wp-json\/wp\/v2\/media\/12353"}],"wp:attachment":[{"href":"https:\/\/www.iceagetv.com\/radiosite\/wp-json\/wp\/v2\/media?parent=12352"}],"wp:term":[{"taxonomy":"category","embeddable":true,"href":"https:\/\/www.iceagetv.com\/radiosite\/wp-json\/wp\/v2\/categories?post=12352"},{"taxonomy":"post_tag","embeddable":true,"href":"https:\/\/www.iceagetv.com\/radiosite\/wp-json\/wp\/v2\/tags?post=12352"}],"curies":[{"name":"wp","href":"https:\/\/api.w.org\/{rel}","templated":true}]}}