{"id":12355,"date":"2019-05-23T15:14:50","date_gmt":"2019-05-23T15:14:50","guid":{"rendered":"http:\/\/www.iceagetv.com\/radiosite\/?p=12355"},"modified":"2019-05-23T15:14:53","modified_gmt":"2019-05-23T15:14:53","slug":"al-khelaifi-mis-en-examen-pour-corruption","status":"publish","type":"post","link":"https:\/\/www.iceagetv.com\/radiosite\/al-khelaifi-mis-en-examen-pour-corruption\/","title":{"rendered":"Al-Khela\u00effi mis en examen pour corruption"},"content":{"rendered":"\n<h2 class=\"wp-block-heading\">Le Parisien et l&rsquo;AFP annoncent ce jeudi que Nasser Al-Khela\u00effi, le pr\u00e9sident du Paris Saint-Germain a \u00e9t\u00e9 mis en examen pour corruption dans le cadre de l&rsquo;enqu\u00eate sur \u00ab\u00a0l&rsquo;achat\u00a0\u00bb des Mondiaux d&rsquo;athl\u00e9tisme 2017. L&rsquo;avocat du dirigeant qatari a confirm\u00e9 l&rsquo;information, contestant en bloc tous les motifs d&rsquo;accusation.<\/h2>\n\n\n\n<p>Nasser Al-Khela\u00effi se retrouve au coeur de la temp\u00eate. Selon les informations du\u00a0<em>Parisien<\/em>, confirm\u00e9es par l&rsquo;AFP, le pr\u00e9sident du\u00a0<a href=\"https:\/\/www.eurosport.fr\/football\/equipes\/paris-sg\/teamcenter.shtml\">PSG<\/a>\u00a0a \u00e9t\u00e9 mis en examen pour corruption active, lui qui est soup\u00e7onn\u00e9 d&rsquo;avoir tent\u00e9 d&rsquo;acheter les Mondiaux d\u2019athl\u00e9tisme 2017. \u00ab\u00a0NAK\u00a0\u00bb aurait ainsi valid\u00e9 un versement de 3,1 millions d&rsquo;euros en faveur de l\u2019ancien pr\u00e9sident de la F\u00e9d\u00e9ration internationale d\u2019athl\u00e9tisme,\u00a0<a href=\"https:\/\/www.eurosport.fr\/football\/jamal-lamine_prs225429\/person.shtml\">Lamine<\/a>\u00a0Diack. Le fils de ce dernier est par ailleurs vis\u00e9 depuis le 18 avril par un mandat d&rsquo;arr\u00eat \u00e9mis par les juges d&rsquo;instruction pour des soup\u00e7ons de \u00ab\u00a0<em>corruption passive<\/em>\u00a0\u00bb et de \u00ab\u00a0<em>blanchiment aggrav\u00e9<\/em>\u00ab\u00a0, selon une source proche du dossier cit\u00e9e par l&rsquo;AFP.<\/p>\n\n\n\n<p>Les magistrats financiers s&rsquo;interrogent sur deux versements d&rsquo;un total de 3,5 millions de dollars, r\u00e9alis\u00e9s \u00e0 l&rsquo;automne 2011 par la soci\u00e9t\u00e9 Oryx Qatar Sports Investment, d\u00e9tenue \u00e0 \u00e9galit\u00e9 par Nasser Al-Khela\u00effi et son fr\u00e8re Khalid, au profit d&rsquo;une soci\u00e9t\u00e9 de marketing sportif dirig\u00e9e par Papa Massata Diack, le fils de l&rsquo;ancien pr\u00e9sident de la F\u00e9d\u00e9ration internationale d&rsquo;athl\u00e9tisme Lamine Diack. A cette \u00e9poque, Doha ambitionnait d&rsquo;accueillir les Mondiaux d&rsquo;athl\u00e9tisme de 2017, organis\u00e9s par l&rsquo;IAAF, et les JO de 2020.<\/p>\n\n\n\n<p>\u00ab\u00a0<em>Nasser Al-Khela\u00effi n&rsquo;est ni un actionnaire, ni un dirigeant, de la soci\u00e9t\u00e9 Oryx en 2011. Il n&rsquo;intervient ni directement, ni indirectement, dans la candidature de la ville de Doha (&#8230;) Ces faits ne le concernent pas<\/em>\u00ab\u00a0, affirme Me&nbsp;<a href=\"https:\/\/www.eurosport.fr\/football\/francis_prs187359\/person.shtml\">Francis<\/a>Szpiner, l&rsquo;avocat de Nasser Al-Khela\u00effi. Les juges d&rsquo;instruction cherchent \u00e0 d\u00e9terminer si, en contrepartie de ces versements, Lamine Diack, patron de l&rsquo;athl\u00e9tisme mondial de 1999 \u00e0 2015, a oeuvr\u00e9 d&rsquo;une part au report des dates d&rsquo;organisation de ces deux comp\u00e9titions, en raison des conditions m\u00e9t\u00e9o du pays. Et d&rsquo;autre part, \u00e0 l&rsquo;obtention de votes de membres de l&rsquo;IAAF en faveur du Qatar pour les Mondiaux.<\/p>\n\n\n\n<h2 class=\"wp-block-heading\">Le patron de BeIN Group \u00e9galement mis en examen<\/h2>\n\n\n\n<p>Contact\u00e9 par le quotidien francilien, l&rsquo;avocat du pr\u00e9sident du PSG \u00e9voque des \u00ab\u00a0<em>affirmations totalement inexactes<\/em>\u00ab\u00a0. \u00ab\u00a0<em>Le nom de Nasser Al-Khela\u00effi n\u2019appara\u00eet sur aucun document du dossier. Ces incriminations ne reposent sur aucun \u00e9l\u00e9ment de preuve tangible<\/em>\u00ab\u00a0, poursuit ce dernier. Pour rappel, Nasser al-Khela\u00effi \u00e9tait plac\u00e9, depuis le 20 mars dernier, sous le statut de t\u00e9moin assist\u00e9 dans cette affaire, qui vise \u00e9galement les conditions d&rsquo;attribution des JO de Tokyo 2020 et de Rio 2016. Il s&rsquo;\u00e9tait alors volontairement pr\u00e9sent\u00e9 devant le juge.<\/p>\n\n\n\n<p><a href=\"https:\/\/www.eurosport.fr\/football\/lekmili-yousef_prs264708\/person.shtml\">Yousef<\/a>&nbsp;Al-Obaidly, membre du conseil d&rsquo;administration du PSG et actuel patron de BeIN Group, a \u00e9galement \u00e9t\u00e9 mis en examen selon les informations du&nbsp;<em>Monde<\/em>. Convoqu\u00e9 \u00e0 nouveau le 16 mai par Renaud van Ruymbeke, le juge d&rsquo;instruction au p\u00f4le financier du tribunal de Paris, Nasser Al-Khela\u00effi ne s&rsquo;\u00e9tait pas pr\u00e9sent\u00e9, invoquant sa pr\u00e9sence \u00e0 la finale de la Coupe de l&rsquo;\u00e9mir du Qatar de football. Selon l&rsquo;AFP, il a \u00e9t\u00e9 mis en examen par courrier.<\/p>\n","protected":false},"excerpt":{"rendered":"<p>Le Parisien et l&rsquo;AFP annoncent ce jeudi que Nasser Al-Khela\u00effi, le pr\u00e9sident du Paris Saint-Germain a \u00e9t\u00e9 mis en examen pour corruption dans le cadre de l&rsquo;enqu\u00eate sur \u00ab\u00a0l&rsquo;achat\u00a0\u00bb des Mondiaux d&rsquo;athl\u00e9tisme 2017. L&rsquo;avocat du dirigeant qatari a confirm\u00e9 l&rsquo;information, contestant en bloc tous les motifs d&rsquo;accusation. Nasser Al-Khela\u00effi se retrouve au coeur de la [&hellip;]<\/p>\n","protected":false},"author":2,"featured_media":12356,"comment_status":"open","ping_status":"open","sticky":false,"template":"","format":"standard","meta":{"_jetpack_memberships_contains_paid_content":false,"footnotes":"","jetpack_publicize_message":"","jetpack_publicize_feature_enabled":true,"jetpack_social_post_already_shared":true,"jetpack_social_options":{"image_generator_settings":{"template":"highway","default_image_id":0,"font":"","enabled":false},"version":2},"_wpas_customize_per_network":false},"categories":[18],"tags":[],"class_list":["post-12355","post","type-post","status-publish","format-standard","has-post-thumbnail","hentry","category-actu-sport"],"jetpack_publicize_connections":[],"jetpack_featured_media_url":"https:\/\/i0.wp.com\/www.iceagetv.com\/radiosite\/wp-content\/uploads\/2019\/05\/Al-Khela%C3%AFfi.jpg?fit=1950%2C1096&ssl=1","jetpack_sharing_enabled":true,"_links":{"self":[{"href":"https:\/\/www.iceagetv.com\/radiosite\/wp-json\/wp\/v2\/posts\/12355","targetHints":{"allow":["GET"]}}],"collection":[{"href":"https:\/\/www.iceagetv.com\/radiosite\/wp-json\/wp\/v2\/posts"}],"about":[{"href":"https:\/\/www.iceagetv.com\/radiosite\/wp-json\/wp\/v2\/types\/post"}],"author":[{"embeddable":true,"href":"https:\/\/www.iceagetv.com\/radiosite\/wp-json\/wp\/v2\/users\/2"}],"replies":[{"embeddable":true,"href":"https:\/\/www.iceagetv.com\/radiosite\/wp-json\/wp\/v2\/comments?post=12355"}],"version-history":[{"count":1,"href":"https:\/\/www.iceagetv.com\/radiosite\/wp-json\/wp\/v2\/posts\/12355\/revisions"}],"predecessor-version":[{"id":12357,"href":"https:\/\/www.iceagetv.com\/radiosite\/wp-json\/wp\/v2\/posts\/12355\/revisions\/12357"}],"wp:featuredmedia":[{"embeddable":true,"href":"https:\/\/www.iceagetv.com\/radiosite\/wp-json\/wp\/v2\/media\/12356"}],"wp:attachment":[{"href":"https:\/\/www.iceagetv.com\/radiosite\/wp-json\/wp\/v2\/media?parent=12355"}],"wp:term":[{"taxonomy":"category","embeddable":true,"href":"https:\/\/www.iceagetv.com\/radiosite\/wp-json\/wp\/v2\/categories?post=12355"},{"taxonomy":"post_tag","embeddable":true,"href":"https:\/\/www.iceagetv.com\/radiosite\/wp-json\/wp\/v2\/tags?post=12355"}],"curies":[{"name":"wp","href":"https:\/\/api.w.org\/{rel}","templated":true}]}}