{"id":12358,"date":"2019-05-24T08:50:03","date_gmt":"2019-05-24T08:50:03","guid":{"rendered":"http:\/\/www.iceagetv.com\/radiosite\/?p=12358"},"modified":"2019-05-24T08:50:08","modified_gmt":"2019-05-24T08:50:08","slug":"europeennes-heureusement-quil-y-avait-une-belle-republique-pour-accueillir-des-bardella-lance-hamon-a-la-tete-de-liste-du-rn","status":"publish","type":"post","link":"https:\/\/www.iceagetv.com\/radiosite\/europeennes-heureusement-quil-y-avait-une-belle-republique-pour-accueillir-des-bardella-lance-hamon-a-la-tete-de-liste-du-rn\/","title":{"rendered":"Europ\u00e9ennes : \u00ab\u00a0Heureusement qu&rsquo;il y avait une belle R\u00e9publique pour accueillir des Bardella\u00a0\u00bb, lance Hamon \u00e0 la t\u00eate de liste du RN"},"content":{"rendered":"\n<p>Les \u00e9changes entre t\u00eates de liste pour les\u00a0<a rel=\"noreferrer noopener\" href=\"https:\/\/www.francetvinfo.fr\/elections\/\" target=\"_blank\">\u00e9lections europ\u00e9ennes<\/a>, sur le sujet de l&rsquo;immigration, ont pris un tour plus personnel, jeudi 23 mai, lors d&rsquo;un d\u00e9bat entre candidats\u00a0<a rel=\"noreferrer noopener\" href=\"https:\/\/twitter.com\/BFMTV\/status\/1131658511883087874?ref_src=twsrc%5Etfw%7Ctwcamp%5Etweetembed%7Ctwterm%5E1131658511883087874%7Ctwgr%5E393039363b636f6e74726f6c&amp;ref_url=http%3A%2F%2Fwww.leparisien.fr%2Felections%2Feuropeennes%2Feuropeennes-hamon-et-bardella-s-echarpent-sur-l-immigration-23-05-2019-8078556.php\" target=\"_blank\">sur BFMTV<\/a>. Lors d&rsquo;un vif \u00e9change avec le candidat du Rassemblement national Jordan Bardella, qui plaidait la\u00a0<em>\u00ab\u00a0fermet\u00e9\u00a0\u00bb\u00a0<\/em>pour r\u00e9duire le nombre d&rsquo;arrivants en France, Beno\u00eet Hamon a fait allusion \u00e0 l&rsquo;histoire familiale de ce dernier\u00a0:\u00a0<em>\u00ab\u00a0Heureusement qu&rsquo;il y avait une belle R\u00e9publique pour accueillir des Bardella, des Lopez et quelques autres avant !\u00a0\u00bb<\/em>, a-t-il lanc\u00e9.<\/p>\n\n\n\n<p><em>Heureusement qu&rsquo;elle a accueilli nos parents et nos grands-parents venus de loin\u00a0\u00bb<\/em>, a poursuivi l&rsquo;ex-candidat \u00e0 l&rsquo;\u00e9lection pr\u00e9sidentielle, estimant que son adversaire fermait la porte<em>\u00ab\u00a0aux N&rsquo;Diaye, aux Mohamed\u00a0\u00bb<\/em>, mais qu&rsquo;<em>\u00ab\u00a0on \u00e9tait contents d&rsquo;avoir\u00a0\u00bb&nbsp;<\/em>b\u00e9n\u00e9fici\u00e9 d&rsquo;une politique plus ouverte par le pass\u00e9.<\/p>\n\n\n\n<p><em>\u00ab\u00a0Je fais partie d&rsquo;une g\u00e9n\u00e9ration issue de l&rsquo;immigration qui s&rsquo;est assimil\u00e9e et qui, quand elle est arriv\u00e9e en France, a tout fait pour s&rsquo;int\u00e9grer\u00a0\u00bb<\/em>, a r\u00e9pliqu\u00e9 Jordan Bardella. Avant d&rsquo;\u00eatre interpell\u00e9 par Beno\u00eet Hamon, le candidat du Rassemblement national plaidait pour&nbsp;<em>\u00ab\u00a0dire \u00e0 ces populations &lsquo;ne venez pas chez nous parce que nous n&rsquo;avons plus rien \u00e0 vous offrir'\u00a0\u00bb.<\/em><\/p>\n\n\n\n<p>Beno\u00eet Hamon a par ailleurs accus\u00e9 Jordan Bardella de repr\u00e9senter&nbsp;<em>\u00ab\u00a0l&rsquo;ombre [de l&rsquo;extr\u00eame droite] qui s&rsquo;\u00e9tend partout en Europe et en France\u00a0\u00bb<\/em>, et d\u00e9nonc\u00e9&nbsp;<em>\u00ab\u00a0une forme d&rsquo;Anschluss des id\u00e9es d&rsquo;extr\u00eame droite sur la droite traditionnelle, voire certains qui se r\u00e9clamaient de la gauche\u00a0\u00bb<\/em>, en r\u00e9f\u00e9rence \u00e0 l&rsquo;invasion de l&rsquo;Autriche par l&rsquo;Allemagne nazie en 1938.A LIRE AUSSI\n\n<\/p>\n","protected":false},"excerpt":{"rendered":"<p>Les \u00e9changes entre t\u00eates de liste pour les\u00a0\u00e9lections europ\u00e9ennes, sur le sujet de l&rsquo;immigration, ont pris un tour plus personnel, jeudi 23 mai, lors d&rsquo;un d\u00e9bat entre candidats\u00a0sur BFMTV. Lors d&rsquo;un vif \u00e9change avec le candidat du Rassemblement national Jordan Bardella, qui plaidait la\u00a0\u00ab\u00a0fermet\u00e9\u00a0\u00bb\u00a0pour r\u00e9duire le nombre d&rsquo;arrivants en France, Beno\u00eet Hamon a fait allusion [&hellip;]<\/p>\n","protected":false},"author":2,"featured_media":12359,"comment_status":"open","ping_status":"open","sticky":false,"template":"","format":"standard","meta":{"_jetpack_memberships_contains_paid_content":false,"footnotes":"","jetpack_publicize_message":"","jetpack_publicize_feature_enabled":true,"jetpack_social_post_already_shared":true,"jetpack_social_options":{"image_generator_settings":{"template":"highway","default_image_id":0,"font":"","enabled":false},"version":2},"_wpas_customize_per_network":false},"categories":[405],"tags":[],"class_list":["post-12358","post","type-post","status-publish","format-standard","has-post-thumbnail","hentry","category-actu-france-monde"],"jetpack_publicize_connections":[],"jetpack_featured_media_url":"https:\/\/i0.wp.com\/www.iceagetv.com\/radiosite\/wp-content\/uploads\/2019\/05\/Europ%C3%A9ennes.jpg?fit=1197%2C450&ssl=1","jetpack_sharing_enabled":true,"_links":{"self":[{"href":"https:\/\/www.iceagetv.com\/radiosite\/wp-json\/wp\/v2\/posts\/12358","targetHints":{"allow":["GET"]}}],"collection":[{"href":"https:\/\/www.iceagetv.com\/radiosite\/wp-json\/wp\/v2\/posts"}],"about":[{"href":"https:\/\/www.iceagetv.com\/radiosite\/wp-json\/wp\/v2\/types\/post"}],"author":[{"embeddable":true,"href":"https:\/\/www.iceagetv.com\/radiosite\/wp-json\/wp\/v2\/users\/2"}],"replies":[{"embeddable":true,"href":"https:\/\/www.iceagetv.com\/radiosite\/wp-json\/wp\/v2\/comments?post=12358"}],"version-history":[{"count":1,"href":"https:\/\/www.iceagetv.com\/radiosite\/wp-json\/wp\/v2\/posts\/12358\/revisions"}],"predecessor-version":[{"id":12360,"href":"https:\/\/www.iceagetv.com\/radiosite\/wp-json\/wp\/v2\/posts\/12358\/revisions\/12360"}],"wp:featuredmedia":[{"embeddable":true,"href":"https:\/\/www.iceagetv.com\/radiosite\/wp-json\/wp\/v2\/media\/12359"}],"wp:attachment":[{"href":"https:\/\/www.iceagetv.com\/radiosite\/wp-json\/wp\/v2\/media?parent=12358"}],"wp:term":[{"taxonomy":"category","embeddable":true,"href":"https:\/\/www.iceagetv.com\/radiosite\/wp-json\/wp\/v2\/categories?post=12358"},{"taxonomy":"post_tag","embeddable":true,"href":"https:\/\/www.iceagetv.com\/radiosite\/wp-json\/wp\/v2\/tags?post=12358"}],"curies":[{"name":"wp","href":"https:\/\/api.w.org\/{rel}","templated":true}]}}