{"id":12389,"date":"2019-05-28T15:39:26","date_gmt":"2019-05-28T15:39:26","guid":{"rendered":"http:\/\/www.iceagetv.com\/radiosite\/?p=12389"},"modified":"2019-05-28T15:39:32","modified_gmt":"2019-05-28T15:39:32","slug":"attentat-de-lyon-le-parquet-de-paris-recadre-christophe-castaner-et-gerard-collomb","status":"publish","type":"post","link":"https:\/\/www.iceagetv.com\/radiosite\/attentat-de-lyon-le-parquet-de-paris-recadre-christophe-castaner-et-gerard-collomb\/","title":{"rendered":"Attentat de Lyon : le parquet de Paris recadre Christophe Castaner et G\u00e9rard Collomb"},"content":{"rendered":"\n<p>Le communiqu\u00e9 de presse est avant tout un art de l\u2019euph\u00e9misme. Celui envoy\u00e9 mercredi 28&nbsp;mai par le parquet de Paris est un mod\u00e8le du genre&nbsp;:<\/p>\n\n\n\n<p>\u00ab&nbsp;Le procureur de la R\u00e9publique rappelle que l\u2019enqu\u00eate ouverte \u00e0 la suite des faits commis \u00e0 Lyon vendredi soir est couverte par le secret et (\u2026) qu\u2019il est le seul \u00e0 pouvoir rendre publics des \u00e9l\u00e9ments objectifs tir\u00e9s de la proc\u00e9dure.&nbsp;\u00bb<\/p>\n\n\n\n<p>Le ton placide de ce rappel \u00e0 la loi masque, en r\u00e9alit\u00e9, la vive col\u00e8re de R\u00e9my Heitz, le magistrat charg\u00e9 de l\u2019enqu\u00eate sur\u00a0<a href=\"https:\/\/www.lemonde.fr\/societe\/article\/2019\/05\/27\/explosion-a-lyon-un-suspect-a-ete-interpelle_5468041_3224.html\">l\u2019explosion d\u2019un colis pi\u00e9g\u00e9<\/a>, qui a bless\u00e9 l\u00e9g\u00e8rement treize personnes vendredi 24\u00a0mai. Selon les informations du\u00a0<em>Monde<\/em>, l\u2019ire du procureur vise directement le ministre de l\u2019int\u00e9rieur en place, Christophe Castaner, et son pr\u00e9d\u00e9cesseur, G\u00e9rard Collomb, d\u00e9sormais maire de Lyon, qui ont tous deux pris l\u2019initiative de communiquer sur le d\u00e9roulement des investigations. Une fa\u00e7on de s\u2019arroger les m\u00e9rites des diff\u00e9rentes interpellations qui a fortement agac\u00e9 policiers et magistrats.<br>La course \u00e0 la communication a d\u00e9but\u00e9 d\u00e8s lundi matin,\u00a0<a href=\"https:\/\/twitter.com\/CCastaner\/status\/1132922498075566080\">avec un tweet de Christophe Castaner publi\u00e9 \u00e0 10\u00a0h\u00a012<\/a>, annon\u00e7ant l\u2019interpellation sur la voie publique du principal suspect de cet attentat. Une pr\u00e9cipitation mal venue selon des sources polici\u00e8res\u00a0: les enqu\u00eateurs sur place n\u2019ont alors pas encore perquisitionn\u00e9 le domicile du jeune homme de 24\u00a0ans et craignent que la diffusion de cette nouvelle mette en alerte d\u2019\u00e9ventuels complices rest\u00e9s sur place.<\/p>\n","protected":false},"excerpt":{"rendered":"<p>Le communiqu\u00e9 de presse est avant tout un art de l\u2019euph\u00e9misme. Celui envoy\u00e9 mercredi 28&nbsp;mai par le parquet de Paris est un mod\u00e8le du genre&nbsp;: \u00ab&nbsp;Le procureur de la R\u00e9publique rappelle que l\u2019enqu\u00eate ouverte \u00e0 la suite des faits commis \u00e0 Lyon vendredi soir est couverte par le secret et (\u2026) qu\u2019il est le seul [&hellip;]<\/p>\n","protected":false},"author":2,"featured_media":12390,"comment_status":"open","ping_status":"open","sticky":false,"template":"","format":"standard","meta":{"_jetpack_memberships_contains_paid_content":false,"footnotes":"","jetpack_publicize_message":"","jetpack_publicize_feature_enabled":true,"jetpack_social_post_already_shared":true,"jetpack_social_options":{"image_generator_settings":{"template":"highway","default_image_id":0,"font":"","enabled":false},"version":2},"_wpas_customize_per_network":false},"categories":[405],"tags":[],"class_list":["post-12389","post","type-post","status-publish","format-standard","has-post-thumbnail","hentry","category-actu-france-monde"],"jetpack_publicize_connections":[],"jetpack_featured_media_url":"https:\/\/i0.wp.com\/www.iceagetv.com\/radiosite\/wp-content\/uploads\/2019\/05\/Attentat-de-Lyon.jpeg?fit=630%2C418&ssl=1","jetpack_sharing_enabled":true,"_links":{"self":[{"href":"https:\/\/www.iceagetv.com\/radiosite\/wp-json\/wp\/v2\/posts\/12389","targetHints":{"allow":["GET"]}}],"collection":[{"href":"https:\/\/www.iceagetv.com\/radiosite\/wp-json\/wp\/v2\/posts"}],"about":[{"href":"https:\/\/www.iceagetv.com\/radiosite\/wp-json\/wp\/v2\/types\/post"}],"author":[{"embeddable":true,"href":"https:\/\/www.iceagetv.com\/radiosite\/wp-json\/wp\/v2\/users\/2"}],"replies":[{"embeddable":true,"href":"https:\/\/www.iceagetv.com\/radiosite\/wp-json\/wp\/v2\/comments?post=12389"}],"version-history":[{"count":1,"href":"https:\/\/www.iceagetv.com\/radiosite\/wp-json\/wp\/v2\/posts\/12389\/revisions"}],"predecessor-version":[{"id":12391,"href":"https:\/\/www.iceagetv.com\/radiosite\/wp-json\/wp\/v2\/posts\/12389\/revisions\/12391"}],"wp:featuredmedia":[{"embeddable":true,"href":"https:\/\/www.iceagetv.com\/radiosite\/wp-json\/wp\/v2\/media\/12390"}],"wp:attachment":[{"href":"https:\/\/www.iceagetv.com\/radiosite\/wp-json\/wp\/v2\/media?parent=12389"}],"wp:term":[{"taxonomy":"category","embeddable":true,"href":"https:\/\/www.iceagetv.com\/radiosite\/wp-json\/wp\/v2\/categories?post=12389"},{"taxonomy":"post_tag","embeddable":true,"href":"https:\/\/www.iceagetv.com\/radiosite\/wp-json\/wp\/v2\/tags?post=12389"}],"curies":[{"name":"wp","href":"https:\/\/api.w.org\/{rel}","templated":true}]}}