{"id":12428,"date":"2019-06-02T18:57:02","date_gmt":"2019-06-02T18:57:02","guid":{"rendered":"http:\/\/www.iceagetv.com\/radiosite\/?p=12428"},"modified":"2019-06-02T18:57:04","modified_gmt":"2019-06-02T18:57:04","slug":"laurent-wauquiez-demissionne-de-la-presidence-des-republicains","status":"publish","type":"post","link":"https:\/\/www.iceagetv.com\/radiosite\/laurent-wauquiez-demissionne-de-la-presidence-des-republicains\/","title":{"rendered":"Laurent Wauquiez d\u00e9missionne de la pr\u00e9sidence des R\u00e9publicains"},"content":{"rendered":"\n<p>Une semaine apr\u00e8s la d\u00e9route historique de la droite aux europ\u00e9ennes, de nombreux \u00e9lus en avaient appel\u00e9 \u00e0 un changement de direction. Le patron de Vaugirard a acc\u00e9d\u00e9 \u00e0 leur demande ce dimanche soir au 20H de TF1.<\/p>\n\n\n\n<p>La pression \u00e9tait devenue intenable. Une semaine jour pour jour apr\u00e8s la d\u00e9route historique des R\u00e9publicains aux \u00e9lections europ\u00e9ennes (8,48%), Laurent Wauquiez a annonc\u00e9 dimanche soir qu\u2019il quittait la pr\u00e9sidence du parti. \u00abAu fond, pour le dire assez simplement: les victoires sont collectives, et les \u00e9checs sont solitaires. C\u2019est comme \u00e7a. Il faut que je prenne mes responsabilit\u00e9s\u00bb, a-t-il expliqu\u00e9 sur le plateau du 20H de\u00a0<a rel=\"noreferrer noopener\" href=\"https:\/\/www.lci.fr\/elections\/en-direct-apres-le-crash-electoral-de-lr-laurent-wauquiez-invite-du-20h-de-tf1-2117221.html\" target=\"_blank\">TF1<\/a>, avant d\u2019officialiser une \u00abd\u00e9cision m\u00fbrement r\u00e9fl\u00e9chie\u00bb et \u00abindispensable\u00bb selon lui. \u00abJ\u2019ai d\u00e9cid\u00e9 de prendre du recul et (&#8230;) je me retire de ma fonction de pr\u00e9sident des R\u00e9publicains\u00bb, a-t-il tranch\u00e9.<br>Assurant qu\u2019il ne ressentait pas \u00abla moindre amertume\u00bb ni \u00abla moindre aigreur\u00bb, le d\u00e9missionnaire a souhait\u00e9 \u00e9viter le \u00abrisque d\u2019une guerre des chefs\u00bb qui se profile selon lui \u00e0 droite. \u00abJe ne veux pas \u00eatre un obstacle, \u00e0 aucun prix. (&#8230;) Je veux que la droite se reconstruise\u00bb, a-t-il poursuivi, avant de confier s\u2019\u00eatre \u00abremis en question\u00bb et s\u2019\u00eatre interrog\u00e9 sur \u00abl\u2019\u00e9cart entre ce (qu\u2019il) est et l\u2019image qui est donn\u00e9e\u00bb de sa personne. \u00abSans doute, parfois, je suis trop dur. (&#8230;) Au fond de moi, \u00e7a n\u2019est pas de la duret\u00e9 mais de la d\u00e9termination\u00bb, a-t-il martel\u00e9. Avant de glisser qu\u2019il allait d\u00e9sormais se consacrer \u00e0 son mandat de pr\u00e9sident de la r\u00e9gion Auvergne-Rh\u00f4ne-Alpes, ce qui allait \u00absans doute\u00bb lui faire \u00abdu bien\u00bb, tant il a \u00e9t\u00e9 \u00abbless\u00e9\u00bb par l\u2019\u00ab\u00e9preuve\u00bb qu\u2019il vient de \u00abtraverser\u00bb.<\/p>\n\n\n\n<p>Face aux&nbsp;<a href=\"http:\/\/www.lefigaro.fr\/politique\/le-scan\/macron-et-le-pen-incarnent-mieux-la-droite-que-wauquiez-selon-un-sondage-20190602\">sondages marquant une image de plus en plus contest\u00e9e aupr\u00e8s des Fran\u00e7ais<\/a>&nbsp;&#8211; contrairement \u00e0 celle de Fran\u00e7ois-Xavier Bellamy ; aux critiques r\u00e9p\u00e9t\u00e9es en Bureau politique et en r\u00e9union de groupe sur sa ligne strat\u00e9gique ; \u00e0 l\u2019\u00e9chec de sa proposition de lancer des \u00ab\u00e9tats g\u00e9n\u00e9raux de la refondation\u00bb ; et aux appels de la majorit\u00e9 pr\u00e9sidentielle aux \u00e9lus LR pour qu\u2019ils quittent le parti, le patron de Vaugirard a pr\u00e9f\u00e9r\u00e9 jeter l\u2019\u00e9ponge pour se consacrer \u00e0 la r\u00e9gion Auvergne-Rh\u00f4ne-Alpes. En famille ce week-end, il a toutefois tent\u00e9 d\u2019\u00e9changer avec plusieurs t\u00e9nors de LR au t\u00e9l\u00e9phone, sans parvenir \u00e0 trouver d\u2019autre solution que sa d\u00e9mission pour faciliter la reconstruction du parti. \u00ab\u00c0 mon avis, Les R\u00e9publicains sont morts. On devra recr\u00e9er autre chose\u00bb, persiste \u00e0 penser un \u00e9lu, membre de la direction. En attendant, selon les statuts de LR, c\u2019est au vice-pr\u00e9sident d\u00e9l\u00e9gu\u00e9 Jean Leonetti d\u2019assurer l\u2019int\u00e9rim, le temps que la Haute Autorit\u00e9 organise une nouvelle \u00e9lection.<\/p>\n\n\n\n<h2 class=\"wp-block-heading\">En 1999, Sarkozy avait quitt\u00e9 la pr\u00e9sidence du RPR apr\u00e8s l\u2019\u00e9chec aux europ\u00e9ennes<\/h2>\n\n\n\n<p>Ce mardi,&nbsp;<a href=\"http:\/\/www.lefigaro.fr\/politique\/le-scan\/larcher-prend-la-tete-d-un-rassemblement-de-la-droite-et-du-centre-au-dela-des-republicains-20190528\">le pr\u00e9sident du S\u00e9nat a par ailleurs pr\u00e9vu de lancer un \u00abtravail de reconstruction collective\u00bb<\/a>&nbsp;autour des pr\u00e9sidents de r\u00e9gion &#8211; \u00e0 l\u2019exception de Xavier Bertrand (Hauts-de-France), qui n\u2019a pas l\u2019intention de s\u2019y rendre -, ainsi que des pr\u00e9sidents d\u2019associations d\u2019\u00e9lus et des pr\u00e9sidents de groupe de la droite et du centre. \u00abIl faut bien trouver une solution! \u00c7a prend l\u2019eau de toute part\u00bb, s\u2019inqui\u00e9tait un \u00e9lu en fin de semaine derni\u00e8re, alors que les municipales de 2020 approchent \u00e0 grands pas. \u00abLaurent Wauquiez c\u2019est Fran\u00e7ois Fillon en pire\u00bb se r\u00e9jouissait d\u2019ailleurs un ex-LR ralli\u00e9 \u00e0 LREM, convaincu de pouvoir b\u00e9n\u00e9ficier \u00abde l\u2019effet repoussoir\u00bb du pr\u00e9sident de LR pour attirer de nombreux \u00e9lus de droite dans le camp pro-Macron.<\/p>\n\n\n\n<p>Pour \u00e9viter ce sc\u00e9nario,\u00a0<a href=\"http:\/\/www.lefigaro.fr\/elections\/europeennes\/europeennes-2019-valerie-pecresse-demissionnerait-a-la-place-de-laurent-wauquiez-20190527\">Val\u00e9rie P\u00e9cresse avait \u00e9t\u00e9 la premi\u00e8re \u00e0 \u00e9voquer publiquement l\u2019\u00e9ventuel d\u00e9part de Laurent Wauquiez<\/a>, d\u00e8s lundi dernier. \u00abSi j\u2019\u00e9tais \u00e0 sa place, et vu la situation, sans doute que je d\u00e9missionnerais\u00bb, avait assur\u00e9 la pr\u00e9sidente LR de la r\u00e9gion \u00cele-de-France sur RTL. Avant de rappeler que Nicolas Sarkozy, en 1999, avait \u00abpris tr\u00e8s courageusement et avec beaucoup de panache la d\u00e9cision de d\u00e9missionner\u00bb de la pr\u00e9sidence du RPR, apr\u00e8s avoir obtenu 12,9% des suffrages. \u00abJ\u2019esp\u00e8re qu\u2019\u00e0 sa place j\u2019aurais d\u00e9missionn\u00e9\u00bb, avait abond\u00e9, quelques heures plus tard, le patron de la droite s\u00e9natoriale, Bruno Retailleau. Si G\u00e9rard Larcher n\u2019avait quant \u00e0 lui \u00abappel\u00e9 \u00e0 la d\u00e9mission de personne\u00bb, le pr\u00e9sident du S\u00e9nat avait toutefois soulign\u00e9 que Laurent Wauquiez faisait face \u00e0 un \u00absacr\u00e9 d\u00e9fi\u00bb qui exige de se \u00abremettre tr\u00e8s profond\u00e9ment en question\u00bb. \u00abLa logique gaulliste voudrait qu\u2019il d\u00e9missionne mais s\u2019il ne le fait pas, les statuts le prot\u00e8gent\u00bb, avait ajout\u00e9 le deuxi\u00e8me personnage de l\u2019\u00c9tat.<\/p>\n\n\n\n<h2 class=\"wp-block-heading\">Le mandat de Wauquiez aura dur\u00e9 moins d\u2019un an et demi<\/h2>\n\n\n\n<p>Ce dimanche encore, dans une interview au&nbsp;<em><a href=\"https:\/\/www.lejdd.fr\/Politique\/eric-woerth-sur-la-crise-a-lr-chacun-doit-prendre-ses-responsabilites-laurent-wauquiez-le-premier-3902176\" target=\"_blank\" rel=\"noreferrer noopener\">JDD<\/a>&nbsp;<\/em>, le pr\u00e9sident de la Commission des finances de l\u2019Assembl\u00e9e, \u00c9ric Woerth, avait appel\u00e9 Laurent Wauquiez \u00e0 \u00abprendre ses responsabilit\u00e9s\u00bb. \u00abCe n\u2019est pas en mettant la poussi\u00e8re sous le tapis, en ayant peur des d\u00e9bats que nous nous en sortirons. Oui, il faut le dire. Il y a aussi un d\u00e9bat sur le&nbsp;<em>leadership<\/em>. Oui, il y a un rejet des R\u00e9publicains aujourd\u2019hui. Il faut affronter ce sujet de fa\u00e7on claire, sereine et responsable\u00bb, appuyait l\u2019ex-ministre du Budget.<\/p>\n\n\n\n<p>Toutes ces d\u00e9clarations se sont accompagn\u00e9es du d\u00e9part de quelques \u00e9lus ainsi que de&nbsp;<a href=\"http:\/\/www.lefigaro.fr\/politique\/le-scan\/des-deputes-lr-reflechissent-a-creer-un-groupe-dissident-a-l-assemblee-20190531\">menaces de scission au sein du groupe LR \u00e0 l\u2019Assembl\u00e9e<\/a>. Au point de faire redouter \u00e0 nombre d\u2019\u00e9lus que le parti devienne \u00abde plus en plus r\u00e9tr\u00e9ci\u00bb. \u00abIl n\u2019y a plus de droite\u00bb, jugeait m\u00eame Nicolas Sarkozy dimanche soir dernier, en d\u00e9couvrant les r\u00e9sultats des europ\u00e9ennes en petit comit\u00e9. Si rien dans les statuts de LR ne pouvait contraindre Laurent Wauquiez \u00e0 quitter son poste, c\u2019est donc cette pression des parlementaires et des maires qui l\u2019aura emport\u00e9&#8230; Un an et demi seulement apr\u00e8s son \u00e9lection \u00e0 la t\u00eate du parti.<\/p>\n","protected":false},"excerpt":{"rendered":"<p>Une semaine apr\u00e8s la d\u00e9route historique de la droite aux europ\u00e9ennes, de nombreux \u00e9lus en avaient appel\u00e9 \u00e0 un changement de direction. Le patron de Vaugirard a acc\u00e9d\u00e9 \u00e0 leur demande ce dimanche soir au 20H de TF1. La pression \u00e9tait devenue intenable. Une semaine jour pour jour apr\u00e8s la d\u00e9route historique des R\u00e9publicains aux [&hellip;]<\/p>\n","protected":false},"author":2,"featured_media":12429,"comment_status":"open","ping_status":"open","sticky":false,"template":"","format":"standard","meta":{"_jetpack_memberships_contains_paid_content":false,"footnotes":"","jetpack_publicize_message":"","jetpack_publicize_feature_enabled":true,"jetpack_social_post_already_shared":true,"jetpack_social_options":{"image_generator_settings":{"template":"highway","default_image_id":0,"font":"","enabled":false},"version":2},"_wpas_customize_per_network":false},"categories":[18],"tags":[],"class_list":["post-12428","post","type-post","status-publish","format-standard","has-post-thumbnail","hentry","category-actu-sport"],"jetpack_publicize_connections":[],"jetpack_featured_media_url":"https:\/\/i0.wp.com\/www.iceagetv.com\/radiosite\/wp-content\/uploads\/2019\/06\/Laurent-Wauquiez.jpg?fit=680%2C382&ssl=1","jetpack_sharing_enabled":true,"_links":{"self":[{"href":"https:\/\/www.iceagetv.com\/radiosite\/wp-json\/wp\/v2\/posts\/12428","targetHints":{"allow":["GET"]}}],"collection":[{"href":"https:\/\/www.iceagetv.com\/radiosite\/wp-json\/wp\/v2\/posts"}],"about":[{"href":"https:\/\/www.iceagetv.com\/radiosite\/wp-json\/wp\/v2\/types\/post"}],"author":[{"embeddable":true,"href":"https:\/\/www.iceagetv.com\/radiosite\/wp-json\/wp\/v2\/users\/2"}],"replies":[{"embeddable":true,"href":"https:\/\/www.iceagetv.com\/radiosite\/wp-json\/wp\/v2\/comments?post=12428"}],"version-history":[{"count":1,"href":"https:\/\/www.iceagetv.com\/radiosite\/wp-json\/wp\/v2\/posts\/12428\/revisions"}],"predecessor-version":[{"id":12430,"href":"https:\/\/www.iceagetv.com\/radiosite\/wp-json\/wp\/v2\/posts\/12428\/revisions\/12430"}],"wp:featuredmedia":[{"embeddable":true,"href":"https:\/\/www.iceagetv.com\/radiosite\/wp-json\/wp\/v2\/media\/12429"}],"wp:attachment":[{"href":"https:\/\/www.iceagetv.com\/radiosite\/wp-json\/wp\/v2\/media?parent=12428"}],"wp:term":[{"taxonomy":"category","embeddable":true,"href":"https:\/\/www.iceagetv.com\/radiosite\/wp-json\/wp\/v2\/categories?post=12428"},{"taxonomy":"post_tag","embeddable":true,"href":"https:\/\/www.iceagetv.com\/radiosite\/wp-json\/wp\/v2\/tags?post=12428"}],"curies":[{"name":"wp","href":"https:\/\/api.w.org\/{rel}","templated":true}]}}