{"id":12431,"date":"2019-06-03T19:21:42","date_gmt":"2019-06-03T19:21:42","guid":{"rendered":"http:\/\/www.iceagetv.com\/radiosite\/?p=12431"},"modified":"2019-06-03T19:21:48","modified_gmt":"2019-06-03T19:21:48","slug":"demission-de-laurent-wauquiez-qui-pour-lui-succeder-a-la-tete-des-republicains","status":"publish","type":"post","link":"https:\/\/www.iceagetv.com\/radiosite\/demission-de-laurent-wauquiez-qui-pour-lui-succeder-a-la-tete-des-republicains\/","title":{"rendered":"D\u00e9mission de Laurent Wauquiez: Qui pour lui succ\u00e9der \u00e0 la t\u00eate des R\u00e9publicains?"},"content":{"rendered":"\n<ul class=\"wp-block-list\"><li>Laurent Wauquiez d\u00e9missionne de la pr\u00e9sidence des R\u00e9publicains, qu\u2019il assurait depuis d\u00e9cembre&nbsp;2017 apr\u00e8s avoir \u00e9t\u00e9 \u00e9lu par les adh\u00e9rents LR.<\/li><li>Son annonce, dimanche, a \u00e9t\u00e9 salu\u00e9e par l\u2019ensemble des R\u00e9publicains, soulag\u00e9s du d\u00e9part du pr\u00e9sident de la r\u00e9gion Auvergne-Rh\u00f4ne-Alpes, apr\u00e8s la d\u00e9b\u00e2cle des europ\u00e9ennes le 26&nbsp;mai.<\/li><li>Le parti compte plusieurs&nbsp;potentiels candidats \u00e0 la pr\u00e9sidence, mais la&nbsp;succession s\u2019annonce d\u00e9j\u00e0 d\u00e9licate.<\/li><\/ul>\n\n\n\n<p>Pour une fois, il a fait l\u2019unanimit\u00e9. Pouss\u00e9 vers la sortie, accus\u00e9\u00a0<a rel=\"noreferrer noopener\" href=\"https:\/\/www.nouvelobs.com\/elections-europeennes\/20190527.OBS13517\/valerie-pecresse-pousse-laurent-wauquiez-vers-la-sortie.html\" target=\"_blank\">d&rsquo;avoir \u00abr\u00e9tr\u00e9ci\u00bb la ligne politique<\/a>\u00a0des\u00a0<a href=\"https:\/\/www.20minutes.fr\/politique\/republicains\/\">R\u00e9publicains<\/a>\u00a0et men\u00e9 le parti \u00e0 sa perte aux europ\u00e9ennes,\u00a0<a href=\"https:\/\/www.20minutes.fr\/dossier\/laurent_wauquiez\">Laurent Wauquiez<\/a>\u00a0a\u00a0<a href=\"https:\/\/www.20minutes.fr\/politique\/2531387-20190602-laurent-wauquiez-demissionne-presidence-republicains\">annonc\u00e9 sa d\u00e9mission<\/a>\u00a0dimanche. Sa d\u00e9cision\u00a0a \u00e9t\u00e9 salu\u00e9e par l\u2019ensemble des membres de son parti. Mais l\u2019apr\u00e8s Wauquiez comporte plus de questions que de r\u00e9ponses. A moins d\u2019un an des \u00e9lections municipales, une p\u00e9riode d\u2019incertitude\u00a0s\u2019ouvre pour la droite, \u00e0 commencer par la question de la future pr\u00e9sidence du parti.<\/p>\n\n\n\n<h2 class=\"wp-block-heading\">G\u00e9rard Larcher, l\u2019atout de l\u2019exp\u00e9rience locale<\/h2>\n\n\n\n<figure class=\"wp-block-image\"><img decoding=\"async\" src=\"https:\/\/img.20mn.fr\/CMaL5jY_SuOslXHEoxvtjg\/216x0\" alt=\"\"\/><\/figure>\n\n\n\n<p>Il y a d\u00e9j\u00e0 plusieurs noms qui circulent. A commencer par celui de\u00a0G\u00e9rard Larcher, 69 ans, qui est\u00a0<a href=\"https:\/\/www.20minutes.fr\/politique\/2528115-20190529-crise-chez-republicains-pourquoi-patron-senat-gerard-larcher-impose-comme-recours-droite\">pour certains l\u2019homme de la situation<\/a>. Le pr\u00e9sident du S\u00e9nat doit tenir mardi la premi\u00e8re r\u00e9union du \u00ab\u00a0chantier de reconstruction\u00a0\u00bb de la droite et du centre qu\u2019il a lanc\u00e9 d\u00e8s le 27\u00a0mai. \u00ab\u00a0Il a deux avantages, son exp\u00e9rience territoriale, pour \u00e9viter l\u2019h\u00e9morragie d\u2019\u00e9lus, et sa fibre sociale\u00a0\u00bb, note Damien Abad, vice-pr\u00e9sident du parti. Mais \u00ab\u00a0il est pr\u00e9sident du S\u00e9nat, je ne suis pas s\u00fbr qu\u2019il ait envie de pr\u00e9sider\u00a0LR\u00a0\u00bb, estime Daniel Fasquelle, d\u00e9put\u00e9 du Pas-<\/p>\n\n\n\n<h2 class=\"wp-block-heading\">Val\u00e9rie P\u00e9cresse pour \u00ab&nbsp;\u00e9largir la droite&nbsp;\u00bb<\/h2>\n\n\n\n<figure class=\"wp-block-image\"><img decoding=\"async\" src=\"https:\/\/img.20mn.fr\/gcfPZs0GRyeFfoyYvBzNFg\/216x0\" alt=\"\"\/><\/figure>\n\n\n\n<p>Val\u00e9rie P\u00e9cresse pourrait-elle succ\u00e9der \u00e0 Laurent Wauquiez\u00a0?\u00a0La pr\u00e9sidente de la r\u00e9gion Ile-de-France\u00a0<a href=\"https:\/\/www.20minutes.fr\/politique\/2101655-20170709-valerie-pecresse-renonce-briguer-presidence-lr-lance-mouvement-sein-parti\">avait renonc\u00e9 \u00e0 briguer la t\u00eate du parti en d\u00e9cembre\u00a02017,<\/a>pr\u00e9f\u00e9rant lancer son mouvement, Libres\u00a0!. Elle a les faveurs de Philippe Gosselin. \u00ab\u00a0C\u2019est quelqu\u2019un de dynamique, qui a de l\u2019exp\u00e9rience, elle a \u00e9t\u00e9 ministre, et puis elle a un regard un peu diff\u00e9rent sur la politique. Elle a la capacit\u00e9 de rassembler\u00a0\u00bb, estime le d\u00e9put\u00e9 de la Manche. D\u00e8s le 27\u00a0mai, elle a formul\u00e9 une sorte de profession de foi\u00a0<a rel=\"noreferrer noopener\" href=\"https:\/\/www.francetvinfo.fr\/politique\/les-republicains\/laurent-wauquiez\/valerie-pecresse-lr-gerard-larcher-peut-tous-nous-rassembler_3464023.html\" target=\"_blank\">sur France 2<\/a>, pr\u00f4nant \u00ab\u00a0l\u2019\u00e9largissement de la droite\u00a0\u00bb\u00a0:\u00a0\u00ab\u00a0il faut s\u2019appuyer sur la droite conservatrice, mais il faut parler aux lib\u00e9raux, aux \u00e9colos, aux jeunes, aux urbains, aux femmes\u2026\u00a0\u00bb.<\/p>\n\n\n\n<h2 class=\"wp-block-heading\">Xavier Bertrand, de retour au bercail&nbsp;?<\/h2>\n\n\n\n<figure class=\"wp-block-image\"><img decoding=\"async\" src=\"https:\/\/img.20mn.fr\/9XuDApfKQvC17SA6ODIbHw\/216x0\" alt=\"\"\/><\/figure>\n\n\n\n<p>La piste Xavier Bertrand est \u00e9galement \u00e9voqu\u00e9e. Le pr\u00e9sident de la r\u00e9gion Hauts-de-France<a href=\"https:\/\/www.20minutes.fr\/politique\/2186047-20171211-victoire-laurent-wauquiez-reconnais-plus-famille-politique-xavier-bertrand-quitte-republicains\">&nbsp;a quitt\u00e9 LR d\u00e8s l\u2019\u00e9lection de Laurent Wauquiez<\/a>. Il b\u00e9n\u00e9ficie d\u2019une bonne cote de popularit\u00e9. Son retour au parti est souhait\u00e9, notamment par Daniel Fasquelle, Val\u00e9rie P\u00e9cresse&nbsp;<a href=\"https:\/\/www.rtl.fr\/actu\/politique\/presidentielle-2022-xavier-bertrand-crise-les-republicains-7797729304\" target=\"_blank\" rel=\"noreferrer noopener\">ou encore Guillaume Peltier<\/a>.<\/p>\n\n\n\n<p>\u00ab&nbsp;Qu\u2019il revienne dans sa famille politique, qu\u2019il apporte son exp\u00e9rience, pourquoi pas. Mais cela me semble difficile qu\u2019il dirige le parti, ce serait un signal compliqu\u00e9 pour tous ceux qui sont rest\u00e9s jusqu\u2019au bout chez LR, qui ont fait tourner la boutique depuis deux ans&nbsp;\u00bb, temp\u00e8re&nbsp;Philippe Gosselin. Xavier Bertrand rencontrera en tout cas G\u00e9rard Larcher en t\u00eate \u00e0 t\u00eate mercredi, selon RTL.<\/p>\n\n\n\n<h2 class=\"wp-block-heading\">Retailleau, Baroin, Peltier ou Didier\u2026<\/h2>\n\n\n\n<figure class=\"wp-block-image\"><img decoding=\"async\" src=\"https:\/\/img.20mn.fr\/ClTuRYjiS5SquSD8BMmnVw\/216x0\" alt=\"\"\/><\/figure>\n\n\n\n<p><a href=\"https:\/\/www.20minutes.fr\/dossier\/bruno_retailleau\">Bruno Retailleau&nbsp;<\/a>fait lui aussi partie des potentiels successeurs. Mais il ne fait pas l\u2019unanimit\u00e9 au lendemain d\u2019un score interpr\u00e9t\u00e9 comme un \u00e9chec de la strat\u00e9gie misant sur la ligne conservatrice du parti, \u00e0 laquelle il appartient. \u00ab&nbsp;Un profil \u00e0 la Retailleau, c\u2019est pire que tout&nbsp;\u00bb, souffle un cadre qui lui pr\u00e9f\u00e8re de loin&nbsp;<a href=\"https:\/\/www.20minutes.fr\/politique\/francois-baroin\/\">Fran\u00e7ois Baroin<\/a>. Le pr\u00e9sident de l\u2019association des maires de France a le profil pour \u00ab&nbsp;faire le lien entre les sensibilit\u00e9s et les g\u00e9n\u00e9rations, r\u00e9concilier les militants et les \u00e9lecteurs&nbsp;\u00bb.<\/p>\n\n\n\n<p>Guillaume Peltier, et Geoffroy Didier, respectivement premier vice-pr\u00e9sident du parti et ancien directeur de campagne de la liste LR, se sont eux positionn\u00e9s&nbsp;pour&nbsp;participer \u00e0 la reconstruction du mouvement. Mais ils agacent certains en interne. \u00ab&nbsp;Leurs r\u00e9centes saillies nous nuisent. Quand on a \u00e9t\u00e9 directeur de la campagne des europ\u00e9ennes, on ne se d\u00e9solidarise pas \u00e0 ce point de la t\u00eate de liste&nbsp;\u00bb, s\u2019exasp\u00e8re un cadre au sujet&nbsp;<a href=\"https:\/\/www.nouvelobs.com\/elections-europeennes\/20190531.OBS13752\/apres-la-defaite-aux-europeennes-le-retournement-de-veste-de-geoffroy-didier-sur-francois-xavier-bellamy.html\" target=\"_blank\" rel=\"noreferrer noopener\">des critiques virulentes \u00e9mises par Geoffroy Didier<\/a>&nbsp;au lendemain du scrutin, visant en creux Fran\u00e7ois-Xavier Bellamy et Laurent Wauquiez. \u00ab&nbsp;L\u2019avenir de la droite \u00e7a ne peut pas \u00eatre d\u2019\u00eatre contre l\u2019IVG,&nbsp;<a href=\"https:\/\/twitter.com\/franceinter\/status\/1132900539048648705\" target=\"_blank\" rel=\"noreferrer noopener\">avait-il tacl\u00e9<\/a>. Pour une partie de nos sympathisants, nous sommes devenus une droite \u00ab\u00a0peut-\u00eatre ben que oui, peut-\u00eatre ben que non\u00a0\u00bb. Les gens qui nous sont fid\u00e8les en ont ras le bol de ces girouettes&nbsp;\u00bb.<\/p>\n\n\n\n<h2 class=\"wp-block-heading\">La piste d\u2019une direction coll\u00e9giale<\/h2>\n\n\n\n<p>De nombreux LR craignent que la question de la succession de Laurent Wauquiez nuise au parti. \u00ab&nbsp;Ce qu\u2019il faut \u00e9viter absolument, c\u2019est la guerre des chefs&nbsp;\u00bb, a pr\u00e9venu le d\u00e9put\u00e9 de Paris Claude Goasguen&nbsp;<a href=\"https:\/\/twitter.com\/LaMatinaleLCI\/status\/1135430308378140673\" target=\"_blank\" rel=\"noreferrer noopener\">sur LCI<\/a>&nbsp;ce lundi. Puisqu\u2019aucune figure ne fait \u00e0 ce jour l\u2019unanimit\u00e9, certains plaident pour une direction coll\u00e9giale,&nbsp;<a href=\"https:\/\/www.rtl.fr\/actu\/politique\/eric-woerth-reclame-sur-rtl-une-veritable-collegialite-pour-reconstruire-lr-7797758776\" target=\"_blank\" rel=\"noreferrer noopener\">comme Eric Woerth<\/a>.<\/p>\n\n\n\n<p>\u00ab&nbsp;Pourquoi pas, mais on a d\u00e9j\u00e0 fait le triumvirat, rappelle Damien Abad. Plus qu\u2019une direction coll\u00e9giale, il faut un \u00e9tat d\u2019esprit collectif&nbsp;\u00bb. Pour Philippe Gosselin, \u00ab&nbsp;ce n\u2019est pas une solution tenable \u00e0 l\u2019avenir. En revanche, celui ou celle qui reprendra les r\u00eanes devra pratiquer l\u2019ouverture, avec un bureau o\u00f9 les diff\u00e9rentes sensibilit\u00e9s seront repr\u00e9sent\u00e9es&nbsp;\u00bb.<\/p>\n\n\n\n<p>Pour peser parmi les courants, une dizaine de jeunes \u00e9lus LR a lanc\u00e9 une offensive apr\u00e8s le 26&nbsp;mai, en appelant Laurent Wauquiez&nbsp;<a href=\"http:\/\/www.leparisien.fr\/politique\/de-jeunes-deputes-lr-lancent-un-ultimatum-a-laurent-wauquiez-29-05-2019-8082786.php\" target=\"_blank\" rel=\"noreferrer noopener\">\u00e0 mettre en place un \u00abcomit\u00e9 de renouvellement\u00bb<\/a>. \u00ab&nbsp;Il faut que la jeune g\u00e9n\u00e9ration ait toute sa place&nbsp;\u00bb, appuie Daniel Fasquelle.<\/p>\n\n\n\n<h2 class=\"wp-block-heading\">Un scrutin \u00e0 l\u2019automne&nbsp;?<\/h2>\n\n\n\n<p>Qui que ce soit, le ou la futur(e) pr\u00e9sident(e) s\u2019exposera \u00e0 des pressions internes en vue de la pr\u00e9sidentielle. Certains cadres veulent en effet que la future direction du parti renonce \u00e0 ses \u00e9ventuelles ambitions pour la pr\u00e9sidentielle de 2022.<\/p>\n\n\n\n<p>Les statuts pr\u00e9voient qu\u2019une nouvelle \u00e9lection soit organis\u00e9e dans un d\u00e9lai de 65 jours, donc \u00e0 la mi-ao\u00fbt, mais la majorit\u00e9 des cadres LR plaide&nbsp;pour un scrutin \u00e0 l\u2019automne. \u00ab&nbsp;\u00c7a n\u2019a pas de sens de faire voter les adh\u00e9rents fin juillet, d\u00e9but ao\u00fbt&nbsp;explique Philippe Gosselin. Mi-octobre, \u00e7a laisse le temps de rassembler, de pr\u00e9parer des \u00e9quipes et un projet&nbsp;\u00bb. Un temps utile car \u00e0 ce jour \u00ab&nbsp;il n\u2019y a pas de t\u00eate qui s\u2019impose&nbsp;\u00bb, constate-t-il.<\/p>\n\n\n\n<p>Rassembleur, charismatique mais pas trop ambitieux, connu mais capable d\u2019incarner le renouveau\u2026 \u00ab&nbsp;C\u2019est un peu le mouton \u00e0 cinq pattes&nbsp;\u00bb, conclut Philippe Gosselin. A tel point que certains nostalgiques&nbsp;<a href=\"https:\/\/www.20minutes.fr\/politique\/2391799-20181210-sarkozy-retour-ex-president-selon-proches\">r\u00eavent d\u2019un retour de Nicolas Sarkozy.<\/a><\/p>\n","protected":false},"excerpt":{"rendered":"<p>Laurent Wauquiez d\u00e9missionne de la pr\u00e9sidence des R\u00e9publicains, qu\u2019il assurait depuis d\u00e9cembre&nbsp;2017 apr\u00e8s avoir \u00e9t\u00e9 \u00e9lu par les adh\u00e9rents LR. Son annonce, dimanche, a \u00e9t\u00e9 salu\u00e9e par l\u2019ensemble des R\u00e9publicains, soulag\u00e9s du d\u00e9part du pr\u00e9sident de la r\u00e9gion Auvergne-Rh\u00f4ne-Alpes, apr\u00e8s la d\u00e9b\u00e2cle des europ\u00e9ennes le 26&nbsp;mai. Le parti compte plusieurs&nbsp;potentiels candidats \u00e0 la pr\u00e9sidence, mais [&hellip;]<\/p>\n","protected":false},"author":2,"featured_media":12432,"comment_status":"open","ping_status":"open","sticky":false,"template":"","format":"standard","meta":{"_jetpack_memberships_contains_paid_content":false,"footnotes":"","jetpack_publicize_message":"","jetpack_publicize_feature_enabled":true,"jetpack_social_post_already_shared":true,"jetpack_social_options":{"image_generator_settings":{"template":"highway","default_image_id":0,"font":"","enabled":false},"version":2},"_wpas_customize_per_network":false},"categories":[405],"tags":[],"class_list":["post-12431","post","type-post","status-publish","format-standard","has-post-thumbnail","hentry","category-actu-france-monde"],"jetpack_publicize_connections":[],"jetpack_featured_media_url":"https:\/\/i0.wp.com\/www.iceagetv.com\/radiosite\/wp-content\/uploads\/2019\/06\/D%C3%A9mission-de-Laurent-Wauquiez.jpg?fit=640%2C410&ssl=1","jetpack_sharing_enabled":true,"_links":{"self":[{"href":"https:\/\/www.iceagetv.com\/radiosite\/wp-json\/wp\/v2\/posts\/12431","targetHints":{"allow":["GET"]}}],"collection":[{"href":"https:\/\/www.iceagetv.com\/radiosite\/wp-json\/wp\/v2\/posts"}],"about":[{"href":"https:\/\/www.iceagetv.com\/radiosite\/wp-json\/wp\/v2\/types\/post"}],"author":[{"embeddable":true,"href":"https:\/\/www.iceagetv.com\/radiosite\/wp-json\/wp\/v2\/users\/2"}],"replies":[{"embeddable":true,"href":"https:\/\/www.iceagetv.com\/radiosite\/wp-json\/wp\/v2\/comments?post=12431"}],"version-history":[{"count":1,"href":"https:\/\/www.iceagetv.com\/radiosite\/wp-json\/wp\/v2\/posts\/12431\/revisions"}],"predecessor-version":[{"id":12433,"href":"https:\/\/www.iceagetv.com\/radiosite\/wp-json\/wp\/v2\/posts\/12431\/revisions\/12433"}],"wp:featuredmedia":[{"embeddable":true,"href":"https:\/\/www.iceagetv.com\/radiosite\/wp-json\/wp\/v2\/media\/12432"}],"wp:attachment":[{"href":"https:\/\/www.iceagetv.com\/radiosite\/wp-json\/wp\/v2\/media?parent=12431"}],"wp:term":[{"taxonomy":"category","embeddable":true,"href":"https:\/\/www.iceagetv.com\/radiosite\/wp-json\/wp\/v2\/categories?post=12431"},{"taxonomy":"post_tag","embeddable":true,"href":"https:\/\/www.iceagetv.com\/radiosite\/wp-json\/wp\/v2\/tags?post=12431"}],"curies":[{"name":"wp","href":"https:\/\/api.w.org\/{rel}","templated":true}]}}