{"id":12434,"date":"2019-06-03T19:24:04","date_gmt":"2019-06-03T19:24:04","guid":{"rendered":"http:\/\/www.iceagetv.com\/radiosite\/?p=12434"},"modified":"2019-06-03T19:24:09","modified_gmt":"2019-06-03T19:24:09","slug":"meteo-comment-peut-on-perdre-dix-degres-en-une-seule-nuit","status":"publish","type":"post","link":"https:\/\/www.iceagetv.com\/radiosite\/meteo-comment-peut-on-perdre-dix-degres-en-une-seule-nuit\/","title":{"rendered":"M\u00e9t\u00e9o: Comment peut-on perdre dix degr\u00e9s en une seule nuit?"},"content":{"rendered":"\n<p>Un dimanche sous le soleil, un lundi sous la grisaille\u2026 La m\u00e9t\u00e9o se montre capricieuse ces jours-ci sur une large partie de la France, et\u00a0Paris a perdu pr\u00e8s de 10\u00a0\u00b0C en 24\u00a0heures. Mais \u00ab\u00a0un tel contraste n\u2019a rien d\u2019anormal\u00a0\u00bb, temp\u00e8re Emmanuel Dema\u00ebl, pr\u00e9visionniste \u00e0 M\u00e9t\u00e9o France<\/p>\n\n\n\n<ul class=\"wp-block-list\"><li>Le mercure a atteint pour la premi\u00e8re fois de l\u2019ann\u00e9e les 30&nbsp;\u00b0C lors de ce week-end prolong\u00e9&nbsp;de l\u2019Ascension.<\/li><li>Mais ce lundi, une bonne partie de la France est sous la grisaille, avec des chutes de temp\u00e9ratures de 10&nbsp;\u00b0C enregistr\u00e9es dans certaines villes.<\/li><li>Il n\u2019y a rien d\u2019anormal&nbsp;pour Emmanuel Dema\u00ebl. L\u2019anticyclone qui s\u2019\u00e9tait install\u00e9 sur l\u2019Europe de l\u2019ouest la semaine derni\u00e8re, associ\u00e9 \u00e0 une masse d\u2019air chaude, est \u00e0 son tour chass\u00e9 par une masse d\u2019air plus froide, venue de l\u2019oc\u00e9an.<\/li><\/ul>\n\n\n\n<p>Il n\u2019y a de soleils \u00e9clatants que sur le quart sud-est de la France, ce lundi, sur la carte<a href=\"http:\/\/www.meteofrance.com\/previsions-meteo-france\/hauts-de-seine\/92\" target=\"_blank\" rel=\"noreferrer noopener\">M\u00e9t\u00e9o France&nbsp;<\/a>. Partout ailleurs, ils sont voil\u00e9s de nuages, quand ils n\u2019ont pas totalement disparu pour laisser la place \u00e0 la pluie, comme en r\u00e9gion Bourgogne. C\u00f4t\u00e9 temp\u00e9ratures, on atteint certes les 29&nbsp;\u00b0C en Rh\u00f4ne-Alpes et les 30&nbsp;\u00b0C dans les C\u00e9vennes, mais ailleurs, elles avoisinent les&nbsp;23&nbsp;\u00b0C, et tombent m\u00eame \u00e0 17&nbsp;\u00b0C \u00e0 la pointe de la Bretagne ou dans le Cotentin.<\/p>\n\n\n\n<p>Le contraste est saisissant avec la m\u00e9t\u00e9o du week-end, o\u00f9 un soleil \u00e9clatant et\u00a0<a rel=\"noreferrer noopener\" href=\"http:\/\/www.meteofrance.fr\/actualites\/73007790-meteo-les-premiers-30-c-de-l-annee-attendus-ce-week-end\" target=\"_blank\">des\u00a0temp\u00e9ratures \u00e0 30\u00b0C et plus enregistr\u00e9es\u00a0pour la premi\u00e8re fois de l\u2019ann\u00e9e<\/a>\u00a0ont marqu\u00e9 de belle mani\u00e8re l\u2019arriv\u00e9e de l\u2019\u00e9t\u00e9 m\u00e9t\u00e9orologique le 1er\u00a0juin.<\/p>\n\n\n\n<p>Comment expliquer un tel \u00e9cart&nbsp;?&nbsp;Emmanuel Dema\u00ebl, pr\u00e9visionniste \u00e0 M\u00e9t\u00e9o France, r\u00e9pond \u00e0&nbsp;<em>20 Minutes.<\/em><\/p>\n\n\n\n<h2 class=\"wp-block-heading\">De tels \u00e9carts de temp\u00e9ratures d\u2019un jour \u00e0 l\u2019autre sont-ils in\u00e9dits&nbsp;?<\/h2>\n\n\n\n<p>Il est vrai que le contraste est important. Nous avons v\u00e9cu dimanche&nbsp;une journ\u00e9e assez remarquablement chaude, surtout sur un axe allant du Massif Central aux fronti\u00e8res du nord de la France. Autrement dit, de Clermont-Ferrand \u00e0 Lille. Des temp\u00e9ratures de 32 voire 34&nbsp;\u00b0C ont \u00e9t\u00e9 enregistr\u00e9es. Dans plusieurs stations m\u00e9t\u00e9orologiques, il n\u2019avait jamais fait aussi chaud aussi t\u00f4t dans l\u2019ann\u00e9e. Depuis, donc, les temp\u00e9ratures ont chut\u00e9. D\u00e8s dimanche, une d\u00e9gradation est survenue par l\u2019Ouest avec une vaste perturbation allant de la Galice (nord de l\u2019Espagne) au Royaume-Uni, en passant par la pointe de la Bretagne. Les baisses de temp\u00e9rature les plus nettes sont observ\u00e9es sur ce m\u00eame axe Massif Central-fronti\u00e8res du nord de la France. Autrement dit, entre Clermont-Ferrand et Lille. Paris, par exemple, a perdu 10&nbsp;\u00b0C par rapport \u00e0 la veille. A Clermont, on est pass\u00e9 de 34,3&nbsp;\u00b0C dimanche, la ville la plus chaude en France ce jour-l\u00e0, \u00e0 26&nbsp;\u00b0C ce lundi.<\/p>\n\n\n\n<p>En revanche, non, la situation n\u2019est pas in\u00e9dite, ni anormale. De telles oscillations d\u2019un jour sur l\u2019autre arrivent relativement fr\u00e9quemment. C\u2019est m\u00eame un classique du climat de l\u2019ouest de l\u2019Europe.<\/p>\n\n\n\n<h2 class=\"wp-block-heading\">Quels ph\u00e9nom\u00e8nes m\u00e9t\u00e9orologiques sont \u00e0 l\u2019origine de cette variation des temp\u00e9ratures&nbsp;?<\/h2>\n\n\n\n<p>Un<a rel=\"noreferrer noopener\" href=\"https:\/\/www.youtube.com\/watch?v=yOMAdQtwwtk\" target=\"_blank\">\u00a0anticyclone<\/a>\u00a0s\u2019\u00e9tait install\u00e9\u00a0sur une large partie de l\u2019Europe continentale depuis le d\u00e9but du week-end de l\u2019Ascension. Ces hautes pressions atmosph\u00e9riques, associ\u00e9es \u00e0 une masse d\u2019air plus chaude, ont chass\u00e9 la masse nuageuse qui s\u2019accrochait sur la partie centrale de l\u2019Europe, apportant alors ces quelques jours de beaux temps. Mais cette masse d\u2019air chaude se voit \u00e0 son tour grignot\u00e9e depuis dimanche par une\u00a0masse d\u2019air d\u2019origine oc\u00e9anique, plus fra\u00eeche, venue de l\u2019Ouest. Encore une fois, c\u2019est du classique.<\/p>\n\n\n\n<h2 class=\"wp-block-heading\">Ce n\u2019est seulement ces derniers jours que nous avons atteint, en France, pour la premi\u00e8re fois de l\u2019ann\u00e9e, des temp\u00e9ratures de 30&nbsp;\u00b0C ou plus\u2026 Est-ce tardif&nbsp;?<\/h2>\n\n\n\n<p>Les premiers 30&nbsp;\u00b0C ont effectivement \u00e9t\u00e9 enregistr\u00e9s vendredi, en basse vall\u00e9e du Rh\u00f4ne, \u00e0 N\u00eemes et Carpentras. C\u2019est vrai qu\u2019apr\u00e8s une s\u00e9quence tr\u00e8s anormalement chaude, d\u00e9but f\u00e9vrier, le mercure a eu du mal \u00e0 grimper en France et le mois de mai a \u00e9t\u00e9 poussif. Les temp\u00e9ratures ont \u00e9t\u00e9 plus basses que la normale. Le d\u00e9ficit a \u00e9t\u00e9 de 1,1&nbsp;\u00b0C sur ce mois.<\/p>\n\n\n\n<h2 class=\"wp-block-heading\">Cela n\u2019enl\u00e8ve-t-il rien au fait que M\u00e9t\u00e9o France pr\u00e9voit \u00ab&nbsp;qu\u2019une grande partie de l\u2019Europe devrait conna\u00eetre des temp\u00e9ratures plus chaudes que la normale&nbsp;\u00bb cet \u00e9t\u00e9&nbsp;?<\/h2>\n\n\n\n<p>Il ne faut jamais faire de liens entre un \u00e9v\u00e9nement m\u00e9t\u00e9orologique isol\u00e9 et une tendance qu\u2019on peut donner sur trois mois. Il faut aussi prendre du recul sur&nbsp;<a href=\"https:\/\/www.20minutes.fr\/societe\/2531367-20190602-plus-chaud-normale-previsions-meteo-france\">nos pr\u00e9visions saisonni\u00e8res<\/a>. Pour \u00eatre pr\u00e9cis, 50&nbsp;% des sc\u00e9narios pris en compte par M\u00e9t\u00e9o France pour faire ces pr\u00e9visions font \u00e9tat d\u2019un \u00e9t\u00e9 plus chaud que la normale. Mais 20&nbsp;% font aussi \u00e9tat d\u2019un \u00e9t\u00e9 en dessous de la normale et les 30&nbsp;% restants sont dans la normale. Il n\u2019y a donc aucune certitude. Par ailleurs, rien n\u2019emp\u00eache que ces trois mois, m\u00eame s\u2019ils se r\u00e9v\u00e8lent au-del\u00e0 des normales saisonni\u00e8res, soient malgr\u00e9 tout travers\u00e9s par des temps plus frais.<\/p>\n","protected":false},"excerpt":{"rendered":"<p>Un dimanche sous le soleil, un lundi sous la grisaille\u2026 La m\u00e9t\u00e9o se montre capricieuse ces jours-ci sur une large partie de la France, et\u00a0Paris a perdu pr\u00e8s de 10\u00a0\u00b0C en 24\u00a0heures. Mais \u00ab\u00a0un tel contraste n\u2019a rien d\u2019anormal\u00a0\u00bb, temp\u00e8re Emmanuel Dema\u00ebl, pr\u00e9visionniste \u00e0 M\u00e9t\u00e9o France Le mercure a atteint pour la premi\u00e8re fois de [&hellip;]<\/p>\n","protected":false},"author":2,"featured_media":12435,"comment_status":"open","ping_status":"open","sticky":false,"template":"","format":"standard","meta":{"_jetpack_memberships_contains_paid_content":false,"footnotes":"","jetpack_publicize_message":"","jetpack_publicize_feature_enabled":true,"jetpack_social_post_already_shared":true,"jetpack_social_options":{"image_generator_settings":{"template":"highway","default_image_id":0,"font":"","enabled":false},"version":2},"_wpas_customize_per_network":false},"categories":[14],"tags":[],"class_list":["post-12434","post","type-post","status-publish","format-standard","has-post-thumbnail","hentry","category-actu-meteo"],"jetpack_publicize_connections":[],"jetpack_featured_media_url":"https:\/\/i0.wp.com\/www.iceagetv.com\/radiosite\/wp-content\/uploads\/2019\/06\/Comment-peut-on-perdre-dix-degr%C3%A9s-en-une-seule-nuit.jpg?fit=640%2C410&ssl=1","jetpack_sharing_enabled":true,"_links":{"self":[{"href":"https:\/\/www.iceagetv.com\/radiosite\/wp-json\/wp\/v2\/posts\/12434","targetHints":{"allow":["GET"]}}],"collection":[{"href":"https:\/\/www.iceagetv.com\/radiosite\/wp-json\/wp\/v2\/posts"}],"about":[{"href":"https:\/\/www.iceagetv.com\/radiosite\/wp-json\/wp\/v2\/types\/post"}],"author":[{"embeddable":true,"href":"https:\/\/www.iceagetv.com\/radiosite\/wp-json\/wp\/v2\/users\/2"}],"replies":[{"embeddable":true,"href":"https:\/\/www.iceagetv.com\/radiosite\/wp-json\/wp\/v2\/comments?post=12434"}],"version-history":[{"count":1,"href":"https:\/\/www.iceagetv.com\/radiosite\/wp-json\/wp\/v2\/posts\/12434\/revisions"}],"predecessor-version":[{"id":12436,"href":"https:\/\/www.iceagetv.com\/radiosite\/wp-json\/wp\/v2\/posts\/12434\/revisions\/12436"}],"wp:featuredmedia":[{"embeddable":true,"href":"https:\/\/www.iceagetv.com\/radiosite\/wp-json\/wp\/v2\/media\/12435"}],"wp:attachment":[{"href":"https:\/\/www.iceagetv.com\/radiosite\/wp-json\/wp\/v2\/media?parent=12434"}],"wp:term":[{"taxonomy":"category","embeddable":true,"href":"https:\/\/www.iceagetv.com\/radiosite\/wp-json\/wp\/v2\/categories?post=12434"},{"taxonomy":"post_tag","embeddable":true,"href":"https:\/\/www.iceagetv.com\/radiosite\/wp-json\/wp\/v2\/tags?post=12434"}],"curies":[{"name":"wp","href":"https:\/\/api.w.org\/{rel}","templated":true}]}}