{"id":12457,"date":"2019-06-06T12:08:50","date_gmt":"2019-06-06T12:08:50","guid":{"rendered":"http:\/\/www.iceagetv.com\/radiosite\/?p=12457"},"modified":"2019-06-06T12:08:56","modified_gmt":"2019-06-06T12:08:56","slug":"quels-sont-les-services-durgences-en-greve-en-france","status":"publish","type":"post","link":"https:\/\/www.iceagetv.com\/radiosite\/quels-sont-les-services-durgences-en-greve-en-france\/","title":{"rendered":"Quels sont les services d&rsquo;urgences en gr\u00e8ve en France ?"},"content":{"rendered":"\n<p>Le mouvement de gr\u00e8ve continue de s&rsquo;\u00e9tendre dans les urgences fran\u00e7aises. Au total, 84 services (en bleu sur la carte) &#8211; contre 62 le 20 mai dernier &#8211; \u00e9taient engag\u00e9s dans la mobilisation, mercredi 5 juin, selon le d\u00e9compte r\u00e9alis\u00e9 par le groupe \u00ab\u00a0coordination\u00a0\u00bb du collectif inter-urgences, qui regroupe des personnels param\u00e9dicaux (aide-soignants, infirmiers, accueil&#8230;). Des contacts ont \u00e9galement \u00e9t\u00e9 nou\u00e9s avec une centaine d&rsquo;autres services (en vert sur la carte) et une journ\u00e9e de mobilisation nationale est pr\u00e9vue jeudi 6 juin,\u00a0alors que\u00a0le congr\u00e8s des urgentistes est organis\u00e9 \u00e0 Paris, o\u00f9 plus d&rsquo;une vingtaine de services sont actuellement en gr\u00e8ve.<\/p>\n\n\n\n<p>Le collectif a commenc\u00e9 \u00e0 se structurer apr\u00e8s le mouvement social d\u00e9clench\u00e9 \u00e0 l&rsquo;h\u00f4pital parisien Saint-Antoine, mi-mars, \u00e0 la suite d&rsquo;une s\u00e9rie d&rsquo;agressions.&nbsp;<em>\u00ab\u00a0Tous les services d&rsquo;urgences ont des revendications locales\u00a0\u00bb<\/em>, pr\u00e9cise le collectif \u00e0 franceinfo, mais&nbsp;<em>\u00ab\u00a0il existe \u00e9galement un tronc commun de revendications, parmi lesquelles la reconnaissance de la sp\u00e9cificit\u00e9 du travail dans ces services\u00a0\u00bb<\/em>. Une partie des personnels est notamment mobilis\u00e9e&nbsp;pour r\u00e9clamer davantage d&rsquo;effectifs et de moyens.<\/p>\n\n\n\n<h2 class=\"wp-block-heading\">Des gr\u00e8ves limit\u00e9es dans leur expression<\/h2>\n\n\n\n<p>Ces mouvements de gr\u00e8ve, dans la pratique, ont peu de cons\u00e9quences sur l&rsquo;accueil des patients car le personnel soignant peut faire l&rsquo;objet d&rsquo;une assignation. Les gr\u00e9vistes doivent donc revenir sur leur temps de repos pour manifester devant les urgences ou se contenter d&rsquo;un badge \u00ab\u00a0en gr\u00e8ve\u00a0\u00bb lorsqu&rsquo;ils travaillent. Le 8 mai dernier, le collectif inter-urgences avait tout de m\u00eame appel\u00e9 \u00e0 un d\u00e9brayage symbolique de cinq minutes.<\/p>\n\n\n\n<p>Dans les cas les plus extr\u00eames, lorsque les arr\u00eats maladie sont trop nombreux par exemple, le personnel peut m\u00eame faire l&rsquo;objet d&rsquo;une r\u00e9quisition par les forces de police ou de gendarmerie.&nbsp;<em>\u00ab\u00a0Les forces de l&rsquo;ordre sont venues tambouriner \u00e0 la porte d&rsquo;une infirmi\u00e8re \u00e0 1 heure du matin&nbsp;!\u00a0\u00bb<\/em>, d\u00e9nonce le m\u00e9decin Eric Loupiac, urgentiste \u00e0 Lons-le-Saunier (Jura) et&nbsp;d\u00e9l\u00e9gu\u00e9 de l&rsquo;association des m\u00e9decins urgentistes de France (Amuf).&nbsp;<em>\u00ab\u00a0Elle avait pourtant travaill\u00e9 72 heures dans la semaine.\u00a0\u00bb<\/em>&nbsp;Le mouvement semble tout de m\u00eame se durcir, comme le montre l&rsquo;exemple r\u00e9cent de l&rsquo;h\u00f4pital parisien Lariboisi\u00e8re, o\u00f9 une partie des \u00e9quipes de nuit&nbsp;<a href=\"https:\/\/www.francetvinfo.fr\/sante\/hopital\/sante-les-urgentistes-de-lariboisiere-en-arret-maladie_3474833.html\">a pos\u00e9 un arr\u00eat maladie<\/a>, lundi, et ne s&rsquo;est pas pr\u00e9sent\u00e9e au travail.<\/p>\n\n\n\n<p><em>\u00ab\u00a0Le but n&rsquo;est pas d&rsquo;essayer d&rsquo;avoir l&rsquo;ensemble des services d&rsquo;urgences&nbsp;<\/em>[environ 520 concernant&nbsp;l&rsquo;h\u00f4pital public]<em>&nbsp;en gr\u00e8ve\u00a0\u00bb<\/em>, pr\u00e9cise toutefois le collectif inter-urgences \u00e0 franceinfo. Pour les personnels en col\u00e8re, la r\u00e9alisation de cette carte est davantage une r\u00e9ponse \u00e0 la ministre de la Sant\u00e9, Agn\u00e8s Buzyn, accus\u00e9e d&rsquo;avoir minimis\u00e9, dans un premier temps, l&rsquo;ampleur du mouvement.<\/p>\n","protected":false},"excerpt":{"rendered":"<p>Le mouvement de gr\u00e8ve continue de s&rsquo;\u00e9tendre dans les urgences fran\u00e7aises. Au total, 84 services (en bleu sur la carte) &#8211; contre 62 le 20 mai dernier &#8211; \u00e9taient engag\u00e9s dans la mobilisation, mercredi 5 juin, selon le d\u00e9compte r\u00e9alis\u00e9 par le groupe \u00ab\u00a0coordination\u00a0\u00bb du collectif inter-urgences, qui regroupe des personnels param\u00e9dicaux (aide-soignants, infirmiers, accueil&#8230;). [&hellip;]<\/p>\n","protected":false},"author":2,"featured_media":12458,"comment_status":"open","ping_status":"open","sticky":false,"template":"","format":"standard","meta":{"_jetpack_memberships_contains_paid_content":false,"footnotes":"","jetpack_publicize_message":"","jetpack_publicize_feature_enabled":true,"jetpack_social_post_already_shared":true,"jetpack_social_options":{"image_generator_settings":{"template":"highway","default_image_id":0,"font":"","enabled":false},"version":2},"_wpas_customize_per_network":false},"categories":[405],"tags":[],"class_list":["post-12457","post","type-post","status-publish","format-standard","has-post-thumbnail","hentry","category-actu-france-monde"],"jetpack_publicize_connections":[],"jetpack_featured_media_url":"https:\/\/i0.wp.com\/www.iceagetv.com\/radiosite\/wp-content\/uploads\/2019\/06\/Quels-sont-les-services-durgences-en-gr%C3%A8ve-en-France.jpg?fit=1200%2C450&ssl=1","jetpack_sharing_enabled":true,"_links":{"self":[{"href":"https:\/\/www.iceagetv.com\/radiosite\/wp-json\/wp\/v2\/posts\/12457","targetHints":{"allow":["GET"]}}],"collection":[{"href":"https:\/\/www.iceagetv.com\/radiosite\/wp-json\/wp\/v2\/posts"}],"about":[{"href":"https:\/\/www.iceagetv.com\/radiosite\/wp-json\/wp\/v2\/types\/post"}],"author":[{"embeddable":true,"href":"https:\/\/www.iceagetv.com\/radiosite\/wp-json\/wp\/v2\/users\/2"}],"replies":[{"embeddable":true,"href":"https:\/\/www.iceagetv.com\/radiosite\/wp-json\/wp\/v2\/comments?post=12457"}],"version-history":[{"count":1,"href":"https:\/\/www.iceagetv.com\/radiosite\/wp-json\/wp\/v2\/posts\/12457\/revisions"}],"predecessor-version":[{"id":12459,"href":"https:\/\/www.iceagetv.com\/radiosite\/wp-json\/wp\/v2\/posts\/12457\/revisions\/12459"}],"wp:featuredmedia":[{"embeddable":true,"href":"https:\/\/www.iceagetv.com\/radiosite\/wp-json\/wp\/v2\/media\/12458"}],"wp:attachment":[{"href":"https:\/\/www.iceagetv.com\/radiosite\/wp-json\/wp\/v2\/media?parent=12457"}],"wp:term":[{"taxonomy":"category","embeddable":true,"href":"https:\/\/www.iceagetv.com\/radiosite\/wp-json\/wp\/v2\/categories?post=12457"},{"taxonomy":"post_tag","embeddable":true,"href":"https:\/\/www.iceagetv.com\/radiosite\/wp-json\/wp\/v2\/tags?post=12457"}],"curies":[{"name":"wp","href":"https:\/\/api.w.org\/{rel}","templated":true}]}}