{"id":12463,"date":"2019-06-07T07:47:33","date_gmt":"2019-06-07T07:47:33","guid":{"rendered":"http:\/\/www.iceagetv.com\/radiosite\/?p=12463"},"modified":"2019-06-07T07:47:41","modified_gmt":"2019-06-07T07:47:41","slug":"jour-j-macron-et-trump-commemorent-le-75e-anniversaire-du-debarquement","status":"publish","type":"post","link":"https:\/\/www.iceagetv.com\/radiosite\/jour-j-macron-et-trump-commemorent-le-75e-anniversaire-du-debarquement\/","title":{"rendered":"Jour J : Macron et Trump comm\u00e9morent le 75e anniversaire du D\u00e9barquement"},"content":{"rendered":"\n<p>Emmanuel Macron et Donald Trump ont c\u00e9l\u00e9br\u00e9 jeudi le 75e anniversaire du d\u00e9barquement alli\u00e9 sur les plages de Normandie, s\u2019effor\u00e7ant de mettre en sourdine leurs divergences, de l\u2019Iran au climat.<\/p>\n\n\n\n<p>Les pr\u00e9sidents fran\u00e7ais et am\u00e9ricain ont comm\u00e9mor\u00e9 le 75<sup>e<\/sup>\u00a0anniversaire du D\u00e9barquement du 6\u00a0juin\u00a01944, le plus important de l\u2019histoire par le nombre de navires engag\u00e9s\u00a0: 6\u00a0939\u00a0navires ont d\u00e9barqu\u00e9 132\u00a0700\u00a0hommes sur les plages de Normandie.<br>Quelque 500 v\u00e9t\u00e9rans, souvent centenaires, ont particip\u00e9 aux c\u00e9l\u00e9brations de ce \u00ab\u00a0jour J\u00a0\u00bb \u00e0 Colleville-sur-Mer (Calvados). Douze mille personnes \u00e9taient attendues sur le site.Donald Trump a lou\u00e9 les liens\u00a0<em>\u00ab\u00a0indestructibles\u00a0\u00bb<\/em>\u00a0entre les Etats-Unis et leurs alli\u00e9s.<br><br>Le pr\u00e9sident fran\u00e7ais a profit\u00e9 de l\u2019occasion pour adresser un message plus politique \u00e0 son homologue am\u00e9ricain, qui brandit sans rel\u00e2che son slogan\u00a0<em>\u00ab\u00a0L\u2019Am\u00e9rique d\u2019abord\u00a0\u00bb<\/em>.\u00a0<em>\u00ab\u00a0Nous ne devons jamais cesser de faire vivre l\u2019alliance des peuples libres\u00a0\u00bb<\/em>, a lanc\u00e9 M.\u00a0Macron, citant en\u00a0exemple les Nations unies, l\u2019Organisation du trait\u00e9 de l\u2019Atlantique nord (OTAN) et l\u2019Union europ\u00e9enne.<br><em>V\u00e9t\u00e9rans, nous savons ce que nous vous devons\u00a0: la libert\u00e9\u00a0\u00bb<\/em>, a lanc\u00e9, en anglais, le pr\u00e9sident fran\u00e7ais au cimeti\u00e8re am\u00e9ricain.\u00a0<em>\u00ab\u00a0Au nom de mon pays, je veux simplement vous dire merci\u00a0\u00bb<\/em>, a-t-il ajout\u00e9, dans ce site majestueux surplombant Omaha Beach, qui compte 9\u00a0387\u00a0croix ou \u00e9toiles de David blanches parfaitement align\u00e9es.<br>En fin d\u2019apr\u00e8s-midi, M.\u00a0Macron a rendu hommage aux 177\u00a0membres du commando Kieffer.\u00a0<em>\u00ab\u00a0Ils n\u2019\u00e9taient qu\u2019une poign\u00e9e, certes, mais une poign\u00e9e de braves. Ils \u00e9taient presque un symbole, mais un symbole \u00f4 combien puissant pour l\u2019honneur de la France.\u00a0\u00bb<\/em><br><\/p>\n","protected":false},"excerpt":{"rendered":"<p>Emmanuel Macron et Donald Trump ont c\u00e9l\u00e9br\u00e9 jeudi le 75e anniversaire du d\u00e9barquement alli\u00e9 sur les plages de Normandie, s\u2019effor\u00e7ant de mettre en sourdine leurs divergences, de l\u2019Iran au climat. Les pr\u00e9sidents fran\u00e7ais et am\u00e9ricain ont comm\u00e9mor\u00e9 le 75e\u00a0anniversaire du D\u00e9barquement du 6\u00a0juin\u00a01944, le plus important de l\u2019histoire par le nombre de navires engag\u00e9s\u00a0: 6\u00a0939\u00a0navires [&hellip;]<\/p>\n","protected":false},"author":2,"featured_media":12464,"comment_status":"open","ping_status":"open","sticky":false,"template":"","format":"standard","meta":{"_jetpack_memberships_contains_paid_content":false,"footnotes":"","jetpack_publicize_message":"","jetpack_publicize_feature_enabled":true,"jetpack_social_post_already_shared":true,"jetpack_social_options":{"image_generator_settings":{"template":"highway","default_image_id":0,"font":"","enabled":false},"version":2},"_wpas_customize_per_network":false},"categories":[405],"tags":[],"class_list":["post-12463","post","type-post","status-publish","format-standard","has-post-thumbnail","hentry","category-actu-france-monde"],"jetpack_publicize_connections":[],"jetpack_featured_media_url":"https:\/\/i0.wp.com\/www.iceagetv.com\/radiosite\/wp-content\/uploads\/2019\/06\/75e-anniversaire-du-D%C3%A9barquement.jpg?fit=1440%2C720&ssl=1","jetpack_sharing_enabled":true,"_links":{"self":[{"href":"https:\/\/www.iceagetv.com\/radiosite\/wp-json\/wp\/v2\/posts\/12463","targetHints":{"allow":["GET"]}}],"collection":[{"href":"https:\/\/www.iceagetv.com\/radiosite\/wp-json\/wp\/v2\/posts"}],"about":[{"href":"https:\/\/www.iceagetv.com\/radiosite\/wp-json\/wp\/v2\/types\/post"}],"author":[{"embeddable":true,"href":"https:\/\/www.iceagetv.com\/radiosite\/wp-json\/wp\/v2\/users\/2"}],"replies":[{"embeddable":true,"href":"https:\/\/www.iceagetv.com\/radiosite\/wp-json\/wp\/v2\/comments?post=12463"}],"version-history":[{"count":1,"href":"https:\/\/www.iceagetv.com\/radiosite\/wp-json\/wp\/v2\/posts\/12463\/revisions"}],"predecessor-version":[{"id":12465,"href":"https:\/\/www.iceagetv.com\/radiosite\/wp-json\/wp\/v2\/posts\/12463\/revisions\/12465"}],"wp:featuredmedia":[{"embeddable":true,"href":"https:\/\/www.iceagetv.com\/radiosite\/wp-json\/wp\/v2\/media\/12464"}],"wp:attachment":[{"href":"https:\/\/www.iceagetv.com\/radiosite\/wp-json\/wp\/v2\/media?parent=12463"}],"wp:term":[{"taxonomy":"category","embeddable":true,"href":"https:\/\/www.iceagetv.com\/radiosite\/wp-json\/wp\/v2\/categories?post=12463"},{"taxonomy":"post_tag","embeddable":true,"href":"https:\/\/www.iceagetv.com\/radiosite\/wp-json\/wp\/v2\/tags?post=12463"}],"curies":[{"name":"wp","href":"https:\/\/api.w.org\/{rel}","templated":true}]}}