{"id":12470,"date":"2019-06-07T14:19:38","date_gmt":"2019-06-07T14:19:38","guid":{"rendered":"http:\/\/www.iceagetv.com\/radiosite\/?p=12470"},"modified":"2019-06-07T14:19:44","modified_gmt":"2019-06-07T14:19:44","slug":"injouable-nadal-na-fait-quune-bouchee-de-federer","status":"publish","type":"post","link":"https:\/\/www.iceagetv.com\/radiosite\/injouable-nadal-na-fait-quune-bouchee-de-federer\/","title":{"rendered":"Injouable, Nadal n&rsquo;a fait qu&rsquo;une bouch\u00e9e de Federer"},"content":{"rendered":"\n<h2 class=\"wp-block-heading\">ROLAND-GARROS &#8211; Rafael Nadal jouera sa 12e finale Porte d&rsquo;Auteuil. Dans des conditions difficiles en raison de fortes rafales de vent, l&rsquo;Espagnol a balay\u00e9 Roger Federer en trois sets (6-3, 6-4, 6-2 en 2h25&prime;) ce vendredi. En finale, dimanche, Nadal sera oppos\u00e9 au Serbe Novak Djokovic ou \u00e0 l&rsquo;Autrichien Dominic Thiem.<\/h2>\n\n\n\n<p>D&rsquo;abord, on a envie de dire merci. Parce que revoir ces deux-l\u00e0, \u00e0 Roland, ou ailleurs fut un plaisir. Immense. Et \u00e9ternel. Il faudrait bien s&rsquo;en souvenir quand ce sera fini parce que les deux hommes auront rang\u00e9 leurs raquettes, ce qui finira bien par arriver. In\u00e9luctablement. Ensuite, on a envie de dire bravo. Bravo \u00e0 Rafael Nadal, qui s&rsquo;est qualifi\u00e9 pour sa douzi\u00e8me finale aux Internationaux de France en m\u00eame temps qu&rsquo;il a prolong\u00e9 son invincibilit\u00e9 en demie sur la terre battue parisienne et face \u00e0 Roger Federer (six victoires). Une victoire en trois sets qui a rappel\u00e9 combien l&rsquo;Ib\u00e8re avait r\u00e9ponse \u00e0 tout et constituait un probl\u00e8me insoluble pour Rodgeur et les autres mortels, surtout quand il joue ainsi (6-3, 6-4, 6-2). Cet obstacle pass\u00e9, Nadal a d\u00e9sormais rendez-vous avec Novak Djokovic ou Dominic Thiem, dimanche. D&rsquo;autres t\u00eates connues.<\/p>\n\n\n\n<p>Enfin, chapeau bas \u00e0 Roger Federer qui, apr\u00e8s avoir quatre ans loin de la terre &#8211; m\u00eame s&rsquo;il a toujours \u00e9volu\u00e9 sur une autre plan\u00e8te -, aura r\u00e9ussi un comeback formidable \u00e0 Roland. Cela ne le consolera pas d&rsquo;avoir pli\u00e9 face \u00e0 Rafael Nadal. Mais \u00e7a n&rsquo;aura pas terni son h\u00e9ritage parisien. Loin de l\u00e0.<\/p>\n\n\n\n<h2 class=\"wp-block-heading\">Du vent et des tribunes d\u00e9garnies<\/h2>\n\n\n\n<p>Le 39e duel entre Roger Federer et Rafael Nadal aura d\u00e9but\u00e9 dans des conditions que l&rsquo;on qualifiera de particuli\u00e8res. Parce que les premiers \u00e9changes &#8211; le premier set, m\u00eame &#8211; se sont d\u00e9roul\u00e9s au c\u0153ur d&rsquo;un court Philippe-Chatrier bien d\u00e9garni, et pas seulement ses loges\u2026 Surtout, le Suisse et l&rsquo;Espagnol ont d\u00fb faire face aux fortes bourrasques de vent qui n&rsquo;ont cess\u00e9 de balayer la terre battue parisienne, g\u00eanant ostensiblement les deux acteurs.<\/p>\n\n\n\n<p>Dans ces conditions compliqu\u00e9es, qui ont dur\u00e9 tout au long de la partie, Federer et Nadal n&rsquo;ont pas d\u00e9m\u00e9rit\u00e9. Et c&rsquo;est le moins que l&rsquo;on puisse dire. D\u00e8s le premier jeu, long de huit minutes, Nadal a d\u00fb d\u00e9fendre sa mise en jeu corps et \u00e2me, sauvant au passage une premi\u00e8re balle de break gr\u00e2ce \u00e0 une bonne deuxi\u00e8me. Roger Federer n&rsquo;a pas eu autant de r\u00e9ussite sur le jeu d&rsquo;apr\u00e8s puisqu&rsquo;il a d\u00fb c\u00e9der son service et, d\u00e9j\u00e0, se retrouver dans le si\u00e8ge du passager (2-0).<\/p>\n\n\n\n<p>S&rsquo;il a offert quelques points \u00ab\u00a0gratuits\u00a0\u00bb \u00e0 Rafa en c\u00e9dant sur son coup droit, le Suisse a vite repris son destin en main, en m\u00eame temps qu&rsquo;il prenait la mise en jeu de Nadal (3-2). Malheureusement pour lui, l&#8217;embellie fut de courte dur\u00e9e. Agress\u00e9 par son bourreau de Roland, et malgr\u00e9 cinq balles de break sauv\u00e9s sur un jeu \u00e0 rallonge, le num\u00e9ro 3 mondial n&rsquo;a pu freiner la marche en avant de Nadal qui s&rsquo;est finalement adjug\u00e9 la premi\u00e8re manche sur un \u00e9chang\u00e9 conclu magistralement. Un revers court crois\u00e9 de toute beaut\u00e9 (6-3).<\/p>\n","protected":false},"excerpt":{"rendered":"<p>ROLAND-GARROS &#8211; Rafael Nadal jouera sa 12e finale Porte d&rsquo;Auteuil. Dans des conditions difficiles en raison de fortes rafales de vent, l&rsquo;Espagnol a balay\u00e9 Roger Federer en trois sets (6-3, 6-4, 6-2 en 2h25&prime;) ce vendredi. En finale, dimanche, Nadal sera oppos\u00e9 au Serbe Novak Djokovic ou \u00e0 l&rsquo;Autrichien Dominic Thiem. D&rsquo;abord, on a envie [&hellip;]<\/p>\n","protected":false},"author":2,"featured_media":12471,"comment_status":"open","ping_status":"open","sticky":false,"template":"","format":"standard","meta":{"_jetpack_memberships_contains_paid_content":false,"footnotes":"","jetpack_publicize_message":"","jetpack_publicize_feature_enabled":true,"jetpack_social_post_already_shared":true,"jetpack_social_options":{"image_generator_settings":{"template":"highway","default_image_id":0,"font":"","enabled":false},"version":2},"_wpas_customize_per_network":false},"categories":[18],"tags":[],"class_list":["post-12470","post","type-post","status-publish","format-standard","has-post-thumbnail","hentry","category-actu-sport"],"jetpack_publicize_connections":[],"jetpack_featured_media_url":"https:\/\/i0.wp.com\/www.iceagetv.com\/radiosite\/wp-content\/uploads\/2019\/06\/Rafael-Nadal-jouera-sa-12e-finale.jpg?fit=1950%2C1096&ssl=1","jetpack_sharing_enabled":true,"_links":{"self":[{"href":"https:\/\/www.iceagetv.com\/radiosite\/wp-json\/wp\/v2\/posts\/12470","targetHints":{"allow":["GET"]}}],"collection":[{"href":"https:\/\/www.iceagetv.com\/radiosite\/wp-json\/wp\/v2\/posts"}],"about":[{"href":"https:\/\/www.iceagetv.com\/radiosite\/wp-json\/wp\/v2\/types\/post"}],"author":[{"embeddable":true,"href":"https:\/\/www.iceagetv.com\/radiosite\/wp-json\/wp\/v2\/users\/2"}],"replies":[{"embeddable":true,"href":"https:\/\/www.iceagetv.com\/radiosite\/wp-json\/wp\/v2\/comments?post=12470"}],"version-history":[{"count":1,"href":"https:\/\/www.iceagetv.com\/radiosite\/wp-json\/wp\/v2\/posts\/12470\/revisions"}],"predecessor-version":[{"id":12472,"href":"https:\/\/www.iceagetv.com\/radiosite\/wp-json\/wp\/v2\/posts\/12470\/revisions\/12472"}],"wp:featuredmedia":[{"embeddable":true,"href":"https:\/\/www.iceagetv.com\/radiosite\/wp-json\/wp\/v2\/media\/12471"}],"wp:attachment":[{"href":"https:\/\/www.iceagetv.com\/radiosite\/wp-json\/wp\/v2\/media?parent=12470"}],"wp:term":[{"taxonomy":"category","embeddable":true,"href":"https:\/\/www.iceagetv.com\/radiosite\/wp-json\/wp\/v2\/categories?post=12470"},{"taxonomy":"post_tag","embeddable":true,"href":"https:\/\/www.iceagetv.com\/radiosite\/wp-json\/wp\/v2\/tags?post=12470"}],"curies":[{"name":"wp","href":"https:\/\/api.w.org\/{rel}","templated":true}]}}