{"id":12477,"date":"2019-06-08T11:45:34","date_gmt":"2019-06-08T11:45:34","guid":{"rendered":"http:\/\/www.iceagetv.com\/radiosite\/?p=12477"},"modified":"2019-06-08T11:45:40","modified_gmt":"2019-06-08T11:45:40","slug":"emotion-aux-sables-dolonne-apres-la-mort-de-trois-sauveteurs-de-la-snsm","status":"publish","type":"post","link":"https:\/\/www.iceagetv.com\/radiosite\/emotion-aux-sables-dolonne-apres-la-mort-de-trois-sauveteurs-de-la-snsm\/","title":{"rendered":"\u00c9motion aux Sables-d\u2019Olonne apr\u00e8s la mort de trois sauveteurs de la SNSM"},"content":{"rendered":"\n<p>En pleine temp\u00eate Miguel, trois sauveteurs de la Soci\u00e9t\u00e9 national de sauvetage en mer sont d\u00e9c\u00e9d\u00e9s vendredi dans le chavirage de leur bateau au large des Sables-d\u2019Olonne, en Vend\u00e9e. Les rescap\u00e9s ont t\u00e9moign\u00e9.<\/p>\n\n\n\n<p><a rel=\"noreferrer noopener\" href=\"http:\/\/www.lefigaro.fr\/flash-actu\/sables-d-olonne-les-noms-des-trois-sauveteurs-tues-20190608\" target=\"_blank\">Dimitri Moulic, Alain Guibert et Yann Chagnolleau<\/a>. Ces trois hommes ont disparu en mer vendredi 7 juin au large des Sables-d\u2019Olonne, en Vend\u00e9e, en tentant de porter secours avec quatre autres membres d\u2019\u00e9quipages \u00e0 un chalutier en d\u00e9tresse dont le propri\u00e9taire est toujours port\u00e9 disparu ce samedi. A bord du canot Jack Morisseau, vedette de la SNSM, les sept sauveteurs exp\u00e9riment\u00e9s s\u2019\u00e9taient lanc\u00e9 en pleine temp\u00eate Miguel pour aller secourir le Carrera sur lequel naviguait seul\u00a0<a rel=\"noreferrer noopener\" href=\"https:\/\/www.ouest-france.fr\/societe\/faits-divers\/naufrage-aux-sables-d-olonne-ce-que-l-sait-des-marins-decedes-et-disparu-6387509\" target=\"_blank\">Tony Guibert, retrait\u00e9 qui partait p\u00eacher la crevette pour compl\u00e9ter sa retraite. Quatre sauveteurs sont parvenus \u00e0 regagner la rive \u00e0 la nage.<\/a><br>Un de ces quatre rescap\u00e9s, l\u00e9g\u00e8rement bless\u00e9, a pass\u00e9 la nuit \u00e0 l\u2019h\u00f4pital en observation. Deux autres ont t\u00e9moign\u00e9, dont Christophe Monnereau et David Brossard: \u00abOn a perdu des amis, des copains (&#8230;) On a eu de la chance d\u2019en revenir, c\u2019est tout. On a eu une putain d\u2019\u00e9toile et pas eux\u00bb.<br>La pr\u00e9fecture maritime de la Vend\u00e9e a pr\u00e9cis\u00e9 que les quatre survivants avaient regagn\u00e9 la c\u00f4te \u00e0 la nage apr\u00e8s que le bateau a chavir\u00e9, \u00e0 plusieurs centaines de m\u00e8tres de la plage. Les trois autres marins ont eux \u00e9t\u00e9 \u00abpris au pi\u00e8ge\u00bb \u00e0 l\u2019int\u00e9rieur du bateau, \u00ables brassi\u00e8res de s\u00e9curit\u00e9 se sont gonfl\u00e9es et \u00e7a les a plaqu\u00e9s au plafond\u00bb. Toujours d\u2019apr\u00e8s la pr\u00e9fecture, des personnes pr\u00e9sentes sur le rivage ont tent\u00e9 de porter secours aux sauveteurs et des pompiers ont m\u00eame saut\u00e9 \u00e0 l\u2019eau malgr\u00e9 la houle pour aider les sauveteurs \u00e0 rejoindre la rive. Le maire LR de la ville, Yannick Moreau, a indiqu\u00e9 sur BFMTV que les marins morts en mer, \u00e2g\u00e9s de 28 ans, 51 ans et 55 ans, \u00e9taient \u00abbien connus, professionnels\u00bb, qu\u2019ils \u00e9taient des \u00abp\u00eacheurs pour la plupart\u00bb. Il a \u00e9galement salu\u00e9 \u00abl\u2019engagement, la g\u00e9n\u00e9rosit\u00e9\u00bb de ces hommes \u00abpour aller chercher un bateau dont on ne comprend pas ce qu\u2019il faisait en mer ce matin (vendredi)\u00bb.<\/p>\n\n\n\n<h2 class=\"wp-block-heading\">Cloch\u00e9s sonn\u00e9es et possible hommage national<\/h2>\n\n\n\n<p>\u00abCette disparition tragique provoque une immense \u00e9motion dans la famille des sauveteurs en Mer\u00bb, a d\u00e9clar\u00e9 Xavier de la Gorce, pr\u00e9sident de la SNSM. Les trois victimes appartenaient \u00e0 des familles \u00abtr\u00e8s connues aux Sables-d\u2019Olonne\u00bb,&nbsp;<a href=\"https:\/\/www.ouest-france.fr\/societe\/faits-divers\/naufrage-aux-sables-d-olonne-ce-que-l-sait-des-marins-decedes-et-disparu-6387509\" target=\"_blank\" rel=\"noreferrer noopener\">rapporte Ouest-France<\/a>. Vendredi apr\u00e8s-midi, des agents municipaux ont mis les drapeaux de la cit\u00e9 en berne. Car \u00abla ville est en deuil\u00bb a d\u00e9clar\u00e9 Yannick Moreau. \u00abC\u2019est un drame et un grand choc pour nous\u00bb. D\u00e8s l\u2019annonce de ces disparitions, les Sablais sont venus se recueillir en silence devant la silhouette bris\u00e9e du canot retourn\u00e9 sur les rochers. \u00c0 midi ce samedi, les cloches de la ville devaient sonner en hommage \u00e0 ces trois sauveteurs.<\/p>\n","protected":false},"excerpt":{"rendered":"<p>En pleine temp\u00eate Miguel, trois sauveteurs de la Soci\u00e9t\u00e9 national de sauvetage en mer sont d\u00e9c\u00e9d\u00e9s vendredi dans le chavirage de leur bateau au large des Sables-d\u2019Olonne, en Vend\u00e9e. Les rescap\u00e9s ont t\u00e9moign\u00e9. Dimitri Moulic, Alain Guibert et Yann Chagnolleau. Ces trois hommes ont disparu en mer vendredi 7 juin au large des Sables-d\u2019Olonne, en [&hellip;]<\/p>\n","protected":false},"author":2,"featured_media":12478,"comment_status":"open","ping_status":"open","sticky":false,"template":"","format":"standard","meta":{"_jetpack_memberships_contains_paid_content":false,"footnotes":"","jetpack_publicize_message":"","jetpack_publicize_feature_enabled":true,"jetpack_social_post_already_shared":true,"jetpack_social_options":{"image_generator_settings":{"template":"highway","default_image_id":0,"font":"","enabled":false},"version":2},"_wpas_customize_per_network":false},"categories":[405],"tags":[],"class_list":["post-12477","post","type-post","status-publish","format-standard","has-post-thumbnail","hentry","category-actu-france-monde"],"jetpack_publicize_connections":[],"jetpack_featured_media_url":"https:\/\/i0.wp.com\/www.iceagetv.com\/radiosite\/wp-content\/uploads\/2019\/06\/SNSM.jpg?fit=680%2C382&ssl=1","jetpack_sharing_enabled":true,"_links":{"self":[{"href":"https:\/\/www.iceagetv.com\/radiosite\/wp-json\/wp\/v2\/posts\/12477","targetHints":{"allow":["GET"]}}],"collection":[{"href":"https:\/\/www.iceagetv.com\/radiosite\/wp-json\/wp\/v2\/posts"}],"about":[{"href":"https:\/\/www.iceagetv.com\/radiosite\/wp-json\/wp\/v2\/types\/post"}],"author":[{"embeddable":true,"href":"https:\/\/www.iceagetv.com\/radiosite\/wp-json\/wp\/v2\/users\/2"}],"replies":[{"embeddable":true,"href":"https:\/\/www.iceagetv.com\/radiosite\/wp-json\/wp\/v2\/comments?post=12477"}],"version-history":[{"count":1,"href":"https:\/\/www.iceagetv.com\/radiosite\/wp-json\/wp\/v2\/posts\/12477\/revisions"}],"predecessor-version":[{"id":12479,"href":"https:\/\/www.iceagetv.com\/radiosite\/wp-json\/wp\/v2\/posts\/12477\/revisions\/12479"}],"wp:featuredmedia":[{"embeddable":true,"href":"https:\/\/www.iceagetv.com\/radiosite\/wp-json\/wp\/v2\/media\/12478"}],"wp:attachment":[{"href":"https:\/\/www.iceagetv.com\/radiosite\/wp-json\/wp\/v2\/media?parent=12477"}],"wp:term":[{"taxonomy":"category","embeddable":true,"href":"https:\/\/www.iceagetv.com\/radiosite\/wp-json\/wp\/v2\/categories?post=12477"},{"taxonomy":"post_tag","embeddable":true,"href":"https:\/\/www.iceagetv.com\/radiosite\/wp-json\/wp\/v2\/tags?post=12477"}],"curies":[{"name":"wp","href":"https:\/\/api.w.org\/{rel}","templated":true}]}}