{"id":12480,"date":"2019-06-09T07:11:32","date_gmt":"2019-06-09T07:11:32","guid":{"rendered":"http:\/\/www.iceagetv.com\/radiosite\/?p=12480"},"modified":"2019-06-09T07:11:38","modified_gmt":"2019-06-09T07:11:38","slug":"quand-les-bleus-oublient-detre-des-guerriers","status":"publish","type":"post","link":"https:\/\/www.iceagetv.com\/radiosite\/quand-les-bleus-oublient-detre-des-guerriers\/","title":{"rendered":"Quand les Bleus oublient d&rsquo;\u00eatre des guerriers\u2026"},"content":{"rendered":"\n<h2 class=\"wp-block-heading\">QUALIFICATIONS EURO 2020 &#8211; L&rsquo;\u00e9quipe de France a subi une grosse d\u00e9convenue en s&rsquo;inclinant le plus logiquement du monde samedi en Turquie (2-0). Domin\u00e9s dans tous les aspects du jeu, les Bleus ont surtout d\u00e9\u00e7u dans l&rsquo;attitude. Et quand ils n&rsquo;ont pas cet \u00e9tat d&rsquo;esprit de guerrier, ces Tricolores n&rsquo;ont plus grand-chose des hommes sacr\u00e9s champions du monde en Russie l&rsquo;\u00e9t\u00e9 dernier. Notre antis\u00e8che.<\/h2>\n\n\n\n<h2 class=\"wp-block-heading\">Le jeu : Le n\u00e9ant<\/h2>\n\n\n\n<p>Les Bleus n&rsquo;ont rien fait de bon. Dans l&rsquo;attitude, dans l&rsquo;agressivit\u00e9, dans la coh\u00e9sion collective et dans le niveau technique, ils n&rsquo;ont jamais su se mettre \u00e0 la hauteur d&rsquo;une \u00e9quipe turque particuli\u00e8rement saignante \u00e0\u00a0<a href=\"https:\/\/www.eurosport.fr\/football\/equipes\/konyaspor\/teamcenter.shtml\">Konya<\/a>. L&rsquo;indigence offensive tricolore \u00e9tait particuli\u00e8rement criante. Les hommes de\u00a0<a href=\"https:\/\/www.eurosport.fr\/football\/didier-deschamps_prs205\/person.shtml\">Didier Deschamps<\/a>\u00a0ont \u00e9t\u00e9 incapables de hausser le rythme pour d\u00e9s\u00e9quilibrer la d\u00e9fense adverse. Et ce n&rsquo;\u00e9tait pas mieux derri\u00e8re avec deux erreurs parfaitement exploiter par la Turquie. Les locaux auraient m\u00eame pu l&#8217;emporter sur un score plus large. Cela en dit long sur la faiblesse affich\u00e9e par l&rsquo;\u00e9quipe de France sur cette rencontre.<\/p>\n\n\n\n<h2 class=\"wp-block-heading\">Les joueurs : Et pourtant, c&rsquo;\u00e9tait du bon Lloris<\/h2>\n\n\n\n<p>Sans lui, l&rsquo;addition aurait \u00e9t\u00e9 encore plus cors\u00e9e. Plomb\u00e9e par sa d\u00e9fense sur les deux buts turcs,\u00a0<a href=\"https:\/\/www.eurosport.fr\/football\/hugo-lloris_prs47908\/person.shtml\">Hugo Lloris<\/a>\u00a0a sign\u00e9 des parades d\u00e9terminantes pour que la d\u00e9faite ne prenne pas des allures de correction. Mais le capitaine des Bleus \u00e9tait bien trop seul pour \u00e9viter le naufrage. De\u00a0<a href=\"https:\/\/www.eurosport.fr\/football\/raphael-varane_prs253270\/person.shtml\">Rapha\u00ebl Varane<\/a>\u00a0\u00e0\u00a0<a href=\"https:\/\/www.eurosport.fr\/football\/kylian-mbappe_prs440181\/person.shtml\">Kylian Mbapp\u00e9<\/a>\u00a0en passant par\u00a0<a href=\"https:\/\/www.eurosport.fr\/football\/paul-pogba_prs222248\/person.shtml\">Paul Pogba<\/a>,\u00a0<a href=\"https:\/\/www.eurosport.fr\/football\/blaise-matuidi_prs48297\/person.shtml\">Blaise Matuidi<\/a>,\u00a0<a href=\"https:\/\/www.eurosport.fr\/football\/antoine-griezmann_prs219784\/person.shtml\">Antoine Griezmann<\/a>\u00a0ou\u00a0<a href=\"https:\/\/www.eurosport.fr\/football\/olivier-giroud_prs87281\/person.shtml\">Olivier Giroud<\/a>, les individualit\u00e9s si fortes habituellement du groupe de Didier Deschamps ont sombr\u00e9. C&rsquo;\u00e9tait tout l&rsquo;inverse du c\u00f4t\u00e9 turc. Et Cengiz Under, \u00e0 l&rsquo;origine du premier but et auteur du deuxi\u00e8me, a parfaitement sublim\u00e9 le chef d&rsquo;\u0153uvre collectif des locaux.<\/p>\n\n\n\n<h2 class=\"wp-block-heading\">Le facteur X : Konya, un v\u00e9ritable enfer<\/h2>\n\n\n\n<p>Les Bleus s&rsquo;attendaient \u00e0 un accueil hostile. Mais c&rsquo;\u00e9tait encore pire que \u00e7a. Conspu\u00e9s d\u00e8s l&rsquo;\u00e9chauffement et bruyamment siffl\u00e9s tout au long de la rencontre, les hommes de Didier Deschamps ont sembl\u00e9 litt\u00e9ralement submerg\u00e9s par l&rsquo;ambiance de Konya. \u00c0 l&rsquo;inverse, la Turquie a \u00e9t\u00e9 sublim\u00e9e par les chants assourdissants de ses supporters durant tout le match. Le public a parfaitement jou\u00e9 son r\u00f4le de 12e homme. M\u00eame si cela ne justifie la prestation calamiteuse de l&rsquo;\u00e9quipe de France, cela peut l&rsquo;expliquer en partie.<\/p>\n\n\n\n<h2 class=\"wp-block-heading\">La stat : 0<\/h2>\n\n\n\n<p>Pas un seul tir cadr\u00e9. C&rsquo;est le triste bilan de l&rsquo;attaque des Bleus \u00e0 Konya. Les Fran\u00e7ais n&rsquo;ont adress\u00e9 que quatre frappes vers le but turc et aucune n&rsquo;a trouv\u00e9 le cadre. Rarement les Tricolores n&rsquo;avaient affich\u00e9 de telles difficult\u00e9s en attaque. C&rsquo;est m\u00eame une premi\u00e8re sur les dix derni\u00e8res ann\u00e9es.<\/p>\n\n\n\n<h2 class=\"wp-block-heading\">La d\u00e9cla : Didier Deschamps (s\u00e9lectionneur de l&rsquo;\u00e9quipe de France)<\/h2>\n\n\n\n<blockquote class=\"wp-block-quote is-layout-flow wp-block-quote-is-layout-flow\"><p>\u00a0\u00bb&nbsp;Apr\u00e8s une prestation collective comme \u00e7a, il n&rsquo;y a rien \u00e0 retenir de positif.\u00a0\u00bb<\/p><\/blockquote>\n\n\n\n<h2 class=\"wp-block-heading\">La question : Un simple avertissement, vraiment ?<\/h2>\n\n\n\n<p>Le constat s&rsquo;imposerait s&rsquo;il n&rsquo;y avait pas d\u00e9j\u00e0 eu cette d\u00e9faite face aux Pays-Bas en novembre (2-0). Une rencontre o\u00f9 les Tricolores \u00e9taient d\u00e9j\u00e0 pass\u00e9s \u00e0 c\u00f4t\u00e9 de leur sujet dans les grandes largeurs. Mais les N\u00e9erlandais avaient bien plus d&rsquo;arguments que cette \u00e9quipe de Turquie diminu\u00e9e par les absences d&rsquo;<a href=\"https:\/\/www.eurosport.fr\/football\/emre-belozoglu_prs205610\/person.shtml\">Emre Bel\u00f6zoglu<\/a>, Ozan Kabak, tandis qu&rsquo;<a href=\"https:\/\/www.eurosport.fr\/football\/hakan-calhanoglu_prs301642\/person.shtml\">Hakan \u00c7alhanoglu<\/a>\u00a0\u00e9tait sur le banc au coup d&rsquo;envoi. Sur le papier, il n&rsquo;y avait vraiment pas photo entre les deux \u00e9quipes. Sur le terrain non plus, mais pas dans le sens attendu.<\/p>\n\n\n\n<p>Les Bleus alignaient pourtant neuf titulaires de l&rsquo;\u00e9quipe sacr\u00e9e championne du monde en juillet dernier face \u00e0 la&nbsp;<a href=\"https:\/\/www.eurosport.fr\/football\/equipes\/croatie\/teamcenter.shtml\">Croatie<\/a>&nbsp;(4-2). Mais les deux qui manquaient n&rsquo;auraient vraiment pas \u00e9t\u00e9 de trop \u00e0 Konya. L&rsquo;impact de&nbsp;<a href=\"https:\/\/www.eurosport.fr\/football\/lucas-hernandez_prs374764\/person.shtml\">Lucas Hernandez<\/a>&nbsp;et de&nbsp;<a href=\"https:\/\/www.eurosport.fr\/football\/n-golo-kante_prs313635\/person.shtml\">N&rsquo;Golo Kant\u00e9<\/a>&nbsp;dans la combativit\u00e9 a suffisamment \u00e9t\u00e9 soulign\u00e9 pour ne pas voir que ces deux hommes faisaient cruellement d\u00e9faut \u00e0 l&rsquo;\u00e9quipe de France en Turquie. Le forfait de Kant\u00e9, annonc\u00e9 jeudi, a \u00e9t\u00e9 particuli\u00e8rement pr\u00e9judiciable. Sans lui, Pogba n&rsquo;a jamais eu son rayonnement habituel et tout le collectif tricolore en a souffert.<\/p>\n\n\n\n<p>Mais l&rsquo;absence de son infatigable milieu de terrain ne peut justifier \u00e0 elle seule la d\u00e9b\u00e2cle tricolore. Les Bleus n&rsquo;y \u00e9taient pas, tout simplement, comme face aux N\u00e9erlandais \u00e0 l&rsquo;automne dernier. Ils n&rsquo;ont jamais affich\u00e9 cet \u00e9tat d&rsquo;esprit de guerrier qui a tant fait leur force lors de cette glorieuse campagne de Russie. Et sans cela, malgr\u00e9 la qualit\u00e9 de leurs individualit\u00e9s, ils n&rsquo;ont plus du tout la m\u00eame marge. Que ce soit face \u00e0 une opposition relev\u00e9e comme les Pays-Bas ou dans un contexte hostile comme en Turquie. Les Fran\u00e7ais ne doivent plus l&rsquo;oublier.<\/p>\n","protected":false},"excerpt":{"rendered":"<p>QUALIFICATIONS EURO 2020 &#8211; L&rsquo;\u00e9quipe de France a subi une grosse d\u00e9convenue en s&rsquo;inclinant le plus logiquement du monde samedi en Turquie (2-0). Domin\u00e9s dans tous les aspects du jeu, les Bleus ont surtout d\u00e9\u00e7u dans l&rsquo;attitude. Et quand ils n&rsquo;ont pas cet \u00e9tat d&rsquo;esprit de guerrier, ces Tricolores n&rsquo;ont plus grand-chose des hommes sacr\u00e9s [&hellip;]<\/p>\n","protected":false},"author":2,"featured_media":12481,"comment_status":"open","ping_status":"open","sticky":false,"template":"","format":"standard","meta":{"_jetpack_memberships_contains_paid_content":false,"footnotes":"","jetpack_publicize_message":"","jetpack_publicize_feature_enabled":true,"jetpack_social_post_already_shared":true,"jetpack_social_options":{"image_generator_settings":{"template":"highway","default_image_id":0,"font":"","enabled":false},"version":2},"_wpas_customize_per_network":false},"categories":[18],"tags":[],"class_list":["post-12480","post","type-post","status-publish","format-standard","has-post-thumbnail","hentry","category-actu-sport"],"jetpack_publicize_connections":[],"jetpack_featured_media_url":"https:\/\/i0.wp.com\/www.iceagetv.com\/radiosite\/wp-content\/uploads\/2019\/06\/Quand-les-Bleus-oublient-d%C3%AAtre-des-guerriers.jpg?fit=1950%2C1096&ssl=1","jetpack_sharing_enabled":true,"_links":{"self":[{"href":"https:\/\/www.iceagetv.com\/radiosite\/wp-json\/wp\/v2\/posts\/12480","targetHints":{"allow":["GET"]}}],"collection":[{"href":"https:\/\/www.iceagetv.com\/radiosite\/wp-json\/wp\/v2\/posts"}],"about":[{"href":"https:\/\/www.iceagetv.com\/radiosite\/wp-json\/wp\/v2\/types\/post"}],"author":[{"embeddable":true,"href":"https:\/\/www.iceagetv.com\/radiosite\/wp-json\/wp\/v2\/users\/2"}],"replies":[{"embeddable":true,"href":"https:\/\/www.iceagetv.com\/radiosite\/wp-json\/wp\/v2\/comments?post=12480"}],"version-history":[{"count":1,"href":"https:\/\/www.iceagetv.com\/radiosite\/wp-json\/wp\/v2\/posts\/12480\/revisions"}],"predecessor-version":[{"id":12482,"href":"https:\/\/www.iceagetv.com\/radiosite\/wp-json\/wp\/v2\/posts\/12480\/revisions\/12482"}],"wp:featuredmedia":[{"embeddable":true,"href":"https:\/\/www.iceagetv.com\/radiosite\/wp-json\/wp\/v2\/media\/12481"}],"wp:attachment":[{"href":"https:\/\/www.iceagetv.com\/radiosite\/wp-json\/wp\/v2\/media?parent=12480"}],"wp:term":[{"taxonomy":"category","embeddable":true,"href":"https:\/\/www.iceagetv.com\/radiosite\/wp-json\/wp\/v2\/categories?post=12480"},{"taxonomy":"post_tag","embeddable":true,"href":"https:\/\/www.iceagetv.com\/radiosite\/wp-json\/wp\/v2\/tags?post=12480"}],"curies":[{"name":"wp","href":"https:\/\/api.w.org\/{rel}","templated":true}]}}