{"id":12498,"date":"2019-06-10T11:17:07","date_gmt":"2019-06-10T11:17:07","guid":{"rendered":"http:\/\/www.iceagetv.com\/radiosite\/?p=12498"},"modified":"2019-06-10T11:17:13","modified_gmt":"2019-06-10T11:17:13","slug":"les-sables-dolonne-15-000-personnes-reunies-en-hommage-aux-sauveteurs-tues","status":"publish","type":"post","link":"https:\/\/www.iceagetv.com\/radiosite\/les-sables-dolonne-15-000-personnes-reunies-en-hommage-aux-sauveteurs-tues\/","title":{"rendered":"Les Sables d\u2019Olonne: 15.000 personnes r\u00e9unies en hommage aux sauveteurs tu\u00e9s"},"content":{"rendered":"\n<p>Trois jours apr\u00e8s le drame qui a caus\u00e9 la mort de trois sauveteurs en mer, une foule impressionnante a particip\u00e9 \u00e0 une marche silencieuse lundi aux Sables d\u2019Olonne.<\/p>\n\n\n\n<p>\u00abCe n\u2019est pas une marche des officiels, mais une marche des habitants des Sables pour leurs h\u00e9ros\u00bb. Ce lundi aux Sables d\u2019Olonne, 15.000 personnes selon la pr\u00e9fecture ont particip\u00e9 \u00e0 une marche silencieuse en hommage aux trois sauveteurs tu\u00e9s vendredi. Les b\u00e9n\u00e9voles de la station SNSM ont men\u00e9 le cort\u00e8ge, main dans la main. Ils ont \u00e9t\u00e9 applaudis par la foule, selon des images retransmises par les cha\u00eenes d\u2019info. Un d\u00e9p\u00f4t de fleurs a eu lieu sur la plage, face \u00e0 l\u2019endroit du naufrage dans lequel trois sauveteurs en mer b\u00e9n\u00e9voles ont perdu la vie vendredi.<\/p>\n\n\n\n<p>En pleine temp\u00eate Miguel, Dimitri Moulic, Alain Guibert et Yann Chagnoleau avaient embarqu\u00e9 avec quatre autres membres de la SNSM pour tenter de secourir un p\u00eacheur. Une c\u00e9r\u00e9monie devait ensuite avoir lieu en mer avec des cornes de brume et des fumig\u00e8nes.<\/p>\n\n\n\n<p>Les \u00e9quipes municipales s\u2019attendaient \u00e0 accueillir \u00abbeaucoup de monde\u00bb&nbsp;<a href=\"http:\/\/www.lefigaro.fr\/actualite-france\/2018\/05\/20\/01016-20180520ARTFIG00011-la-pentecote-c-est-quoi-une-histoire-de-feu.php\" target=\"_blank\" rel=\"noreferrer noopener\">en ce lundi f\u00e9ri\u00e9 de Pentec\u00f4te<\/a>: \u00ables Sablais, et les Vend\u00e9ens en g\u00e9n\u00e9ral, ont \u00e9t\u00e9 tr\u00e8s touch\u00e9s par le drame\u00bb, confiait-on dimanche dans l\u2019entourage de la mairie. Pour encadrer l\u2019\u00e9v\u00e9nement, une vingtaine d\u2019agents de la police municipale, et autant de la police nationale, ont \u00e9t\u00e9 mobilis\u00e9s.<\/p>\n\n\n\n<h2 class=\"wp-block-heading\">La L\u00e9gion d\u2019honneur \u00e0 titre posthume<\/h2>\n\n\n\n<p><a href=\"http:\/\/www.lefigaro.fr\/flash-actu\/tempete-miguel-hommage-de-l-assemblee-aux-trois-sauveteurs-disparus-en-mer-20190607\" target=\"_blank\" rel=\"noreferrer noopener\">Un premier hommage a d\u00e9j\u00e0 eu lieu vendredi apr\u00e8s-midi \u00e0 l\u2019Assembl\u00e9e nationale<\/a>, lorsque la ministre des Transports \u00c9lisabeth Borne a annonc\u00e9 le drame aux d\u00e9put\u00e9s \u00e0 l\u2019ouverture de la s\u00e9ance de l\u2019apr\u00e8s-midi. Apr\u00e8s la d\u00e9claration de la ministre, les personnes pr\u00e9sentes se sont lev\u00e9es et ont longuement applaudi. De son c\u00f4t\u00e9, le ministre de la transition \u00e9cologique et solidaire Fran\u00e7ois de Rugy, accompagn\u00e9 de nombreux \u00e9lus et officiels, s\u2019est rendu aux Sables d\u2019Olonne pour exprimer sa \u00absolidarit\u00e9\u00bb.<\/p>\n\n\n\n<p>Samedi, les cloches de la ville ont sonn\u00e9 \u00e0 midi. Deux heures plus tard, Emmanuel Macron a annonc\u00e9 que les trois disparus recevraient la L\u00e9gion d\u2019honneur \u00e0 titre posthume. Dimanche, la communaut\u00e9 catholique r\u00e9unie pour la messe de la Pentec\u00f4te a rendu hommage aux trois sauveteurs. Toutes les manifestations municipales du week-end ont \u00e9t\u00e9 annul\u00e9es et la mairie a appel\u00e9 les organisateurs d\u2019\u00e9v\u00e9nements associatifs \u00e0 observer une minute de silence.<\/p>\n","protected":false},"excerpt":{"rendered":"<p>Trois jours apr\u00e8s le drame qui a caus\u00e9 la mort de trois sauveteurs en mer, une foule impressionnante a particip\u00e9 \u00e0 une marche silencieuse lundi aux Sables d\u2019Olonne. \u00abCe n\u2019est pas une marche des officiels, mais une marche des habitants des Sables pour leurs h\u00e9ros\u00bb. Ce lundi aux Sables d\u2019Olonne, 15.000 personnes selon la pr\u00e9fecture [&hellip;]<\/p>\n","protected":false},"author":2,"featured_media":12499,"comment_status":"open","ping_status":"open","sticky":false,"template":"","format":"standard","meta":{"_jetpack_memberships_contains_paid_content":false,"footnotes":"","jetpack_publicize_message":"","jetpack_publicize_feature_enabled":true,"jetpack_social_post_already_shared":true,"jetpack_social_options":{"image_generator_settings":{"template":"highway","default_image_id":0,"font":"","enabled":false},"version":2},"_wpas_customize_per_network":false},"categories":[405],"tags":[],"class_list":["post-12498","post","type-post","status-publish","format-standard","has-post-thumbnail","hentry","category-actu-france-monde"],"jetpack_publicize_connections":[],"jetpack_featured_media_url":"https:\/\/i0.wp.com\/www.iceagetv.com\/radiosite\/wp-content\/uploads\/2019\/06\/Les-Sables-d%E2%80%99Olonne.jpg?fit=680%2C382&ssl=1","jetpack_sharing_enabled":true,"_links":{"self":[{"href":"https:\/\/www.iceagetv.com\/radiosite\/wp-json\/wp\/v2\/posts\/12498","targetHints":{"allow":["GET"]}}],"collection":[{"href":"https:\/\/www.iceagetv.com\/radiosite\/wp-json\/wp\/v2\/posts"}],"about":[{"href":"https:\/\/www.iceagetv.com\/radiosite\/wp-json\/wp\/v2\/types\/post"}],"author":[{"embeddable":true,"href":"https:\/\/www.iceagetv.com\/radiosite\/wp-json\/wp\/v2\/users\/2"}],"replies":[{"embeddable":true,"href":"https:\/\/www.iceagetv.com\/radiosite\/wp-json\/wp\/v2\/comments?post=12498"}],"version-history":[{"count":1,"href":"https:\/\/www.iceagetv.com\/radiosite\/wp-json\/wp\/v2\/posts\/12498\/revisions"}],"predecessor-version":[{"id":12500,"href":"https:\/\/www.iceagetv.com\/radiosite\/wp-json\/wp\/v2\/posts\/12498\/revisions\/12500"}],"wp:featuredmedia":[{"embeddable":true,"href":"https:\/\/www.iceagetv.com\/radiosite\/wp-json\/wp\/v2\/media\/12499"}],"wp:attachment":[{"href":"https:\/\/www.iceagetv.com\/radiosite\/wp-json\/wp\/v2\/media?parent=12498"}],"wp:term":[{"taxonomy":"category","embeddable":true,"href":"https:\/\/www.iceagetv.com\/radiosite\/wp-json\/wp\/v2\/categories?post=12498"},{"taxonomy":"post_tag","embeddable":true,"href":"https:\/\/www.iceagetv.com\/radiosite\/wp-json\/wp\/v2\/tags?post=12498"}],"curies":[{"name":"wp","href":"https:\/\/api.w.org\/{rel}","templated":true}]}}