{"id":12504,"date":"2019-06-11T16:39:43","date_gmt":"2019-06-11T16:39:43","guid":{"rendered":"http:\/\/www.iceagetv.com\/radiosite\/?p=12504"},"modified":"2019-06-11T16:39:51","modified_gmt":"2019-06-11T16:39:51","slug":"enfants-percutes-a-lorient-la-police-lance-un-appel-a-temoins","status":"publish","type":"post","link":"https:\/\/www.iceagetv.com\/radiosite\/enfants-percutes-a-lorient-la-police-lance-un-appel-a-temoins\/","title":{"rendered":"Enfants percut\u00e9s \u00e0 Lorient : la police lance un appel \u00e0 t\u00e9moins"},"content":{"rendered":"\n<p>La police a lanc\u00e9 un appel \u00e0 t\u00e9moins, mardi 11&nbsp;juin, pour retrouver le chauffeur et la passag\u00e8re d\u2019un v\u00e9hicule soup\u00e7onn\u00e9s d\u2019avoir tu\u00e9 un enfant de 10&nbsp;ans et bless\u00e9 gri\u00e8vement un autre de 7&nbsp;ans \u00e0 Lorient.<\/p>\n\n\n\n<p>Le principal suspect mesure 1\u00a0m\u00a080\u00a0et est d\u00e9crit comme de\u00a0<em>\u00ab\u00a0corpulence normale, de type eurasien, teint mat et cheveux noirs\u00a0\u00bb<\/em>, dans cet appel \u00e0 t\u00e9moins diffus\u00e9 sur Twitter pour\u00a0<em>\u00ab\u00a0homicide involontaire aggrav\u00e9 et non-assistance \u00e0 personne en danger\u00a0\u00bb<\/em>. Sa passag\u00e8re, \u00e2g\u00e9e de 21\u00a0ans, cheveux longs, est de\u00a0<em>\u00ab\u00a0corpulence mince\u00a0\u00bb<\/em>et mesure 1\u00a0m 65, selon la m\u00eame source.\u00a0<em>\u00ab\u00a0Ag\u00e9s d\u2019une vingtaine d\u2019ann\u00e9es\u00a0\u00bb<\/em>, ils\u00a0<em>\u00ab\u00a0sont susceptibles d\u2019\u00eatre les auteurs de l\u2019accident mortel\u00a0\u00bb<\/em>\u00a0intervenu rue du colonel Jean-Muller, \u00e0 Lorient, dimanche 9\u00a0juin \u00e0 17\u00a0h\u00a005, pr\u00e9cise l\u2019appel \u00e0 t\u00e9moins.<\/p>\n\n\n\n<p>Les t\u00e9moins \u00e9ventuels sont appel\u00e9s \u00e0 contacter les policiers de la s\u00fbret\u00e9 d\u00e9partementale du Morbihan au 02 97 78 86 00 ou le 17 en cas d\u2019urgence.<\/p>\n\n\n\n<h2 class=\"wp-block-heading\">Le suspect d\u00e9j\u00e0 condamn\u00e9<\/h2>\n\n\n\n<p>Lundi, le parquet avait pr\u00e9cis\u00e9 que le chauffeur, \u00e2g\u00e9 de 20\u00a0ans, avait d\u00e9j\u00e0 \u00e9t\u00e9 condamn\u00e9 pour des faits de conduite sans permis. L\u2019accident est intervenu apr\u00e8s\u00a0<em>\u00ab\u00a0un refus d\u2019obtemp\u00e9rer\u00a0\u00bb<\/em>\u00a0pr\u00e8s de Lorient, alors que le v\u00e9hicule \u00e9tait suivi \u00e0 distance par la gendarmerie.<\/p>\n\n\n\n<p>Le v\u00e9hicule, qui circulait \u00e0 vive allure sur une voie r\u00e9serv\u00e9e aux bus, a percut\u00e9 dans un premier temps une autre voiture en sortie de rond-point, sans faire de bless\u00e9, avant de faucher les deux enfantsdans cette rue situ\u00e9e dans le quartier populaire de Keryado.<\/p>\n\n\n\n<p>Le conducteur et sa passag\u00e8re ont ensuite pris la fuite,&nbsp;<em>\u00ab&nbsp;d\u2019abord \u00e0 bord de leur v\u00e9hicule, qu\u2019ils ont laiss\u00e9 \u00e0 quelques centaines de m\u00e8tres de l\u2019accident, puis \u00e0 pied&nbsp;\u00bb<\/em>, selon Laureline Peyrefitte, procureure de la R\u00e9publique de Lorient. Mardi matin, l\u2019enfant de 7&nbsp;ans \u00e9tait toujours&nbsp;<em>\u00ab&nbsp;dans un \u00e9tat critique&nbsp;\u00bb<\/em>, d\u2019apr\u00e8s la m\u00eame source.<\/p>\n","protected":false},"excerpt":{"rendered":"<p>La police a lanc\u00e9 un appel \u00e0 t\u00e9moins, mardi 11&nbsp;juin, pour retrouver le chauffeur et la passag\u00e8re d\u2019un v\u00e9hicule soup\u00e7onn\u00e9s d\u2019avoir tu\u00e9 un enfant de 10&nbsp;ans et bless\u00e9 gri\u00e8vement un autre de 7&nbsp;ans \u00e0 Lorient. Le principal suspect mesure 1\u00a0m\u00a080\u00a0et est d\u00e9crit comme de\u00a0\u00ab\u00a0corpulence normale, de type eurasien, teint mat et cheveux noirs\u00a0\u00bb, dans cet [&hellip;]<\/p>\n","protected":false},"author":2,"featured_media":12505,"comment_status":"open","ping_status":"open","sticky":false,"template":"","format":"standard","meta":{"_jetpack_memberships_contains_paid_content":false,"footnotes":"","jetpack_publicize_message":"","jetpack_publicize_feature_enabled":true,"jetpack_social_post_already_shared":true,"jetpack_social_options":{"image_generator_settings":{"template":"highway","default_image_id":0,"font":"","enabled":false},"version":2},"_wpas_customize_per_network":false},"categories":[405],"tags":[],"class_list":["post-12504","post","type-post","status-publish","format-standard","has-post-thumbnail","hentry","category-actu-france-monde"],"jetpack_publicize_connections":[],"jetpack_featured_media_url":"https:\/\/i0.wp.com\/www.iceagetv.com\/radiosite\/wp-content\/uploads\/2019\/06\/Enfants-percut%C3%A9s-%C3%A0-Lorient.jpg?fit=688%2C442&ssl=1","jetpack_sharing_enabled":true,"_links":{"self":[{"href":"https:\/\/www.iceagetv.com\/radiosite\/wp-json\/wp\/v2\/posts\/12504","targetHints":{"allow":["GET"]}}],"collection":[{"href":"https:\/\/www.iceagetv.com\/radiosite\/wp-json\/wp\/v2\/posts"}],"about":[{"href":"https:\/\/www.iceagetv.com\/radiosite\/wp-json\/wp\/v2\/types\/post"}],"author":[{"embeddable":true,"href":"https:\/\/www.iceagetv.com\/radiosite\/wp-json\/wp\/v2\/users\/2"}],"replies":[{"embeddable":true,"href":"https:\/\/www.iceagetv.com\/radiosite\/wp-json\/wp\/v2\/comments?post=12504"}],"version-history":[{"count":1,"href":"https:\/\/www.iceagetv.com\/radiosite\/wp-json\/wp\/v2\/posts\/12504\/revisions"}],"predecessor-version":[{"id":12506,"href":"https:\/\/www.iceagetv.com\/radiosite\/wp-json\/wp\/v2\/posts\/12504\/revisions\/12506"}],"wp:featuredmedia":[{"embeddable":true,"href":"https:\/\/www.iceagetv.com\/radiosite\/wp-json\/wp\/v2\/media\/12505"}],"wp:attachment":[{"href":"https:\/\/www.iceagetv.com\/radiosite\/wp-json\/wp\/v2\/media?parent=12504"}],"wp:term":[{"taxonomy":"category","embeddable":true,"href":"https:\/\/www.iceagetv.com\/radiosite\/wp-json\/wp\/v2\/categories?post=12504"},{"taxonomy":"post_tag","embeddable":true,"href":"https:\/\/www.iceagetv.com\/radiosite\/wp-json\/wp\/v2\/tags?post=12504"}],"curies":[{"name":"wp","href":"https:\/\/api.w.org\/{rel}","templated":true}]}}