{"id":12512,"date":"2019-06-12T07:24:58","date_gmt":"2019-06-12T07:24:58","guid":{"rendered":"http:\/\/www.iceagetv.com\/radiosite\/?p=12512"},"modified":"2019-06-12T07:25:04","modified_gmt":"2019-06-12T07:25:04","slug":"prise-dotages-a-la-prison-ultra-securisee-de-conde-sur-sarthe-les-deux-surveillants-ont-ete-liberes-sains-et-saufs-dans-la-nuit-le-detenu-en-est-a-sa-5eme-prise-dotages","status":"publish","type":"post","link":"https:\/\/www.iceagetv.com\/radiosite\/prise-dotages-a-la-prison-ultra-securisee-de-conde-sur-sarthe-les-deux-surveillants-ont-ete-liberes-sains-et-saufs-dans-la-nuit-le-detenu-en-est-a-sa-5eme-prise-dotages\/","title":{"rendered":"Prise d&rsquo;otages \u00e0 la prison ultra-s\u00e9curis\u00e9e de Cond\u00e9-sur-Sarthe: Les deux surveillants ont \u00e9t\u00e9 lib\u00e9r\u00e9s sains et saufs dans la nuit &#8211; Le d\u00e9tenu en est \u00e0 sa 5\u00e9me prise d&rsquo;otages"},"content":{"rendered":"\n<p>Une prise d&rsquo;otages a eu lieu hier dans la prison ultra-s\u00e9curis\u00e9e de Cond\u00e9-sur-Sarthe, dans l&rsquo;Orne, o\u00f9 un d\u00e9tenu radicalis\u00e9 avait attaqu\u00e9 deux surveillants d\u00e9but mars.&nbsp;Les deux surveillants ont \u00e9t\u00e9 lib\u00e9r\u00e9s peu apr\u00e8s 0h30.<\/p>\n\n\n\n<p>Le d\u00e9tenu, Francis D., 35 ans, a pris en otage les deux surveillants, dont une stagiaire, au moment des repas, vers 19 heures, selon une source proche du dossier, alors qu&rsquo;il \u00e9tait charg\u00e9 de distribuer le d\u00eener \u00e0 ses cod\u00e9tenus. Il a retenu ces deux surveillants dans une coursive de la prison qui accueille des d\u00e9tenus particuli\u00e8rement dangereux, radicalis\u00e9s ou posant des probl\u00e8mes de discipline.<\/p>\n\n\n\n<p>Une cellule de crise avait \u00e9t\u00e9 activ\u00e9e au minist\u00e8re de la Justice. Les forces de l&rsquo;ordre se sont rapidement rendues sur place et une unit\u00e9 du Raid est arriv\u00e9e peu avant 22 heures avec trois h\u00e9licopt\u00e8res.<\/p>\n\n\n\n<figure><iframe allowfullscreen=\"\"><\/iframe><\/figure>\n\n\n\n<p>Le premier des deux surveillants, le plus \u00e2g\u00e9 et \u00e0 la sant\u00e9 fragile, a \u00e9t\u00e9 lib\u00e9r\u00e9 \u00e0 23h17, tandis que la stagiaire l&rsquo;a \u00e9t\u00e9 plus tardivement, vers 0h30. Tous les deux sont \u00ab\u00a0sains et saufs\u00a0\u00bb, a pr\u00e9cis\u00e9 la direction de l&rsquo;administration p\u00e9nitentiaire. Le preneur d&rsquo;otages a \u00e9t\u00e9 plac\u00e9 en garde \u00e0 vue.<\/p>\n\n\n\n<p>Les n\u00e9gociations entam\u00e9es avec les autorit\u00e9s tournaient autour de son cas personnel. Il r\u00e9clamait des m\u00e9dicaments et un changement de prison pour se rapprocher de sa famille. Selon nos informations, il \u00e9tait arm\u00e9 d&rsquo;un couteau artisanal de sa fabrication.<\/p>\n\n\n\n<p>Encarc\u00e9r\u00e9 depuis ses 16 ans dans une vingtaine de prisons diff\u00e9rentes apr\u00e8s des condamnations pour vols, viol et assassinat d&rsquo;un cod\u00e9tenu, Francis Dorffer est aux yeux des personnels de l&rsquo;administration p\u00e9nitentiaire le \u00ab\u00a0champion de la prise d&rsquo;otages carc\u00e9rale\u00a0\u00bb.<\/p>\n\n\n\n<p>Son nom est associ\u00e9 \u00e0 au moins cinq autres prises d&rsquo;otages:<\/p>\n\n\n\n<p>&#8211; En 2006, il avait retenu une psychiatre \u00e0 la prison de Nancy,<\/p>\n\n\n\n<p>&#8211; en 2009 un surveillant \u00e0 Clairvaux (Aube),<\/p>\n\n\n\n<p>&#8211; en 2010 un psychiatre \u00e0 la Sant\u00e9 (Paris) et en 2011 un gardien \u00e0 Poissy (Yvelines).<\/p>\n\n\n\n<p>&#8211; En avril 2018, il a \u00e9t\u00e9 condamn\u00e9 \u00e0 Colmar \u00e0 12 ans de prison pour avoir pris en otage un surveillant et tent\u00e9 de s&rsquo;\u00e9vader de la maison centrale d&rsquo;Ensisheim (Haut-Rhin), en juin 2017.<\/p>\n","protected":false},"excerpt":{"rendered":"<p>Une prise d&rsquo;otages a eu lieu hier dans la prison ultra-s\u00e9curis\u00e9e de Cond\u00e9-sur-Sarthe, dans l&rsquo;Orne, o\u00f9 un d\u00e9tenu radicalis\u00e9 avait attaqu\u00e9 deux surveillants d\u00e9but mars.&nbsp;Les deux surveillants ont \u00e9t\u00e9 lib\u00e9r\u00e9s peu apr\u00e8s 0h30. Le d\u00e9tenu, Francis D., 35 ans, a pris en otage les deux surveillants, dont une stagiaire, au moment des repas, vers 19 [&hellip;]<\/p>\n","protected":false},"author":2,"featured_media":12513,"comment_status":"open","ping_status":"open","sticky":false,"template":"","format":"standard","meta":{"_jetpack_memberships_contains_paid_content":false,"footnotes":"","jetpack_publicize_message":"","jetpack_publicize_feature_enabled":true,"jetpack_social_post_already_shared":true,"jetpack_social_options":{"image_generator_settings":{"template":"highway","default_image_id":0,"font":"","enabled":false},"version":2},"_wpas_customize_per_network":false},"categories":[405],"tags":[],"class_list":["post-12512","post","type-post","status-publish","format-standard","has-post-thumbnail","hentry","category-actu-france-monde"],"jetpack_publicize_connections":[],"jetpack_featured_media_url":"https:\/\/i0.wp.com\/www.iceagetv.com\/radiosite\/wp-content\/uploads\/2019\/06\/Prise-dotages-%C3%A0-la-prison-ultra-s%C3%A9curis%C3%A9e-de-Cond%C3%A9-sur-Sarthe.jpg?fit=770%2C433&ssl=1","jetpack_sharing_enabled":true,"_links":{"self":[{"href":"https:\/\/www.iceagetv.com\/radiosite\/wp-json\/wp\/v2\/posts\/12512","targetHints":{"allow":["GET"]}}],"collection":[{"href":"https:\/\/www.iceagetv.com\/radiosite\/wp-json\/wp\/v2\/posts"}],"about":[{"href":"https:\/\/www.iceagetv.com\/radiosite\/wp-json\/wp\/v2\/types\/post"}],"author":[{"embeddable":true,"href":"https:\/\/www.iceagetv.com\/radiosite\/wp-json\/wp\/v2\/users\/2"}],"replies":[{"embeddable":true,"href":"https:\/\/www.iceagetv.com\/radiosite\/wp-json\/wp\/v2\/comments?post=12512"}],"version-history":[{"count":1,"href":"https:\/\/www.iceagetv.com\/radiosite\/wp-json\/wp\/v2\/posts\/12512\/revisions"}],"predecessor-version":[{"id":12514,"href":"https:\/\/www.iceagetv.com\/radiosite\/wp-json\/wp\/v2\/posts\/12512\/revisions\/12514"}],"wp:featuredmedia":[{"embeddable":true,"href":"https:\/\/www.iceagetv.com\/radiosite\/wp-json\/wp\/v2\/media\/12513"}],"wp:attachment":[{"href":"https:\/\/www.iceagetv.com\/radiosite\/wp-json\/wp\/v2\/media?parent=12512"}],"wp:term":[{"taxonomy":"category","embeddable":true,"href":"https:\/\/www.iceagetv.com\/radiosite\/wp-json\/wp\/v2\/categories?post=12512"},{"taxonomy":"post_tag","embeddable":true,"href":"https:\/\/www.iceagetv.com\/radiosite\/wp-json\/wp\/v2\/tags?post=12512"}],"curies":[{"name":"wp","href":"https:\/\/api.w.org\/{rel}","templated":true}]}}