{"id":12528,"date":"2019-06-14T07:05:53","date_gmt":"2019-06-14T07:05:53","guid":{"rendered":"http:\/\/www.iceagetv.com\/radiosite\/?p=12528"},"modified":"2019-06-14T07:06:01","modified_gmt":"2019-06-14T07:06:01","slug":"vire-de-danse-avec-les-stars-pour-etre-alle-chez-cyril-hanouna-pierre-jean-chalencon-reagit-pour-la-premiere-fois-cest-plus-une-tres-mauvaise-nouvelle-pour-eux-que-pour-moi","status":"publish","type":"post","link":"https:\/\/www.iceagetv.com\/radiosite\/vire-de-danse-avec-les-stars-pour-etre-alle-chez-cyril-hanouna-pierre-jean-chalencon-reagit-pour-la-premiere-fois-cest-plus-une-tres-mauvaise-nouvelle-pour-eux-que-pour-moi\/","title":{"rendered":"Vir\u00e9 de \u00ab\u00a0Danse avec les stars\u00a0\u00bb pour \u00eatre all\u00e9 chez Cyril Hanouna, Pierre-Jean Chalen\u00e7on r\u00e9agit pour la premi\u00e8re fois: \u00ab\u00a0C\u2019est plus une tr\u00e8s mauvaise nouvelle pour eux&#8230; que pour moi\u00a0\u00bb"},"content":{"rendered":"\n<p>Ils n&rsquo;ont pas tard\u00e9 \u00e0 prendre leur d\u00e9cision ! Selon\u00a0<strong>nos informations exclusives<\/strong>, Pierre-Jean Chalen\u00e7on vient d&rsquo;\u00eatre exclu du casting de Danse avec les stars, alors qu&rsquo;il avait en main le contrat que venait de lui faire parvenir la production<\/p>\n\n\n\n<p>Officiellement le chroniqueur de \u00ab\u00a0Affaires conclues\u00a0\u00bb sur France 2 est accus\u00e9 \u00ab\u00a0d&rsquo;avoir \u00e9voqu\u00e9 son salaire, il y a 48 heures; sur le plateau de TPMP\u00a0\u00bb ce qui est formellement interdit.<\/p>\n\n\n\n<p>Et pourtant, interrog\u00e9 sur son cachet par Cyril Hanouna, le collectionneur n&rsquo;avait rien r\u00e9v\u00e9l\u00e9 sur le plateau de TPMP:<\/p>\n\n\n\n<p>\u00ab&nbsp;J&rsquo;ai n\u00e9goci\u00e9. D&rsquo;ailleurs, je leur ai dit &lsquo;Je ne suis pas un marchand de tapis, donnez-moi ce que vous voulez&rsquo; et ils ont \u00e9t\u00e9 tr\u00e8s corrects.&nbsp;\u00bb<\/p>\n\n\n\n<p>Mais&nbsp;lorsque Cyril Hanouna a tent\u00e9 d&rsquo;avoir des pr\u00e9cisions, \u00e9voquant notamment le chiffre de 50 000 euros, Pierre-Jean Chalen\u00e7on n&rsquo;a absolument rien ajout\u00e9.<\/p>\n\n\n\n<p>En fait,&nbsp; en r\u00e9alit\u00e9,&nbsp;<strong>selon nos informations<\/strong>, TF1 n&rsquo;a pas support\u00e9 de voir Cyril Hanouna annoncer que Pierre-Jean int\u00e9grerait la bande de TPMP apr\u00e8s son passage dans l&rsquo;\u00e9mission, ni que Cyril Hanouna appelle en direct Ara Aprikian en direct avec \u00e0 ses c\u00f4t\u00e9s Pierre-Jean, comme vous allez le voir dans la vid\u00e9o.<\/p>\n\n\n\n<p>Impossible pour les dirigeants de la Une de voir ainsi un de leurs candidats devenir un chroniqueur r\u00e9gulier chez Cyril Hanouna et de voir l&rsquo;animateur de C8 b\u00e9n\u00e9ficier d&rsquo;un regain de notori\u00e9t\u00e9 construit gr\u00e2ce \u00e0 \u00ab\u00a0Danse avec les stars\u00a0\u00bb.<\/p>\n\n\n\n<p>La d\u00e9cision de la Une a donc \u00e9t\u00e9 imm\u00e9diate et communiqu\u00e9e \u00e0 la production de \u00ab\u00a0Danse avec les stars\u00a0\u00bb: Pierre-Jean Chalen\u00e7on doit \u00eatre sorti du casting.<\/p>\n\n\n\n<p><strong>Mise \u00e0 jour ce matin \u00e0 8h22<\/strong><\/p>\n\n\n\n<p><strong>Dans un post qu&rsquo;il vient de publier sur Instagram Pierre Jean-Chalen\u00e7on confirme ce matin nos informations:<\/strong><\/p>\n\n\n\n<p>\u00ab\u00a0Merci \u00e0 tous pour vos messages de soutien&#8230;cette d\u00e9cision de TF1 &#8230;ne remet en rien ma motivation \u00e0 continuer et a \u0153uvrer pour la culture et l histoire sur le petit \u00e9cran &#8230; c\u2019est plus une tr\u00e8s mauvaise nouvelle pour eux que pour moi !!!! &#8230; je ferai une conf\u00e9rence de presse en d\u00e9but de semaine prochaine &#8230; afin de clarifier ma position &#8230; encore merci \u00e0 tous de vos messages d\u2019amiti\u00e9\u00e9<br><\/p>\n","protected":false},"excerpt":{"rendered":"<p>Ils n&rsquo;ont pas tard\u00e9 \u00e0 prendre leur d\u00e9cision ! Selon\u00a0nos informations exclusives, Pierre-Jean Chalen\u00e7on vient d&rsquo;\u00eatre exclu du casting de Danse avec les stars, alors qu&rsquo;il avait en main le contrat que venait de lui faire parvenir la production Officiellement le chroniqueur de \u00ab\u00a0Affaires conclues\u00a0\u00bb sur France 2 est accus\u00e9 \u00ab\u00a0d&rsquo;avoir \u00e9voqu\u00e9 son salaire, il [&hellip;]<\/p>\n","protected":false},"author":2,"featured_media":12529,"comment_status":"open","ping_status":"open","sticky":false,"template":"","format":"standard","meta":{"_jetpack_memberships_contains_paid_content":false,"footnotes":"","jetpack_publicize_message":"","jetpack_publicize_feature_enabled":true,"jetpack_social_post_already_shared":true,"jetpack_social_options":{"image_generator_settings":{"template":"highway","default_image_id":0,"font":"","enabled":false},"version":2},"_wpas_customize_per_network":false},"categories":[68],"tags":[],"class_list":["post-12528","post","type-post","status-publish","format-standard","has-post-thumbnail","hentry","category-actu-culturelle"],"jetpack_publicize_connections":[],"jetpack_featured_media_url":"https:\/\/i0.wp.com\/www.iceagetv.com\/radiosite\/wp-content\/uploads\/2019\/06\/Pierre-Jean-Chalen%C3%A7on.jpeg?fit=920%2C397&ssl=1","jetpack_sharing_enabled":true,"_links":{"self":[{"href":"https:\/\/www.iceagetv.com\/radiosite\/wp-json\/wp\/v2\/posts\/12528","targetHints":{"allow":["GET"]}}],"collection":[{"href":"https:\/\/www.iceagetv.com\/radiosite\/wp-json\/wp\/v2\/posts"}],"about":[{"href":"https:\/\/www.iceagetv.com\/radiosite\/wp-json\/wp\/v2\/types\/post"}],"author":[{"embeddable":true,"href":"https:\/\/www.iceagetv.com\/radiosite\/wp-json\/wp\/v2\/users\/2"}],"replies":[{"embeddable":true,"href":"https:\/\/www.iceagetv.com\/radiosite\/wp-json\/wp\/v2\/comments?post=12528"}],"version-history":[{"count":1,"href":"https:\/\/www.iceagetv.com\/radiosite\/wp-json\/wp\/v2\/posts\/12528\/revisions"}],"predecessor-version":[{"id":12530,"href":"https:\/\/www.iceagetv.com\/radiosite\/wp-json\/wp\/v2\/posts\/12528\/revisions\/12530"}],"wp:featuredmedia":[{"embeddable":true,"href":"https:\/\/www.iceagetv.com\/radiosite\/wp-json\/wp\/v2\/media\/12529"}],"wp:attachment":[{"href":"https:\/\/www.iceagetv.com\/radiosite\/wp-json\/wp\/v2\/media?parent=12528"}],"wp:term":[{"taxonomy":"category","embeddable":true,"href":"https:\/\/www.iceagetv.com\/radiosite\/wp-json\/wp\/v2\/categories?post=12528"},{"taxonomy":"post_tag","embeddable":true,"href":"https:\/\/www.iceagetv.com\/radiosite\/wp-json\/wp\/v2\/tags?post=12528"}],"curies":[{"name":"wp","href":"https:\/\/api.w.org\/{rel}","templated":true}]}}