{"id":12545,"date":"2019-06-15T07:29:32","date_gmt":"2019-06-15T07:29:32","guid":{"rendered":"http:\/\/www.iceagetv.com\/radiosite\/?p=12545"},"modified":"2019-06-15T07:29:41","modified_gmt":"2019-06-15T07:29:41","slug":"une-premiere-messe-celebree-a-notre-dame-en-comite-restreint-deux-mois-apres-lincendie","status":"publish","type":"post","link":"https:\/\/www.iceagetv.com\/radiosite\/une-premiere-messe-celebree-a-notre-dame-en-comite-restreint-deux-mois-apres-lincendie\/","title":{"rendered":"Une premi\u00e8re messe c\u00e9l\u00e9br\u00e9e \u00e0 Notre-Dame, en comit\u00e9 restreint, deux mois apr\u00e8s l\u2019incendie"},"content":{"rendered":"\n<p>Seule une trentaine de personnes, dont une moiti\u00e9 de pr\u00eatres, assisteront \u00e0 l\u2019office qui d\u00e9marrera \u00e0 18\u00a0heures samedi dans la chapelle situ\u00e9e derri\u00e8re le ch\u0153ur, un endroit s\u00e9curis\u00e9.<\/p>\n\n\n\n<p>L\u2019archev\u00eaque de Paris Mgr Michel Aupetit doit c\u00e9l\u00e9brer samedi 15&nbsp;juin dans l\u2019apr\u00e8s-midi, en comit\u00e9 restreint, la premi\u00e8re messe \u00e0 Notre-Dame depuis le spectaculaire incendie qui a partiellement d\u00e9truit la cath\u00e9drale il y a deux mois.<\/p>\n\n\n\n<p><em>\u00ab\u00a0Pour des raisons \u00e9videntes de s\u00e9curit\u00e9\u00a0\u00bb<\/em>, selon le dioc\u00e8se, aucun fid\u00e8le ne sera pr\u00e9sent \u00e0 cette messe qui sera toutefois retransmise en direct par la cha\u00eene catholique KTO pour que les\u00a0<em>\u00ab\u00a0chr\u00e9tiens puissent y participer et communier\u00a0\u00bb<\/em>. Seule une trentaine de personnes, dont une moiti\u00e9 de pr\u00eatres, assisteront \u00e0 l\u2019office d\u2019une heure qui d\u00e9marrera \u00e0 18\u00a0heures dans la chapelle situ\u00e9e derri\u00e8re le ch\u0153ur, un endroit s\u00e9curis\u00e9.<br>Seront pr\u00e9sents, outre Mgr Aupetit et le recteur de Notre-Dame Mgr Patrick Chauvet, des chanoines, des b\u00e9n\u00e9voles et des personnes travaillant sur le chantier et des employ\u00e9s du dioc\u00e8se de Paris. Le Choeur de la Ma\u00eetrise de Notre-Dame ne participe pas \u00e0 cette messe, mais un Chantre, ancien\u00a0<em>\u00ab\u00a0ma\u00eetrisien\u00a0\u00bb<\/em>, sera l\u00e0. Si le port du casque sera certainement demand\u00e9 \u00e0 l\u2019entr\u00e9e, les pr\u00eatres entendent bien rester en v\u00eatements liturgiques habituels.<\/p>\n\n\n\n<p>L\u2019incendie de la cath\u00e9drale le 15&nbsp;avril avait provoqu\u00e9 une vive \u00e9motion dans le monde et un \u00e9lan de solidarit\u00e9 pour sauver et restaurer ce lieu embl\u00e9matique. Le monument, class\u00e9 au patrimoine mondial de l\u2019Unesco, a perdu sa fl\u00e8che, sa toiture et une partie de sa vo\u00fbte.<\/p>\n\n\n\n<h2 class=\"wp-block-heading\">\u00ab&nbsp;Notre-Dame est bien vivante&nbsp;\u00bb<\/h2>\n\n\n\n<p>La date de cette messe a \u00e9t\u00e9 choisie en lien avec la f\u00eate de la D\u00e9dicace, qui comm\u00e9more la cons\u00e9cration de l\u2019autel de la cath\u00e9drale. Une date&nbsp;<em>\u00ab&nbsp;hautement significative, spirituellement&nbsp;\u00bb<\/em>, a soulign\u00e9 Mgr Chauvet aupr\u00e8s de l\u2019Agence France-Presse (AFP), se r\u00e9jouissant de pouvoir montrer que&nbsp;<em>\u00ab&nbsp;Notre-Dame est bien vivante&nbsp;\u00bb<\/em>.<\/p>\n\n\n\n<p>Le petit nombre de communiants se retrouvera dans la Chapelle de la Vierge &#8211; la plus \u00e0 l\u2019est de l\u2019\u00e9difice &#8211; qui abritait la Couronne d\u2019\u00e9pines, un des tr\u00e9sors de la cath\u00e9drale aux yeux des catholiques, sauv\u00e9e des flammes la nuit du sinistre. Le parvis de la cath\u00e9drale reste, lui, ferm\u00e9 au public. Des v\u00eapres pr\u00e9c\u00e9dant la messe, un temps envisag\u00e9es \u00e0 cet endroit, ne pourront donc s\u2019y tenir.<\/p>\n\n\n\n<p>Depuis l\u2019incendie, entre 60 et 150 ouvriers s\u2019affairent sur le chantier, continuant d\u2019\u00e9vacuer les gravats et de stabiliser la structure.&nbsp;<a href=\"https:\/\/www.lemonde.fr\/societe\/article\/2019\/06\/14\/la-cathedrale-notre-dame-de-paris-reste-fragile_5476106_3224.html\">Le monument est toujours dans sa phase de consolidation<\/a>. Les travaux de s\u00e9curisation pourraient prendre encore des semaines, avant le lancement des expertises longues et complexes pour les travaux de r\u00e9novation. Le pr\u00e9sident&nbsp;<a href=\"https:\/\/www.lemonde.fr\/culture\/article\/2019\/05\/25\/notre-dame-emmanuel-macron-assume-la-rapidite-des-travaux_5467071_3246.htm\">Emmanuel Macron s\u2019est engag\u00e9 \u00e0 ce que le monument soit reb\u00e2ti d\u2019ici cinq ans.<\/a><\/p>\n\n\n\n<p>A ce stade seulement 9&nbsp;% des 850&nbsp;millions d\u2019euros de promesses de dons ont \u00e9t\u00e9 effectivement vers\u00e9s. Cela s\u2019explique par le fait que les petits dons des particuliers peuvent \u00eatre souscrits sans conditions particuli\u00e8res, tandis que les grandes entreprises et les collectivit\u00e9s doivent d\u2019abord \u00e9laborer des conventions sur l\u2019affectation de leurs contributions.<\/p>\n","protected":false},"excerpt":{"rendered":"<p>Seule une trentaine de personnes, dont une moiti\u00e9 de pr\u00eatres, assisteront \u00e0 l\u2019office qui d\u00e9marrera \u00e0 18\u00a0heures samedi dans la chapelle situ\u00e9e derri\u00e8re le ch\u0153ur, un endroit s\u00e9curis\u00e9. L\u2019archev\u00eaque de Paris Mgr Michel Aupetit doit c\u00e9l\u00e9brer samedi 15&nbsp;juin dans l\u2019apr\u00e8s-midi, en comit\u00e9 restreint, la premi\u00e8re messe \u00e0 Notre-Dame depuis le spectaculaire incendie qui a partiellement [&hellip;]<\/p>\n","protected":false},"author":2,"featured_media":12546,"comment_status":"open","ping_status":"open","sticky":false,"template":"","format":"standard","meta":{"_jetpack_memberships_contains_paid_content":false,"footnotes":"","jetpack_publicize_message":"","jetpack_publicize_feature_enabled":true,"jetpack_social_post_already_shared":true,"jetpack_social_options":{"image_generator_settings":{"template":"highway","default_image_id":0,"font":"","enabled":false},"version":2},"_wpas_customize_per_network":false},"categories":[68],"tags":[],"class_list":["post-12545","post","type-post","status-publish","format-standard","has-post-thumbnail","hentry","category-actu-culturelle"],"jetpack_publicize_connections":[],"jetpack_featured_media_url":"https:\/\/i0.wp.com\/www.iceagetv.com\/radiosite\/wp-content\/uploads\/2019\/06\/Une-premi%C3%A8re-messe-c%C3%A9l%C3%A9br%C3%A9e-%C3%A0-Notre-Dame.jpg?fit=688%2C459&ssl=1","jetpack_sharing_enabled":true,"_links":{"self":[{"href":"https:\/\/www.iceagetv.com\/radiosite\/wp-json\/wp\/v2\/posts\/12545","targetHints":{"allow":["GET"]}}],"collection":[{"href":"https:\/\/www.iceagetv.com\/radiosite\/wp-json\/wp\/v2\/posts"}],"about":[{"href":"https:\/\/www.iceagetv.com\/radiosite\/wp-json\/wp\/v2\/types\/post"}],"author":[{"embeddable":true,"href":"https:\/\/www.iceagetv.com\/radiosite\/wp-json\/wp\/v2\/users\/2"}],"replies":[{"embeddable":true,"href":"https:\/\/www.iceagetv.com\/radiosite\/wp-json\/wp\/v2\/comments?post=12545"}],"version-history":[{"count":1,"href":"https:\/\/www.iceagetv.com\/radiosite\/wp-json\/wp\/v2\/posts\/12545\/revisions"}],"predecessor-version":[{"id":12547,"href":"https:\/\/www.iceagetv.com\/radiosite\/wp-json\/wp\/v2\/posts\/12545\/revisions\/12547"}],"wp:featuredmedia":[{"embeddable":true,"href":"https:\/\/www.iceagetv.com\/radiosite\/wp-json\/wp\/v2\/media\/12546"}],"wp:attachment":[{"href":"https:\/\/www.iceagetv.com\/radiosite\/wp-json\/wp\/v2\/media?parent=12545"}],"wp:term":[{"taxonomy":"category","embeddable":true,"href":"https:\/\/www.iceagetv.com\/radiosite\/wp-json\/wp\/v2\/categories?post=12545"},{"taxonomy":"post_tag","embeddable":true,"href":"https:\/\/www.iceagetv.com\/radiosite\/wp-json\/wp\/v2\/tags?post=12545"}],"curies":[{"name":"wp","href":"https:\/\/api.w.org\/{rel}","templated":true}]}}