{"id":12555,"date":"2019-06-16T16:45:04","date_gmt":"2019-06-16T16:45:04","guid":{"rendered":"http:\/\/www.iceagetv.com\/radiosite\/?p=12555"},"modified":"2019-06-16T16:45:09","modified_gmt":"2019-06-16T16:45:09","slug":"orages-en-rhone-alpes-letat-de-catastrophe-naturelle-sera-pris-dans-les-deux-jours-selon-le-ministre-de-lagriculture","status":"publish","type":"post","link":"https:\/\/www.iceagetv.com\/radiosite\/orages-en-rhone-alpes-letat-de-catastrophe-naturelle-sera-pris-dans-les-deux-jours-selon-le-ministre-de-lagriculture\/","title":{"rendered":"Orages en Rh\u00f4ne-Alpes: L&rsquo;\u00e9tat de catastrophe naturelle sera pris \u00abdans les deux jours\u00bb, selon le ministre de l&rsquo;Agriculture"},"content":{"rendered":"\n<p>Au lendemain&nbsp;<a href=\"https:\/\/www.20minutes.fr\/faits_divers\/2540995-20190615-orages-mort-haute-savoie-gros-degats-drome\">des intemp\u00e9ries,<\/a>&nbsp;les traces laiss\u00e9es par les&nbsp;<a href=\"https:\/\/www.20minutes.fr\/search?q=orages\">pluies diluviennes<\/a>&nbsp;et averses de gr\u00eale sont importantes dans plusieurs d\u00e9partements de la r\u00e9gion. L\u2019\u00e9tat de catastrophe naturelle sera pris \u00ab&nbsp;dans les deux jours qui viennent&nbsp;\u00bb, a annonc\u00e9 ce dimanche le ministre de l\u2019Agriculture Didier Guillaume, apr\u00e8s les violents orages qui ont touch\u00e9 samedi<a href=\"https:\/\/www.20minutes.fr\/search?q=auvergne+rh%C3%B4ne+alpes\">Auvergne Rh\u00f4ne-Alpes,<\/a>&nbsp;faisant un mort et de nombreux d\u00e9g\u00e2ts.<\/p>\n\n\n\n<p>\u00ab\u00a0C\u2019est catastrophique, j\u2019ai rarement vu des \u00e9pisodes comme celui-ci, la situation est vraiment dramatique. En termes agricoles, la\u00a0Dr\u00f4me\u00a0et l\u2019Is\u00e8re sont les d\u00e9partements les plus touch\u00e9s\u00a0\u00bb, a dit sur BFMTV le ministre qui s\u2019est rendu sur place. \u00ab\u00a0Pour la plupart des r\u00e9coltes, c\u2019est entre 80 et 100\u00a0% de pertes\u00a0\u00bb, a-t-il affirm\u00e9.<\/p>\n\n\n\n<h2 class=\"wp-block-heading\">Une touriste \u00e9cras\u00e9e dans un camping<\/h2>\n\n\n\n<p>Neuf d\u00e9partements avaient \u00e9t\u00e9 plac\u00e9s en vigilance orange, samedi, par M\u00e9t\u00e9o-France, l\u2019Ain, l\u2019Ard\u00e8che, la&nbsp;Dr\u00f4me, l\u2019Is\u00e8re, la Loire, la Haute-Loire, le Rh\u00f4ne, la Savoie et la Haute-Savoie. En Haute-Savoie, une touriste allemande de 51 ans est d\u00e9c\u00e9d\u00e9e dans un camping, \u00e9cras\u00e9e par un arbre tomb\u00e9 sur son camping-car.<\/p>\n","protected":false},"excerpt":{"rendered":"<p>Au lendemain&nbsp;des intemp\u00e9ries,&nbsp;les traces laiss\u00e9es par les&nbsp;pluies diluviennes&nbsp;et averses de gr\u00eale sont importantes dans plusieurs d\u00e9partements de la r\u00e9gion. L\u2019\u00e9tat de catastrophe naturelle sera pris \u00ab&nbsp;dans les deux jours qui viennent&nbsp;\u00bb, a annonc\u00e9 ce dimanche le ministre de l\u2019Agriculture Didier Guillaume, apr\u00e8s les violents orages qui ont touch\u00e9 samediAuvergne Rh\u00f4ne-Alpes,&nbsp;faisant un mort et de nombreux [&hellip;]<\/p>\n","protected":false},"author":2,"featured_media":12556,"comment_status":"open","ping_status":"open","sticky":false,"template":"","format":"standard","meta":{"_jetpack_memberships_contains_paid_content":false,"footnotes":"","jetpack_publicize_message":"","jetpack_publicize_feature_enabled":true,"jetpack_social_post_already_shared":true,"jetpack_social_options":{"image_generator_settings":{"template":"highway","default_image_id":0,"font":"","enabled":false},"version":2},"_wpas_customize_per_network":false},"categories":[14],"tags":[],"class_list":["post-12555","post","type-post","status-publish","format-standard","has-post-thumbnail","hentry","category-actu-meteo"],"jetpack_publicize_connections":[],"jetpack_featured_media_url":"https:\/\/i0.wp.com\/www.iceagetv.com\/radiosite\/wp-content\/uploads\/2019\/06\/orage-en-rohne-alpes.jpg?fit=650%2C416&ssl=1","jetpack_sharing_enabled":true,"_links":{"self":[{"href":"https:\/\/www.iceagetv.com\/radiosite\/wp-json\/wp\/v2\/posts\/12555","targetHints":{"allow":["GET"]}}],"collection":[{"href":"https:\/\/www.iceagetv.com\/radiosite\/wp-json\/wp\/v2\/posts"}],"about":[{"href":"https:\/\/www.iceagetv.com\/radiosite\/wp-json\/wp\/v2\/types\/post"}],"author":[{"embeddable":true,"href":"https:\/\/www.iceagetv.com\/radiosite\/wp-json\/wp\/v2\/users\/2"}],"replies":[{"embeddable":true,"href":"https:\/\/www.iceagetv.com\/radiosite\/wp-json\/wp\/v2\/comments?post=12555"}],"version-history":[{"count":1,"href":"https:\/\/www.iceagetv.com\/radiosite\/wp-json\/wp\/v2\/posts\/12555\/revisions"}],"predecessor-version":[{"id":12557,"href":"https:\/\/www.iceagetv.com\/radiosite\/wp-json\/wp\/v2\/posts\/12555\/revisions\/12557"}],"wp:featuredmedia":[{"embeddable":true,"href":"https:\/\/www.iceagetv.com\/radiosite\/wp-json\/wp\/v2\/media\/12556"}],"wp:attachment":[{"href":"https:\/\/www.iceagetv.com\/radiosite\/wp-json\/wp\/v2\/media?parent=12555"}],"wp:term":[{"taxonomy":"category","embeddable":true,"href":"https:\/\/www.iceagetv.com\/radiosite\/wp-json\/wp\/v2\/categories?post=12555"},{"taxonomy":"post_tag","embeddable":true,"href":"https:\/\/www.iceagetv.com\/radiosite\/wp-json\/wp\/v2\/tags?post=12555"}],"curies":[{"name":"wp","href":"https:\/\/api.w.org\/{rel}","templated":true}]}}