{"id":12560,"date":"2019-06-16T16:52:17","date_gmt":"2019-06-16T16:52:17","guid":{"rendered":"http:\/\/www.iceagetv.com\/radiosite\/?p=12560"},"modified":"2019-06-16T16:52:22","modified_gmt":"2019-06-16T16:52:22","slug":"niches-fiscales-le-gouvernement-vise-un-milliard-deconomies-des-2020","status":"publish","type":"post","link":"https:\/\/www.iceagetv.com\/radiosite\/niches-fiscales-le-gouvernement-vise-un-milliard-deconomies-des-2020\/","title":{"rendered":"Niches fiscales: Le gouvernement vise un milliard d&rsquo;\u00e9conomies d\u00e8s 2020"},"content":{"rendered":"\n<p>Le&nbsp;gouvernement&nbsp;veut \u00e9conomiser 1&nbsp;milliard&nbsp;d&rsquo;euros \u00ab d\u00e8s l&rsquo;an prochain \u00bb via la suppression de&nbsp;<a href=\"https:\/\/www.google.com\/search?rlz=1C1GCEU_frFR836FR836&amp;ei=cV4GXarmAYyXlwTZgo3IAw&amp;q=20+Minutes+niche+fiscale&amp;oq=20+Minutes+niche+fiscale&amp;gs_l=psy-ab.3..33i160.1422.41250..41670...6.0..0.93.1207.20......0....1..gws-wiz.......0i71j35i39j0j0i131j0i131i20i263j0i22i30j35i304i39j0i13j33i21.fLSsEVdYZn8\" target=\"_blank\" rel=\"noreferrer noopener\">niches&nbsp;fiscales<\/a>, qui s&rsquo;ajoutera aux 4 milliards d&rsquo;\u00e9conomies&nbsp;pr\u00e9vues sur les d\u00e9penses publiques, a indiqu\u00e9 ce dimanche le ministre des Comptes publics&nbsp;<a href=\"https:\/\/www.20minutes.fr\/dossier\/gerald_darmanin\">G\u00e9rald Darmanin<\/a>&nbsp;dans l&rsquo;\u00e9mission le<em>&nbsp;Grand Jury&nbsp;<\/em>sur RTL\/LCI\/le Figaro.<\/p>\n\n\n\n<p>Ces\u00a0mesures doivent permettre de financer la<a href=\"https:\/\/www.20minutes.fr\/economie\/2506987-20190429-baisse-impot-revenu-5-milliards-euros-faciles-trouver\">\u00a0baisse de cinq milliards d&rsquo;euros de l&rsquo;imp\u00f4t sur le revenu<\/a>\u00a0annonc\u00e9e fin avril par\u00a0<a href=\"https:\/\/www.20minutes.fr\/politique\/emmanuel-macron\/\">Emmanuel Macron<\/a>. \u00ab 95% des contribuables, aujourd&rsquo;hui, vont conna\u00eetre une baisse d&rsquo;imp\u00f4t \u00bb, soit les Fran\u00e7ais gagnant moins de 7.000 euros par mois, a pr\u00e9cis\u00e9 G\u00e9rald Darmanin.<\/p>\n\n\n\n<h2 class=\"wp-block-heading\">Une politique \u00e0 la&nbsp;\u00ab\u00a0Shadoks\u00a0\u00bb&nbsp;\u00bb<\/h2>\n\n\n\n<p>Le ministre est revenu sur le sujet des\u00a0niches\u00a0fiscales, qui avait \u00e9t\u00e9 \u00e9voqu\u00e9 par le Premier ministre\u00a0<a href=\"https:\/\/www.20minutes.fr\/politique\/edouard-philippe\/\">Edouard Philippe<\/a>\u00a0lors de\u00a0<a href=\"https:\/\/www.20minutes.fr\/politique\/2538563-20190612-acceleration-ecologique-pma-toutes-baisse-impots-moments-forts-discours-politique-generale-edouard-philippe\">son discours de politique g\u00e9n\u00e9rale<\/a>\u00a0le 12 juin. \u00ab La France est le pays qui a le plus de\u00a0niches. On a fait une politique \u00e0 la \u00ab\u00a0Shadoks\u00a0\u00bb depuis quarante ans:\u00a0on a fait des imp\u00f4ts tr\u00e8s hauts, apr\u00e8s on a vu que cet imp\u00f4t n&rsquo;\u00e9tait pas acceptable et on a cr\u00e9\u00e9 plein de\u00a0niches, un gros gruy\u00e8re avec plein de trous pour qu&rsquo;ils soient acceptables \u00bb, a estim\u00e9 G\u00e9rald Darmanin.<\/p>\n\n\n\n<p>Rappelant que \u00ab le Premier ministre a dit qu&rsquo;on allait r\u00e9fl\u00e9chir\u00bb sur les&nbsp;niches&nbsp;fiscales, G\u00e9rald Darmanin a notamment point\u00e9 du doigt certaines&nbsp;niches&nbsp;\u00abanti-\u00e9cologiques et anti-sociales \u00bb, citant notamment en exemple le \u00ab GNR \u00bb (gazole non routier) ou encore le \u00ab DFS \u00bb (d\u00e9duction forfaitaire sp\u00e9cifique).<\/p>\n\n\n\n<h2 class=\"wp-block-heading\">Un abattement d&rsquo;1,5 milliard d&rsquo;euros<\/h2>\n\n\n\n<p>Concernant cette derni\u00e8re, qui prend la forme d&rsquo;un abattement de charges patronales r\u00e9serv\u00e9 \u00e0 certains secteurs d&rsquo;activit\u00e9 (BTP, aviation, nettoyage&#8230;) et est \u00e9valu\u00e9e par Bercy \u00e0 1,5&nbsp;milliard&nbsp;d&rsquo;euros, \u00ab nous allons travailler avec les professionnels du secteur pour r\u00e9duire cette niche et la supprimer \u00bb, a indiqu\u00e9 G\u00e9rald Darmanin.<\/p>\n\n\n\n<p>Il a toutefois tenu \u00e0 rappeler que \u00ab le&nbsp;gouvernement&nbsp;n&rsquo;est pas favorable \u00e0 la r\u00e9duction des&nbsp;niches&nbsp;pour les particuliers, notamment les emplois \u00e0 domicile \u00bb.<\/p>\n\n\n\n<h2 class=\"wp-block-heading\">Objectif d&rsquo;un&nbsp;milliard&nbsp;d&rsquo;\u00e9conomies l&rsquo;ann\u00e9e prochaine<\/h2>\n\n\n\n<p>\u00ab Nous allons atteindre l&rsquo;objectif d&rsquo;un&nbsp;milliard&nbsp;d&rsquo;\u00e9conomies&nbsp;l&rsquo;ann\u00e9e prochaine \u00bb sur les&nbsp;niches, \u00ab pour les cinq milliards d&rsquo;imp\u00f4ts sur le revenu. Et quatre milliards sur l&rsquo;\u00e9conomie que fera l&rsquo;Etat \u00bb, a r\u00e9sum\u00e9 le ministre de l&rsquo;Action et des comptes publics.<\/p>\n\n\n\n<p>Sans entrer dans les d\u00e9tails, il a cit\u00e9 les r\u00e9formes en cours dans les secteurs du logement, des contrats aid\u00e9s, de l&rsquo;audiovisuel public, ou le \u00ab champ social \u00bb.<\/p>\n","protected":false},"excerpt":{"rendered":"<p>Le&nbsp;gouvernement&nbsp;veut \u00e9conomiser 1&nbsp;milliard&nbsp;d&rsquo;euros \u00ab d\u00e8s l&rsquo;an prochain \u00bb via la suppression de&nbsp;niches&nbsp;fiscales, qui s&rsquo;ajoutera aux 4 milliards d&rsquo;\u00e9conomies&nbsp;pr\u00e9vues sur les d\u00e9penses publiques, a indiqu\u00e9 ce dimanche le ministre des Comptes publics&nbsp;G\u00e9rald Darmanin&nbsp;dans l&rsquo;\u00e9mission le&nbsp;Grand Jury&nbsp;sur RTL\/LCI\/le Figaro. Ces\u00a0mesures doivent permettre de financer la\u00a0baisse de cinq milliards d&rsquo;euros de l&rsquo;imp\u00f4t sur le revenu\u00a0annonc\u00e9e fin avril par\u00a0Emmanuel [&hellip;]<\/p>\n","protected":false},"author":2,"featured_media":12561,"comment_status":"open","ping_status":"open","sticky":false,"template":"","format":"standard","meta":{"_jetpack_memberships_contains_paid_content":false,"footnotes":"","jetpack_publicize_message":"","jetpack_publicize_feature_enabled":true,"jetpack_social_post_already_shared":true,"jetpack_social_options":{"image_generator_settings":{"template":"highway","default_image_id":0,"font":"","enabled":false},"version":2},"_wpas_customize_per_network":false},"categories":[405],"tags":[],"class_list":["post-12560","post","type-post","status-publish","format-standard","has-post-thumbnail","hentry","category-actu-france-monde"],"jetpack_publicize_connections":[],"jetpack_featured_media_url":"https:\/\/i0.wp.com\/www.iceagetv.com\/radiosite\/wp-content\/uploads\/2019\/06\/Niches-fiscales.jpg?fit=640%2C410&ssl=1","jetpack_sharing_enabled":true,"_links":{"self":[{"href":"https:\/\/www.iceagetv.com\/radiosite\/wp-json\/wp\/v2\/posts\/12560","targetHints":{"allow":["GET"]}}],"collection":[{"href":"https:\/\/www.iceagetv.com\/radiosite\/wp-json\/wp\/v2\/posts"}],"about":[{"href":"https:\/\/www.iceagetv.com\/radiosite\/wp-json\/wp\/v2\/types\/post"}],"author":[{"embeddable":true,"href":"https:\/\/www.iceagetv.com\/radiosite\/wp-json\/wp\/v2\/users\/2"}],"replies":[{"embeddable":true,"href":"https:\/\/www.iceagetv.com\/radiosite\/wp-json\/wp\/v2\/comments?post=12560"}],"version-history":[{"count":1,"href":"https:\/\/www.iceagetv.com\/radiosite\/wp-json\/wp\/v2\/posts\/12560\/revisions"}],"predecessor-version":[{"id":12562,"href":"https:\/\/www.iceagetv.com\/radiosite\/wp-json\/wp\/v2\/posts\/12560\/revisions\/12562"}],"wp:featuredmedia":[{"embeddable":true,"href":"https:\/\/www.iceagetv.com\/radiosite\/wp-json\/wp\/v2\/media\/12561"}],"wp:attachment":[{"href":"https:\/\/www.iceagetv.com\/radiosite\/wp-json\/wp\/v2\/media?parent=12560"}],"wp:term":[{"taxonomy":"category","embeddable":true,"href":"https:\/\/www.iceagetv.com\/radiosite\/wp-json\/wp\/v2\/categories?post=12560"},{"taxonomy":"post_tag","embeddable":true,"href":"https:\/\/www.iceagetv.com\/radiosite\/wp-json\/wp\/v2\/tags?post=12560"}],"curies":[{"name":"wp","href":"https:\/\/api.w.org\/{rel}","templated":true}]}}