{"id":12566,"date":"2019-06-17T19:05:45","date_gmt":"2019-06-17T19:05:45","guid":{"rendered":"http:\/\/www.iceagetv.com\/radiosite\/?p=12566"},"modified":"2019-06-17T19:05:50","modified_gmt":"2019-06-17T19:05:50","slug":"pourquoi-la-reconstitution-du-meurtre-dalexia-daval-a-permis-de-lever-les-dernieres-zones-dombre-sur-laffaire","status":"publish","type":"post","link":"https:\/\/www.iceagetv.com\/radiosite\/pourquoi-la-reconstitution-du-meurtre-dalexia-daval-a-permis-de-lever-les-dernieres-zones-dombre-sur-laffaire\/","title":{"rendered":"Pourquoi la reconstitution du meurtre d&rsquo;Alexia Daval a permis de lever les derni\u00e8res zones d&rsquo;ombre sur l&rsquo;affaire"},"content":{"rendered":"\n<p><em>\u00ab\u00a0Nous voulions la v\u00e9rit\u00e9, nous l&rsquo;avons eue.\u00a0\u00bb&nbsp;<\/em>Ces&nbsp;mots d&rsquo;<a href=\"https:\/\/www.francetvinfo.fr\/faits-divers\/disparition-d-une-joggeuse-en-haute-saone\/video-on-voulait-avoir-le-fin-mot-et-on-l-a-declare-la-mere-d-alexia-daval-apres-la-reconstitution-du-meurtre-de-sa-fille_3494237.html\" target=\"_blank\" rel=\"noreferrer noopener\">Isabelle Fouillot, la m\u00e8re d&rsquo;Alexia Daval<\/a>,&nbsp;viennent ponctuer plus d&rsquo;un an et demi d&rsquo;enqu\u00eate autour du&nbsp;<a href=\"https:\/\/www.francetvinfo.fr\/faits-divers\/disparition-d-une-joggeuse-en-haute-saone\/\" target=\"_blank\" rel=\"noreferrer noopener\">meurtre de sa fille<\/a>.&nbsp;Apr\u00e8s une reconstitution de sept heures, lundi 17 juin, \u00e0&nbsp;Gray-la-Ville (Haute-Sa\u00f4ne), Jonathann Daval a finalement livr\u00e9 des aveux complets sur la mani\u00e8re dont il a&nbsp;tu\u00e9&nbsp;sa femme, en octobre 2017.&nbsp;<\/p>\n\n\n\n<p>Comme en d\u00e9cembre, quand il avait finalement avou\u00e9 le meurtre apr\u00e8s avoir pass\u00e9 plusieurs mois \u00e0 accuser&nbsp;le&nbsp;beau-fr\u00e8re de son \u00e9pouse,&nbsp;c&rsquo;est&nbsp;sous l&rsquo;insistance&nbsp;de la famille de la jeune femme qu&rsquo;il a livr\u00e9 des informations&nbsp;d\u00e9cisives.&nbsp;<em>\u00ab\u00a0Face \u00e0 la demande pressante de ses beaux-parents, qui l&rsquo;ont implor\u00e9 de dire toute la v\u00e9rit\u00e9, il a finalement admis qu&rsquo;il avait non seulement donn\u00e9 la mort, mais \u00e9galement proc\u00e9d\u00e9 \u00e0 la cr\u00e9mation partielle du corps\u00a0\u00bb&nbsp;<\/em>a d\u00e9clar\u00e9 le procureur de la R\u00e9publique de&nbsp;Besan\u00e7on (Doubs), Etienne Manteaux, devant la presse.&nbsp;<\/p>\n\n\n\n<p>Franceinfo revient sur les trois informations essentielles livr\u00e9es par Jonathann Daval lors de cette reconstitution.&nbsp;<\/p>\n\n\n\n<h2 class=\"wp-block-heading\">Il a pr\u00e9cis\u00e9 les raisons du conflit avec son \u00e9pouse<\/h2>\n\n\n\n<p><strong>Ce que Jonathann Daval affirmait jusqu&rsquo;ici<\/strong>.&nbsp;Lors de ses premiers aveux, Jonathann Daval \u00e9tait rest\u00e9 \u00e9vasif sur ce qu&rsquo;il s&rsquo;\u00e9tait pass\u00e9 au domicile, \u00e9voquant simplement une&nbsp;<em>\u00ab\u00a0violente dispute\u00a0\u00bb&nbsp;<\/em>alors qu&rsquo;ils revenaient d&rsquo;un d\u00eener chez les parents d&rsquo;Alexia.<\/p>\n\n\n\n<p><strong>Ce qu&rsquo;il a expliqu\u00e9 lors de la reconstitution<\/strong>.&nbsp;C&rsquo;est dans la maison o\u00f9 vivaient Jonathann et Alexia Daval que se sont retrouv\u00e9s la juge d&rsquo;instruction, les enqu\u00eateurs, le m\u00e9decin l\u00e9giste, les avocats, mais aussi sa belle-famille, lundi, \u00e0 5&nbsp;heures du matin. Jonathann Daval&nbsp;est revenu sur l&rsquo;origine du conflit qui a d\u00e9but\u00e9 dans la nuit 26 au 27 octobre 2017.&nbsp;<em>\u00ab\u00a0Apr\u00e8s \u00eatre rentr\u00e9 de chez ses parents, Alexia a voulu un rapport sexuel, nous dit Jonathann\u00a0\u00bb,&nbsp;<\/em>a indiqu\u00e9 Etienne Manteaux. Jonathann aurait refus\u00e9, ce qui, selon lui, a d\u00e9clench\u00e9 la col\u00e8re de son \u00e9pouse.&nbsp;<em>\u00ab\u00a0<\/em><em>Il y a ensuite eu conflit, qui est all\u00e9 crescendo\u00a0\u00bb,&nbsp;<\/em>a indiqu\u00e9 Etienne Manteaux, pr\u00e9cisant qu&rsquo;Alexia Daval&nbsp;<em>\u00ab\u00a0prenait \u00e0 cette \u00e9poque un traitement de stimulation de la fertilit\u00e9 dans son d\u00e9sir d&rsquo;\u00eatre m\u00e8re\u00a0\u00bb.<\/em>&nbsp;<\/p>\n\n\n\n<h2 class=\"wp-block-heading\">Il a reconnu des coups tr\u00e8s violents&nbsp;<\/h2>\n\n\n\n<p><strong>Ce que Jonathann Daval affirmait jusqu&rsquo;ici<\/strong>. Lors de ses premiers aveux, il&nbsp;a d\u00e9clar\u00e9 avoir&nbsp;<em>\u00ab\u00a0\u00e9trangl\u00e9\u00a0\u00bb<\/em>&nbsp;sa femme en tentant de la ma\u00eetriser.&nbsp;Une version qui ne collait pas avec l&rsquo;autopsie. Celle-ci atteste que la victime a \u00ab\u00a0<em>subi de graves violences\u00a0\u00bb<\/em>, selon l&rsquo;un des avocats de la famille de la victime, Jean-Marc Florand.&nbsp;<\/p>\n\n\n\n<p>Lors d&rsquo;un nouvel interrogatoire en janvier 2019, il avait&nbsp;<em>\u00ab\u00a0livr\u00e9 un r\u00e9cit plus \u00e9tay\u00e9 et plus coh\u00e9rent par rapport aux constatations m\u00e9dico-l\u00e9gales\u00a0\u00bb<\/em>, confie alors au<em>&nbsp;<a href=\"http:\/\/www.leparisien.fr\/faits-divers\/affaire-alexia-daval-une-reconstitution-pour-lever-les-ultimes-zones-d-ombres-16-06-2019-8094408.php\" target=\"_blank\" rel=\"noreferrer noopener\">Parisien<\/a>&nbsp;<\/em>l<em>&lsquo;<\/em>avocat de Jonathann Daval, Randall Schwerdorffer. Il reconnaissait&nbsp;des gifles lors d\u2019une dispute, alors qu&rsquo;il assurait, au d\u00e9part, vouloir&nbsp;<em>\u00ab\u00a0maintenir\u00a0\u00bb<\/em>&nbsp;sa femme en proie \u00e0 une&nbsp;<em>\u00ab\u00a0crise d&rsquo;hyst\u00e9rie\u00a0\u00bb<\/em>.<\/p>\n\n\n\n<p><strong>Ce qu&rsquo;il a expliqu\u00e9 lors de la reconstitution<\/strong>.&nbsp;Apr\u00e8s une empoignade,&nbsp;<em>\u00ab\u00a0il aurait frapp\u00e9 le visage de sa femme contre un mur en b\u00e9ton dans la descente d&rsquo;escalier et aurait ensuite, parce qu&rsquo;elle criait, (&#8230;) ass\u00e9n\u00e9 entre&nbsp;cinq et&nbsp;dix coups de poing au niveau du visage\u00a0\u00bb<\/em>, a d\u00e9taill\u00e9 le procureur. Puis l&rsquo;informaticien de 35 ans a&nbsp;expliqu\u00e9 l&rsquo;avoir \u00e9trangl\u00e9e&nbsp;<em>\u00ab\u00a0pendant environ 4&nbsp;minutes de fa\u00e7on continue\u00a0\u00bb<\/em>.&nbsp;<\/p>\n\n\n\n<p>Un r\u00e9cit et des faits&nbsp;<em>\u00ab\u00a0parfaitement coh\u00e9rents avec l&rsquo;ensemble des l\u00e9sions constat\u00e9es au niveau du thorax et de la face int\u00e9rieure du corps et au niveau du visage\u00a0\u00bb<\/em>, selon les m\u00e9decins l\u00e9gistes, \u00e9galement pr\u00e9sents lors de la reconstitution, a ajout\u00e9 le procureur.&nbsp;<\/p>\n\n\n\n<h2 class=\"wp-block-heading\">Il a admis avoir \u00ab\u00a0br\u00fbl\u00e9 partiellement\u00a0\u00bb le corps de son \u00e9pouse<\/h2>\n\n\n\n<p><strong>Ce que Jonathann Daval affirmait jusqu&rsquo;ici<\/strong>. Le r\u00e9cit de Jonathann Daval sur la chronologie du reste de la nuit \u00e0 son domicile restait flou. Il maintenait avoir pass\u00e9 la nuit chez lui apr\u00e8s avoir pris des cachets pour se suicider. Il expliquait avoir ensuite charg\u00e9 le corps au petit matin dans le coffre de sa voiture, avant de conduire et de le d\u00e9poser dans&nbsp;<em>\u00ab\u00a0le premier bois qui venait, \u00e0 l&rsquo;improviste\u00a0\u00bb<\/em>&nbsp;d&rsquo;apr\u00e8s le r\u00e9cit du&nbsp;<em><a href=\"https:\/\/www.lepoint.fr\/justice\/jonathann-daval-le-recit-d-une-nuit-et-des-interrogations-a-dissiper-16-06-2019-2319245_2386.php\" target=\"_blank\" rel=\"noreferrer noopener\">Point<\/a><\/em>.&nbsp;<\/p>\n\n\n\n<p>Par ailleurs, Jonathann Daval&nbsp;niait&nbsp;avoir br\u00fbl\u00e9 le corps de son \u00e9pouse. Mais plusieurs \u00e9l\u00e9ments mat\u00e9riels \u00e9taient pourtant venus accr\u00e9diter cette possibilit\u00e9 : une bombe a\u00e9rosol avait notamment \u00e9t\u00e9 retrouv\u00e9e au domicile du couple. Un expert avait affirm\u00e9 que cette bombe aurait pu \u00eatre utilis\u00e9e pour mettre le feu au corps.&nbsp;<\/p>\n\n\n\n<p>Enfin, il s&rsquo;agissait de savoir s&rsquo;il avait pu \u00eatre aid\u00e9 par un complice.&nbsp;<em>\u00ab\u00a0Pour moi, il n&rsquo;y a aucun doute sur le fait qu&rsquo;il y ait eu une complicit\u00e9 dans cette histoire\u00a0\u00bb<\/em>, avait d\u00e9clar\u00e9 son avocat, Randall Schwerdorffer, en juillet 2018 \u00e0&nbsp;<a href=\"https:\/\/www.francebleu.fr\/infos\/faits-divers-justice\/affaire-alexia-daval-la-sante-mentale-de-jonathann-est-intacte-et-il-y-a-eu-complicite-selon-l-1530861795\" target=\"_blank\" rel=\"noreferrer noopener\">France Bleu Besan\u00e7on<\/a>.&nbsp;<\/p>\n\n\n\n<p><strong>Ce qu&rsquo;il a expliqu\u00e9 lors de la reconstitution<\/strong>. C&rsquo;est l&rsquo;aboutissement principal de cette longue reconstitution : Jonathann a reconnu avoir proc\u00e9d\u00e9 lui-m\u00eame&nbsp;<em>\u00ab\u00a0\u00e0 la cr\u00e9mation partielle du corps\u00a0\u00bb<\/em>. La reconstitution a \u00e9galement montr\u00e9 que Jonathann Daval avait pu tirer et transporter le corps d&rsquo;Alexia Daval seul, jusque dans la for\u00eat, rapporte&nbsp;<em><a href=\"https:\/\/www.estrepublicain.fr\/edition-de-vesoul-haute-saone\/2019\/06\/17\/direct-reconstitution-du-meurtre-d-alexia-daval-jonathann-de-retour-sur-les-lieux-du-crime-gray-meurtre\" target=\"_blank\" rel=\"noreferrer noopener\">L&rsquo;Est R\u00e9publicain<\/a><\/em>.&nbsp;<\/p>\n\n\n\n<p>Son avocat, Randall Schwerdorffer, a&nbsp;\u00e9galement affirm\u00e9 que la reconstitution&nbsp;avait permis d&rsquo;exclure<em>&nbsp;\u00ab\u00a0totalement toute complicit\u00e9\u00a0\u00bb.<\/em>&nbsp;<em>\u00ab\u00a0Son positionnement \u00e9carte tout soup\u00e7on qui pourrait peser sur un membre de sa famille\u00a0\u00bb<\/em>, a-t-il ajout\u00e9.<\/p>\n","protected":false},"excerpt":{"rendered":"<p>\u00ab\u00a0Nous voulions la v\u00e9rit\u00e9, nous l&rsquo;avons eue.\u00a0\u00bb&nbsp;Ces&nbsp;mots d&rsquo;Isabelle Fouillot, la m\u00e8re d&rsquo;Alexia Daval,&nbsp;viennent ponctuer plus d&rsquo;un an et demi d&rsquo;enqu\u00eate autour du&nbsp;meurtre de sa fille.&nbsp;Apr\u00e8s une reconstitution de sept heures, lundi 17 juin, \u00e0&nbsp;Gray-la-Ville (Haute-Sa\u00f4ne), Jonathann Daval a finalement livr\u00e9 des aveux complets sur la mani\u00e8re dont il a&nbsp;tu\u00e9&nbsp;sa femme, en octobre 2017.&nbsp; Comme en [&hellip;]<\/p>\n","protected":false},"author":2,"featured_media":12567,"comment_status":"open","ping_status":"open","sticky":false,"template":"","format":"standard","meta":{"_jetpack_memberships_contains_paid_content":false,"footnotes":"","jetpack_publicize_message":"","jetpack_publicize_feature_enabled":true,"jetpack_social_post_already_shared":true,"jetpack_social_options":{"image_generator_settings":{"template":"highway","default_image_id":0,"font":"","enabled":false},"version":2},"_wpas_customize_per_network":false},"categories":[405],"tags":[],"class_list":["post-12566","post","type-post","status-publish","format-standard","has-post-thumbnail","hentry","category-actu-france-monde"],"jetpack_publicize_connections":[],"jetpack_featured_media_url":"https:\/\/i0.wp.com\/www.iceagetv.com\/radiosite\/wp-content\/uploads\/2019\/06\/Alexia-Daval.jpg?fit=1200%2C450&ssl=1","jetpack_sharing_enabled":true,"_links":{"self":[{"href":"https:\/\/www.iceagetv.com\/radiosite\/wp-json\/wp\/v2\/posts\/12566","targetHints":{"allow":["GET"]}}],"collection":[{"href":"https:\/\/www.iceagetv.com\/radiosite\/wp-json\/wp\/v2\/posts"}],"about":[{"href":"https:\/\/www.iceagetv.com\/radiosite\/wp-json\/wp\/v2\/types\/post"}],"author":[{"embeddable":true,"href":"https:\/\/www.iceagetv.com\/radiosite\/wp-json\/wp\/v2\/users\/2"}],"replies":[{"embeddable":true,"href":"https:\/\/www.iceagetv.com\/radiosite\/wp-json\/wp\/v2\/comments?post=12566"}],"version-history":[{"count":1,"href":"https:\/\/www.iceagetv.com\/radiosite\/wp-json\/wp\/v2\/posts\/12566\/revisions"}],"predecessor-version":[{"id":12568,"href":"https:\/\/www.iceagetv.com\/radiosite\/wp-json\/wp\/v2\/posts\/12566\/revisions\/12568"}],"wp:featuredmedia":[{"embeddable":true,"href":"https:\/\/www.iceagetv.com\/radiosite\/wp-json\/wp\/v2\/media\/12567"}],"wp:attachment":[{"href":"https:\/\/www.iceagetv.com\/radiosite\/wp-json\/wp\/v2\/media?parent=12566"}],"wp:term":[{"taxonomy":"category","embeddable":true,"href":"https:\/\/www.iceagetv.com\/radiosite\/wp-json\/wp\/v2\/categories?post=12566"},{"taxonomy":"post_tag","embeddable":true,"href":"https:\/\/www.iceagetv.com\/radiosite\/wp-json\/wp\/v2\/tags?post=12566"}],"curies":[{"name":"wp","href":"https:\/\/api.w.org\/{rel}","templated":true}]}}