{"id":12588,"date":"2019-06-20T12:54:42","date_gmt":"2019-06-20T12:54:42","guid":{"rendered":"http:\/\/www.iceagetv.com\/radiosite\/?p=12588"},"modified":"2019-06-20T12:54:49","modified_gmt":"2019-06-20T12:54:49","slug":"jacques-rancon-le-tueur-de-la-gare-de-perpignan-avoue-lassassinat-disabelle-mesnage-pres-damiens","status":"publish","type":"post","link":"https:\/\/www.iceagetv.com\/radiosite\/jacques-rancon-le-tueur-de-la-gare-de-perpignan-avoue-lassassinat-disabelle-mesnage-pres-damiens\/","title":{"rendered":"Jacques Ran\u00e7on, le \u00ab\u00a0tueur de la gare de Perpignan\u00a0\u00bb, avoue l\u2019assassinat d&rsquo;Isabelle Mesnage pr\u00e8s d&rsquo;Amiens"},"content":{"rendered":"\n<p>Jacques Ran\u00e7on, le&nbsp;<a href=\"https:\/\/www.francetvinfo.fr\/faits-divers\/disparues-de-perpignan\/\">\u00ab\u00a0tueur de la gare de Perpignan\u00a0\u00bb<\/a>, avoue jeudi 20 juin avoir tu\u00e9 Isabelle Mesnage pr\u00e8s d&rsquo;Amiens dans la Somme.&nbsp;<a href=\"https:\/\/www.francetvinfo.fr\/faits-divers\/disparues-de-perpignan\/jacques-rancon-le-tueur-de-la-gare-de-perpignan-en-garde-a-vue-pour-le-meurtre-d-une-femme-dans-la-somme-en-1986_3497215.html\">Il \u00e9tait en garde \u00e0 vue<\/a>&nbsp;depuis mardi 18 juin dans le cadre d&rsquo;une enqu\u00eate pour&nbsp;cet homicide vieux de plus 30 ans.<\/p>\n\n\n\n<h2 class=\"wp-block-heading\">Il s&rsquo;agit de son premier meurtre selon lui<\/h2>\n\n\n\n<p><em>\u00ab\u00a0Au cours de sa garde \u00e0 vue, pour laquelle il ne souhaitait pas l&rsquo;assistance d&rsquo;un avocat, il r\u00e9futait initialement les faits avant de les reconna\u00eetre avec de nombreux d\u00e9tails\u00a0\u00bb,<\/em>&nbsp;indique le parquet. Il a expliqu\u00e9 avoir&nbsp;<em>\u00ab\u00a0enlev\u00e9 Isabelle Mesnage le jour de sa disparition alors qu&rsquo;elle faisait du stop. Il l&rsquo;a frapp\u00e9e, viol\u00e9e avant de l&rsquo;\u00e9trangler\u00a0\u00bb,<\/em>&nbsp;pr\u00e9cise le parquet.<\/p>\n\n\n\n<p>Selon Jacques Ran\u00e7on, il s&rsquo;agit&nbsp;<em>\u00ab\u00a0de son tout premier meurtre\u00a0\u00bb.&nbsp;<\/em>Le \u00ab\u00a0tueur de la gare de Perpignan\u00a0\u00bb, qui vivait dans la Somme \u00e0 l&rsquo;\u00e9poque,&nbsp;<em>\u00ab\u00a0affirme qu\u2019il n\u2019existe pas d\u2019autres victimes d\u2019homicide que les trois victimes identifi\u00e9es \u00e0 ce jour\u00a0\u00bb.<\/em>&nbsp;Il&nbsp;a \u00e9t\u00e9 mis en examen ce jeudi pour \u00ab\u00a0assassinat et viol\u00a0\u00bb.<\/p>\n\n\n\n<p>Le corps&nbsp;de la victime, Isabelle Mesnage,&nbsp;avait \u00e9t\u00e9 retrouv\u00e9 le 4&nbsp;juillet 1986 aux abords d&rsquo;un chemin de randonn\u00e9e \u00e0 Villers-Bretonneux (Somme). La jeune femme de 20&nbsp;ans \u00e9tait port\u00e9e disparue depuis cinq jours, alors qu\u2019elle \u00e9tait partie faire une randonn\u00e9e.&nbsp;Le corps portait des traces de coups. L\u2019enqu\u00eate ouverte par les gendarmes avait explor\u00e9 de nombreuses pistes pendant plusieurs ann\u00e9es, sans r\u00e9sultat, selon France Bleu Picardie. Le dossier avait fait l\u2019objet d\u2019un non-lieu le 26 f\u00e9vrier 1992.<\/p>\n\n\n\n<h2 class=\"wp-block-heading\">L&rsquo;homme d\u00e9j\u00e0 condamn\u00e9 pour viol et meurtre&nbsp;<\/h2>\n\n\n\n<p>\u00c0 la suite de l\u2019intervention de la famille de la victime, une enqu\u00eate a \u00e9t\u00e9 diligent\u00e9e par le parquet d\u2019Amiens le 21 avril 2018. Cette enqu\u00eate a abouti \u00e0 une r\u00e9ouverture d\u2019information judiciaire pour charges nouvelles le 1er octobre 2018 et \u00e0 la saisine de deux magistrats instructeurs.<br><\/p>\n\n\n\n<p>Le \u00ab\u00a0tueur de la gare de Perpignan\u00a0\u00bb avait \u00e9t\u00e9 extrait de sa cellule de la prison de B\u00e9ziers dans l&rsquo;H\u00e9rault o\u00f9 il purge une peine.&nbsp;Jacques Ran\u00e7on&nbsp;<a href=\"https:\/\/www.francetvinfo.fr\/faits-divers\/disparues-de-perpignan\/jacques-rancon-surnomme-le-tueur-de-la-gare-de-perpignan-condamne-a-la-prison-a-vie-avec-une-peine-de-surete-de-22-ans_2675348.html\">a d\u00e9j\u00e0 \u00e9t\u00e9 condamn\u00e9 en 2018 \u00e0 la r\u00e9clusion criminelle \u00e0 perp\u00e9tuit\u00e9<\/a>&nbsp;pour le viol et le meurtre de deux femmes \u00e0 Perpignan \u00e0 la fin des ann\u00e9es 1990.&nbsp;<\/p>\n","protected":false},"excerpt":{"rendered":"<p>Jacques Ran\u00e7on, le&nbsp;\u00ab\u00a0tueur de la gare de Perpignan\u00a0\u00bb, avoue jeudi 20 juin avoir tu\u00e9 Isabelle Mesnage pr\u00e8s d&rsquo;Amiens dans la Somme.&nbsp;Il \u00e9tait en garde \u00e0 vue&nbsp;depuis mardi 18 juin dans le cadre d&rsquo;une enqu\u00eate pour&nbsp;cet homicide vieux de plus 30 ans. Il s&rsquo;agit de son premier meurtre selon lui \u00ab\u00a0Au cours de sa garde \u00e0 [&hellip;]<\/p>\n","protected":false},"author":2,"featured_media":12589,"comment_status":"open","ping_status":"open","sticky":false,"template":"","format":"standard","meta":{"_jetpack_memberships_contains_paid_content":false,"footnotes":"","jetpack_publicize_message":"","jetpack_publicize_feature_enabled":true,"jetpack_social_post_already_shared":true,"jetpack_social_options":{"image_generator_settings":{"template":"highway","default_image_id":0,"font":"","enabled":false},"version":2},"_wpas_customize_per_network":false},"categories":[405],"tags":[],"class_list":["post-12588","post","type-post","status-publish","format-standard","has-post-thumbnail","hentry","category-actu-france-monde"],"jetpack_publicize_connections":[],"jetpack_featured_media_url":"https:\/\/i0.wp.com\/www.iceagetv.com\/radiosite\/wp-content\/uploads\/2019\/06\/Jacques-Ran%C3%A7on.jpg?fit=1196%2C450&ssl=1","jetpack_sharing_enabled":true,"_links":{"self":[{"href":"https:\/\/www.iceagetv.com\/radiosite\/wp-json\/wp\/v2\/posts\/12588","targetHints":{"allow":["GET"]}}],"collection":[{"href":"https:\/\/www.iceagetv.com\/radiosite\/wp-json\/wp\/v2\/posts"}],"about":[{"href":"https:\/\/www.iceagetv.com\/radiosite\/wp-json\/wp\/v2\/types\/post"}],"author":[{"embeddable":true,"href":"https:\/\/www.iceagetv.com\/radiosite\/wp-json\/wp\/v2\/users\/2"}],"replies":[{"embeddable":true,"href":"https:\/\/www.iceagetv.com\/radiosite\/wp-json\/wp\/v2\/comments?post=12588"}],"version-history":[{"count":1,"href":"https:\/\/www.iceagetv.com\/radiosite\/wp-json\/wp\/v2\/posts\/12588\/revisions"}],"predecessor-version":[{"id":12590,"href":"https:\/\/www.iceagetv.com\/radiosite\/wp-json\/wp\/v2\/posts\/12588\/revisions\/12590"}],"wp:featuredmedia":[{"embeddable":true,"href":"https:\/\/www.iceagetv.com\/radiosite\/wp-json\/wp\/v2\/media\/12589"}],"wp:attachment":[{"href":"https:\/\/www.iceagetv.com\/radiosite\/wp-json\/wp\/v2\/media?parent=12588"}],"wp:term":[{"taxonomy":"category","embeddable":true,"href":"https:\/\/www.iceagetv.com\/radiosite\/wp-json\/wp\/v2\/categories?post=12588"},{"taxonomy":"post_tag","embeddable":true,"href":"https:\/\/www.iceagetv.com\/radiosite\/wp-json\/wp\/v2\/tags?post=12588"}],"curies":[{"name":"wp","href":"https:\/\/api.w.org\/{rel}","templated":true}]}}