{"id":12612,"date":"2019-06-24T16:29:36","date_gmt":"2019-06-24T16:29:36","guid":{"rendered":"http:\/\/www.iceagetv.com\/radiosite\/?p=12612"},"modified":"2019-06-24T16:29:42","modified_gmt":"2019-06-24T16:29:42","slug":"report-des-epreuves-du-brevet-des-colleges-a-cause-de-la-canicule","status":"publish","type":"post","link":"https:\/\/www.iceagetv.com\/radiosite\/report-des-epreuves-du-brevet-des-colleges-a-cause-de-la-canicule\/","title":{"rendered":"Report des \u00e9preuves du brevet des coll\u00e8ges \u00e0 cause de la canicule"},"content":{"rendered":"\n<p>Le ministre de l\u2019\u00e9ducation nationale, Jean-Michel Blanquer, a fait savoir, lundi 24&nbsp;juin, que les \u00e9preuves du brevet des coll\u00e8ges allaient \u00eatre report\u00e9es lundi&nbsp;1<sup>er<\/sup>&nbsp;et mardi 2&nbsp;juillet, en raison de la forte canicule qui va toucher l\u2019ensemble de la France jeudi&nbsp;27 et vendredi 28&nbsp;juin, jours o\u00f9 devaient se tenir les \u00e9preuves.<\/p>\n\n\n\n<p><em>\u00ab\u00a0Cette mesure vaut pour la France hexagonale uniquement<\/em>, a ajout\u00e9 le ministre.<em>\u00a0Les convocations vont \u00eatre r\u00e9\u00e9dit\u00e9es d\u00e8s demain [mardi 25\u00a0juin]. L\u2019ordre et le lieu ne changent pas, seule la date sera modifi\u00e9e\u00a0\u00bb<\/em>, a ajout\u00e9 le ministre. Le report des \u00e9preuves a \u00e9t\u00e9 d\u00e9cid\u00e9\u00a0<em>\u00ab\u00a0pour garantir la s\u00e9curit\u00e9 des \u00e9l\u00e8ves\u00a0\u00bb<\/em>, a-t-il soulign\u00e9.<\/p>\n\n\n\n<p>En cas d\u2019emp\u00eachements majeurs suite \u00e0 ce calendrier modifi\u00e9,&nbsp;<em>\u00ab&nbsp;certains \u00e9l\u00e8ves pourront participer \u00e0 la session de septembre&nbsp;\u00bb<\/em>. Cela restera une exception et chaque cas sera soumis aux chefs d\u2019\u00e9tablissements.<\/p>\n\n\n\n<h2 class=\"wp-block-heading\">Prot\u00e9ger les \u00e9l\u00e8ves de la canicule<\/h2>\n\n\n\n<p>Plus t\u00f4t dans la journ\u00e9e, le minist\u00e8re de l\u2019\u00e9ducation a envoy\u00e9 aux \u00e9tablissements scolaires plusieurs consignes visant \u00e0 prot\u00e9ger au mieux les \u00e9l\u00e8ves de la canicule durant cette semaine, des recommandations qui suscitent parfois le scepticisme des enseignants.<\/p>\n\n\n\n<p><em>\u00ab&nbsp;Dans bien des cas, le b\u00e2ti ne permet pas de r\u00e9pondre&nbsp;\u00bb<\/em>&nbsp;aux cons\u00e9quences de la canicule, a comment\u00e9 le Snuipp-FSU, premier syndicat chez les enseignants des \u00e9coles maternelles et \u00e9l\u00e9mentaires, qui liste quelques-uns des manquements&nbsp;: absence de volets ou de stores, notamment sur les baies vitr\u00e9es, locaux mal isol\u00e9s, points d\u2019eau insuffisants ou trop loin des salles de classes, cours de r\u00e9cr\u00e9ation sans ombre, absence de climatisation ou de brumisateur, etc.<\/p>\n\n\n\n<p>Le Snuipp-FSU recommande de&nbsp;<em>\u00ab&nbsp;s\u2019atteler s\u00e9rieusement \u00e0 une adaptation du b\u00e2ti scolaire existant et du cahier des charges pour constructions d\u2019\u00e9coles&nbsp;\u00bb<\/em>&nbsp;en raison du r\u00e9chauffement climatique. La FCPE, premi\u00e8re f\u00e9d\u00e9ration de parents d\u2019\u00e9l\u00e8ves, demande de son c\u00f4t\u00e9 aux autorit\u00e9s la permission de&nbsp;<em>\u00ab&nbsp;lib\u00e9rer les jeunes plus t\u00f4t dans la journ\u00e9e, voire de fermer les \u00e9coles et les coll\u00e8ges le temps de la canicule et des pics de pollution&nbsp;\u00bb<\/em>.<\/p>\n","protected":false},"excerpt":{"rendered":"<p>Le ministre de l\u2019\u00e9ducation nationale, Jean-Michel Blanquer, a fait savoir, lundi 24&nbsp;juin, que les \u00e9preuves du brevet des coll\u00e8ges allaient \u00eatre report\u00e9es lundi&nbsp;1er&nbsp;et mardi 2&nbsp;juillet, en raison de la forte canicule qui va toucher l\u2019ensemble de la France jeudi&nbsp;27 et vendredi 28&nbsp;juin, jours o\u00f9 devaient se tenir les \u00e9preuves. \u00ab\u00a0Cette mesure vaut pour la France [&hellip;]<\/p>\n","protected":false},"author":2,"featured_media":12613,"comment_status":"open","ping_status":"open","sticky":false,"template":"","format":"standard","meta":{"_jetpack_memberships_contains_paid_content":false,"footnotes":"","jetpack_publicize_message":"","jetpack_publicize_feature_enabled":true,"jetpack_social_post_already_shared":true,"jetpack_social_options":{"image_generator_settings":{"template":"highway","default_image_id":0,"font":"","enabled":false},"version":2},"_wpas_customize_per_network":false},"categories":[405],"tags":[],"class_list":["post-12612","post","type-post","status-publish","format-standard","has-post-thumbnail","hentry","category-actu-france-monde"],"jetpack_publicize_connections":[],"jetpack_featured_media_url":"https:\/\/i0.wp.com\/www.iceagetv.com\/radiosite\/wp-content\/uploads\/2019\/06\/Report-des-%C3%A9preuves-du-brevet-des-coll%C3%A8ges.jpg?fit=688%2C459&ssl=1","jetpack_sharing_enabled":true,"_links":{"self":[{"href":"https:\/\/www.iceagetv.com\/radiosite\/wp-json\/wp\/v2\/posts\/12612","targetHints":{"allow":["GET"]}}],"collection":[{"href":"https:\/\/www.iceagetv.com\/radiosite\/wp-json\/wp\/v2\/posts"}],"about":[{"href":"https:\/\/www.iceagetv.com\/radiosite\/wp-json\/wp\/v2\/types\/post"}],"author":[{"embeddable":true,"href":"https:\/\/www.iceagetv.com\/radiosite\/wp-json\/wp\/v2\/users\/2"}],"replies":[{"embeddable":true,"href":"https:\/\/www.iceagetv.com\/radiosite\/wp-json\/wp\/v2\/comments?post=12612"}],"version-history":[{"count":1,"href":"https:\/\/www.iceagetv.com\/radiosite\/wp-json\/wp\/v2\/posts\/12612\/revisions"}],"predecessor-version":[{"id":12614,"href":"https:\/\/www.iceagetv.com\/radiosite\/wp-json\/wp\/v2\/posts\/12612\/revisions\/12614"}],"wp:featuredmedia":[{"embeddable":true,"href":"https:\/\/www.iceagetv.com\/radiosite\/wp-json\/wp\/v2\/media\/12613"}],"wp:attachment":[{"href":"https:\/\/www.iceagetv.com\/radiosite\/wp-json\/wp\/v2\/media?parent=12612"}],"wp:term":[{"taxonomy":"category","embeddable":true,"href":"https:\/\/www.iceagetv.com\/radiosite\/wp-json\/wp\/v2\/categories?post=12612"},{"taxonomy":"post_tag","embeddable":true,"href":"https:\/\/www.iceagetv.com\/radiosite\/wp-json\/wp\/v2\/tags?post=12612"}],"curies":[{"name":"wp","href":"https:\/\/api.w.org\/{rel}","templated":true}]}}