{"id":12615,"date":"2019-06-24T16:33:19","date_gmt":"2019-06-24T16:33:19","guid":{"rendered":"http:\/\/www.iceagetv.com\/radiosite\/?p=12615"},"modified":"2019-06-24T16:33:25","modified_gmt":"2019-06-24T16:33:25","slug":"canicule-meteo-france-place-53-departements-en-alerte-orange","status":"publish","type":"post","link":"https:\/\/www.iceagetv.com\/radiosite\/canicule-meteo-france-place-53-departements-en-alerte-orange\/","title":{"rendered":"Canicule: M\u00e9t\u00e9o-France place 53 d\u00e9partements en alerte orange"},"content":{"rendered":"\n<p><a href=\"https:\/\/www.20minutes.fr\/societe\/2547555-20190624-canicule-vague-chaleur-arrive-france\">Face \u00e0 la vague de chaleur attendue<\/a>\u00a0cette semaine sur l\u2019Hexagone, 53 d\u00e9partements ont \u00e9t\u00e9 plac\u00e9s en vigilance orange pour la canicule,\u00a0<a rel=\"noreferrer noopener\" href=\"http:\/\/vigilance.meteofrance.com\/\" target=\"_blank\">a annonc\u00e9 M\u00e9t\u00e9o-France<\/a>, publi\u00e9 ce lundi.<\/p>\n\n\n\n<p>Quarante-huit d\u00e9partements rejoignent ainsi Paris, sa petite couronne et la Seine-et-Marne, en vigilance depuis la fin de la nuit. Une&nbsp;<a href=\"https:\/\/www.20minutes.fr\/dossier\/canicule\">canicule&nbsp;<\/a>d\u2019une pr\u00e9cocit\u00e9 sans pr\u00e9c\u00e9dent a d\u00e9marr\u00e9 sur la France, avec des temp\u00e9ratures&nbsp;<a href=\"https:\/\/www.20minutes.fr\/societe\/2546647-20190622-canicule-semaine-chaleurs-exceptionnelles-previsions-jour-jour\">qui pourraient d\u00e9passer dans la semaine les 40&nbsp;\u00b0C<\/a>.<\/p>\n\n\n\n<h2 class=\"wp-block-heading\">Des temp\u00e9ratures d\u00e9j\u00e0 tr\u00e8s \u00e9lev\u00e9es<\/h2>\n\n\n\n<p>Les d\u00e9partements concern\u00e9s sont&nbsp;:&nbsp;l\u2019Ain, l\u2019Allier, les Ardennes, l\u2019Aube, le Cantal, la Charente, le Cher, la Corr\u00e8ze, la C\u00f4te-d\u2019Or, la Creuse, la Dordogne, le Doubs, la Dr\u00f4me, l\u2019Eure-et-Loir, l\u2019Indre, l\u2019Indre-et-Loire, l\u2019Is\u00e8re, le Jura, la Loir-et-Cher, la Loire, la Haute-Loire, la Loiret, le Lot, la Marne, la Haute-Marne, la Meurthe-et-Moselle, la Meuse, la Moselle, la Ni\u00e8vre, le Puy-de-D\u00f4me, le Bas-Rhin, le Haut-Rhin, le Rh\u00f4ne, la Haute-Sa\u00f4ne, la Sa\u00f4ne-et-Loire, la Savoie, la Seine-et-Marne, la Haute-Savoie, les Yvelines, les Deux-S\u00e8vres, le Tarn, le Tarn-et-Garonne, la Vienne, la Haute-Vienne, les Vosges, l\u2019Yonne, le Territoire de Belfort, l\u2019Essonne, le Val-d\u2019Oise, ainsi que Paris et la petite couronne.<\/p>\n\n\n\n<p>Lundi apr\u00e8s-midi, les temp\u00e9ratures \u00e9taient tr\u00e8s souvent au-dessus des 30\u00b0C, de la Seine-et-Marne au Centre \u00e0 l\u2019Auvergne et la Bourgogne, mais \u00e9galement en basse et moyenne vall\u00e9e du Rh\u00f4ne.<\/p>\n","protected":false},"excerpt":{"rendered":"<p>Face \u00e0 la vague de chaleur attendue\u00a0cette semaine sur l\u2019Hexagone, 53 d\u00e9partements ont \u00e9t\u00e9 plac\u00e9s en vigilance orange pour la canicule,\u00a0a annonc\u00e9 M\u00e9t\u00e9o-France, publi\u00e9 ce lundi. Quarante-huit d\u00e9partements rejoignent ainsi Paris, sa petite couronne et la Seine-et-Marne, en vigilance depuis la fin de la nuit. Une&nbsp;canicule&nbsp;d\u2019une pr\u00e9cocit\u00e9 sans pr\u00e9c\u00e9dent a d\u00e9marr\u00e9 sur la France, avec [&hellip;]<\/p>\n","protected":false},"author":2,"featured_media":12616,"comment_status":"open","ping_status":"open","sticky":false,"template":"","format":"standard","meta":{"_jetpack_memberships_contains_paid_content":false,"footnotes":"","jetpack_publicize_message":"","jetpack_publicize_feature_enabled":true,"jetpack_social_post_already_shared":true,"jetpack_social_options":{"image_generator_settings":{"template":"highway","default_image_id":0,"font":"","enabled":false},"version":2},"_wpas_customize_per_network":false},"categories":[14],"tags":[],"class_list":["post-12615","post","type-post","status-publish","format-standard","has-post-thumbnail","hentry","category-actu-meteo"],"jetpack_publicize_connections":[],"jetpack_featured_media_url":"https:\/\/i0.wp.com\/www.iceagetv.com\/radiosite\/wp-content\/uploads\/2019\/06\/M%C3%A9t%C3%A9o-France-place-53-d%C3%A9partements-en-alerte-orange.jpg?fit=1200%2C673&ssl=1","jetpack_sharing_enabled":true,"_links":{"self":[{"href":"https:\/\/www.iceagetv.com\/radiosite\/wp-json\/wp\/v2\/posts\/12615","targetHints":{"allow":["GET"]}}],"collection":[{"href":"https:\/\/www.iceagetv.com\/radiosite\/wp-json\/wp\/v2\/posts"}],"about":[{"href":"https:\/\/www.iceagetv.com\/radiosite\/wp-json\/wp\/v2\/types\/post"}],"author":[{"embeddable":true,"href":"https:\/\/www.iceagetv.com\/radiosite\/wp-json\/wp\/v2\/users\/2"}],"replies":[{"embeddable":true,"href":"https:\/\/www.iceagetv.com\/radiosite\/wp-json\/wp\/v2\/comments?post=12615"}],"version-history":[{"count":1,"href":"https:\/\/www.iceagetv.com\/radiosite\/wp-json\/wp\/v2\/posts\/12615\/revisions"}],"predecessor-version":[{"id":12617,"href":"https:\/\/www.iceagetv.com\/radiosite\/wp-json\/wp\/v2\/posts\/12615\/revisions\/12617"}],"wp:featuredmedia":[{"embeddable":true,"href":"https:\/\/www.iceagetv.com\/radiosite\/wp-json\/wp\/v2\/media\/12616"}],"wp:attachment":[{"href":"https:\/\/www.iceagetv.com\/radiosite\/wp-json\/wp\/v2\/media?parent=12615"}],"wp:term":[{"taxonomy":"category","embeddable":true,"href":"https:\/\/www.iceagetv.com\/radiosite\/wp-json\/wp\/v2\/categories?post=12615"},{"taxonomy":"post_tag","embeddable":true,"href":"https:\/\/www.iceagetv.com\/radiosite\/wp-json\/wp\/v2\/tags?post=12615"}],"curies":[{"name":"wp","href":"https:\/\/api.w.org\/{rel}","templated":true}]}}