{"id":12634,"date":"2019-06-26T07:59:03","date_gmt":"2019-06-26T07:59:03","guid":{"rendered":"http:\/\/www.iceagetv.com\/radiosite\/?p=12634"},"modified":"2019-06-26T07:59:10","modified_gmt":"2019-06-26T07:59:10","slug":"speciale-canicule-il-ne-peut-jamais-y-avoir-zero-mort-a-lissue-dune-canicule-notamment-chez-les-personnes-tres-agees-et-tres-fragiles-previent-la-ministre-des-solidarites-et","status":"publish","type":"post","link":"https:\/\/www.iceagetv.com\/radiosite\/speciale-canicule-il-ne-peut-jamais-y-avoir-zero-mort-a-lissue-dune-canicule-notamment-chez-les-personnes-tres-agees-et-tres-fragiles-previent-la-ministre-des-solidarites-et\/","title":{"rendered":"Sp\u00e9ciale Canicule : \u00ab\u00a0Il ne peut jamais y avoir z\u00e9ro mort \u00e0 l\u2019issue d\u2019une canicule, notamment chez les personnes tr\u00e8s \u00e2g\u00e9es et tr\u00e8s fragiles\u00a0\u00bb, pr\u00e9vient la ministre des Solidarit\u00e9s et de la sant\u00e9, Agn\u00e8s Buzyn"},"content":{"rendered":"\n<p>Partout on s\u2019organise, y compris pour les spectateurs et \u00e9quipes du Mondial de foot f\u00e9minin: messages de prudence aux premiers, boissons sp\u00e9ciales pour les secondes.<br>Il ne peut jamais y avoir z\u00e9ro mort \u00e0 l\u2019issue d\u2019une canicule, notamment chez les personnes tr\u00e8s \u00e2g\u00e9es et tr\u00e8s fragiles\u00a0\u00bb, pr\u00e9vient la ministre des Solidarit\u00e9s et de la sant\u00e9, Agn\u00e8s Buzyn, sur Europe 1.<br>Le pr\u00e9sident de la m\u00e9tropole de Lyon, David Kimelfed, a obtenu lui aussi la circulation diff\u00e9renci\u00e9e dans les villes de Lyon et de Villeurbanne \u00e0 partir de mercredi, \u00ab\u00a0en anticipation \u00e0 l&rsquo;\u00e9pisode de pollution\u00a0\u00bb, a indiqu\u00e9 son cabinet. La circulation diff\u00e9renci\u00e9e sera \u00e9galement mise en place jeudi \u00e0 Strasbourg, a annonc\u00e9 mardi la pr\u00e9fecture du Bas-Rhin. \u00ab\u00a0Seuls les v\u00e9hicules \u00e9quip\u00e9s de vignettes vertes (\u00e9lectriques), de vignettes 1, 2 ou 3 seront autoris\u00e9s \u00e0 circuler\u00a0\u00bb, selon un communiqu\u00e9<br><strong>La chaleur va encore monter d&rsquo;un cran ce mercredi en France, \u00e0 la veille du pic attendu de canicule, et la circulation diff\u00e9renci\u00e9e a \u00e9t\u00e9 mise en place \u00e0 Paris<\/strong>. Cet \u00e9pisode caniculaire exceptionnel pour une fin juin va se poursuivre et la mont\u00e9e des temp\u00e9ratures va gagner les r\u00e9gions plus \u00e0 l&rsquo;ouest, pr\u00e9vient M\u00e9t\u00e9o-France. Un total de 65 d\u00e9partements ont \u00e9t\u00e9 plac\u00e9s en vigilance \u00ab\u00a0orange\u00a0\u00bb. Parmi eux l&rsquo;ensemble des d\u00e9partements des r\u00e9gions Grand-Est, Bourgogne-Franche-Comt\u00e9, Auvergne Rh\u00f4ne-Alpes, Limousin, \u00cele de France et Centre Val de Loire. M\u00e9t\u00e9o-France pr\u00e9voit 40\u00b0C voire plus dans le Limousin, le P\u00e9rigord, les vall\u00e9es du Massif Central, alpines et du Rh\u00f4ne, jusqu&rsquo;aux portes de la Provence. D&rsquo;autres records de chaleur sont attendus localement. Au sud et au long de la Loire, les temp\u00e9ratures oscilleront 35 et 38\u00b0C.<br><strong>Face \u00e0 l&rsquo;\u00e9pisode de pollution \u00e0 l&rsquo;ozone en r\u00e9gion parisienne, le gouvernement a donn\u00e9 consigne mardi \u00e0 la pr\u00e9fecture de police de Paris de mettre en place d\u00e8s mercredi la circulation diff\u00e9renci\u00e9e dans l&rsquo;agglom\u00e9ration<\/strong>, affichant sa volont\u00e9 d&rsquo;agir \u00ab\u00a0vite\u00a0\u00bb et de fa\u00e7on \u00ab\u00a0efficace\u00a0\u00bb sur ce dossier. Le pr\u00e9sident de la m\u00e9tropole de Lyon, David Kimelfed, a obtenu lui aussi la circulation diff\u00e9renci\u00e9e dans les villes de Lyon et de Villeurbanne \u00e0 partir de mercredi, \u00ab\u00a0en anticipation \u00e0 l&rsquo;\u00e9pisode de pollution\u00a0\u00bb, a indiqu\u00e9 son cabinet. En raison de la vague de chaleur \u00ab\u00a0tr\u00e8s inhabituelle\u00a0\u00bb que conna\u00eet actuellement l&rsquo;Ile-de-France, le pr\u00e9fet de police de Paris Didier Lallement a d\u00e9cid\u00e9 de mettre en place la circulation diff\u00e9renci\u00e9e \u00ab\u00a0de mani\u00e8re exceptionnelle et de fa\u00e7on anticip\u00e9e\u00a0\u00bb, a annonc\u00e9 mardi soir la pr\u00e9fecture de police dans un communiqu\u00e9. Une d\u00e9cision \u00ab\u00a0en parfaite conformit\u00e9 avec le cadre d&rsquo;action fix\u00e9\u00a0\u00bb par le ministre de la Transition \u00e9cologique Fran\u00e7ois de Rugy, ajoute le texte. Seuls les v\u00e9hicules munis d&rsquo;une vignette Crit&rsquo;Air de classe 0, 1 et 2 seront autoris\u00e9s \u00e0 circuler \u00e0 l&rsquo;int\u00e9rieur du p\u00e9rim\u00e8tre d\u00e9limit\u00e9 par l&rsquo;A86, soit Paris et la petite couronne. Les autres v\u00e9hicules, voitures \u00e0 essence immatricul\u00e9es avant fin 2005 et diesel immatricul\u00e9es avant fin 2010 (vignettes Crit&rsquo;Air 4, 5 mais aussi d\u00e9sormais 3), ne pourront pas circuler. La maire de Paris Anne Hidalgo a annonc\u00e9 dans un communiqu\u00e9 qu'\u00a0\u00bbun forfait sp\u00e9cifique +pic de pollution+ sera disponible sur le r\u00e9seau francilien de transports collectifs pour que les Franciliens et les visiteurs puissen<\/p>\n","protected":false},"excerpt":{"rendered":"<p>Partout on s\u2019organise, y compris pour les spectateurs et \u00e9quipes du Mondial de foot f\u00e9minin: messages de prudence aux premiers, boissons sp\u00e9ciales pour les secondes.Il ne peut jamais y avoir z\u00e9ro mort \u00e0 l\u2019issue d\u2019une canicule, notamment chez les personnes tr\u00e8s \u00e2g\u00e9es et tr\u00e8s fragiles\u00a0\u00bb, pr\u00e9vient la ministre des Solidarit\u00e9s et de la sant\u00e9, Agn\u00e8s [&hellip;]<\/p>\n","protected":false},"author":2,"featured_media":12635,"comment_status":"open","ping_status":"open","sticky":false,"template":"","format":"standard","meta":{"_jetpack_memberships_contains_paid_content":false,"footnotes":"","jetpack_publicize_message":"","jetpack_publicize_feature_enabled":true,"jetpack_social_post_already_shared":true,"jetpack_social_options":{"image_generator_settings":{"template":"highway","default_image_id":0,"font":"","enabled":false},"version":2},"_wpas_customize_per_network":false},"categories":[14],"tags":[],"class_list":["post-12634","post","type-post","status-publish","format-standard","has-post-thumbnail","hentry","category-actu-meteo"],"jetpack_publicize_connections":[],"jetpack_featured_media_url":"https:\/\/i0.wp.com\/www.iceagetv.com\/radiosite\/wp-content\/uploads\/2019\/06\/Sp%C3%A9ciale-Canicule.jpg?fit=920%2C397&ssl=1","jetpack_sharing_enabled":true,"_links":{"self":[{"href":"https:\/\/www.iceagetv.com\/radiosite\/wp-json\/wp\/v2\/posts\/12634","targetHints":{"allow":["GET"]}}],"collection":[{"href":"https:\/\/www.iceagetv.com\/radiosite\/wp-json\/wp\/v2\/posts"}],"about":[{"href":"https:\/\/www.iceagetv.com\/radiosite\/wp-json\/wp\/v2\/types\/post"}],"author":[{"embeddable":true,"href":"https:\/\/www.iceagetv.com\/radiosite\/wp-json\/wp\/v2\/users\/2"}],"replies":[{"embeddable":true,"href":"https:\/\/www.iceagetv.com\/radiosite\/wp-json\/wp\/v2\/comments?post=12634"}],"version-history":[{"count":1,"href":"https:\/\/www.iceagetv.com\/radiosite\/wp-json\/wp\/v2\/posts\/12634\/revisions"}],"predecessor-version":[{"id":12636,"href":"https:\/\/www.iceagetv.com\/radiosite\/wp-json\/wp\/v2\/posts\/12634\/revisions\/12636"}],"wp:featuredmedia":[{"embeddable":true,"href":"https:\/\/www.iceagetv.com\/radiosite\/wp-json\/wp\/v2\/media\/12635"}],"wp:attachment":[{"href":"https:\/\/www.iceagetv.com\/radiosite\/wp-json\/wp\/v2\/media?parent=12634"}],"wp:term":[{"taxonomy":"category","embeddable":true,"href":"https:\/\/www.iceagetv.com\/radiosite\/wp-json\/wp\/v2\/categories?post=12634"},{"taxonomy":"post_tag","embeddable":true,"href":"https:\/\/www.iceagetv.com\/radiosite\/wp-json\/wp\/v2\/tags?post=12634"}],"curies":[{"name":"wp","href":"https:\/\/api.w.org\/{rel}","templated":true}]}}