{"id":12637,"date":"2019-06-26T08:15:37","date_gmt":"2019-06-26T08:15:37","guid":{"rendered":"http:\/\/www.iceagetv.com\/radiosite\/?p=12637"},"modified":"2019-06-26T08:15:39","modified_gmt":"2019-06-26T08:15:39","slug":"la-france-epinglee-pour-ne-pas-agir-assez-contre-le-rechauffement-climatique","status":"publish","type":"post","link":"https:\/\/www.iceagetv.com\/radiosite\/la-france-epinglee-pour-ne-pas-agir-assez-contre-le-rechauffement-climatique\/","title":{"rendered":"La France \u00e9pingl\u00e9e pour ne pas agir assez contre le r\u00e9chauffement climatique"},"content":{"rendered":"\n<h2 class=\"wp-block-heading\">Objectifs ambitieux\u00a0\u00bb mais \u00ab\u00a0actions insuffisantes\u00a0\u00bb, \u00ab\u00a0dispositifs trop faibles\u00a0\u00bb&#8230; le Haut conseil pour le climat (HCC), mis en place par Emmanuel Macron en 2018, invite la France \u00e0 revoir sa politique de lutte contre le r\u00e9chauffement. Principal accus\u00e9: le transport.<\/h2>\n\n\n\n<p>\u00ab\u00a0Les actions engag\u00e9es restent insuffisantes, alors que l&rsquo;ensemble des politiques climatiques devrait d\u00e8s maintenant \u00eatre renforc\u00e9\u00a0\u00bb, note le premier rapport du Haut conseil pour le climat (HCC), publi\u00e9 en plein coeur d&rsquo;une canicule qui risque de se r\u00e9p\u00e9ter avec le d\u00e9r\u00e8glement climatique en cours.<\/p>\n\n\n\n<p>Ce diagnostic sans concession d&rsquo;une cinquantaine de pages, intitul\u00e9 \u00ab\u00a0Agir en coh\u00e9rence avec les ambitions\u00a0\u00bb, a \u00e9t\u00e9 remis mardi soir au Premier ministre \u00c9douard Philippe. Le gouvernement a six mois pour y r\u00e9pondre devant le Parlement.<\/p>\n\n\n\n<h3 class=\"wp-block-heading\">\u00ab\u00a0Les engagements de la France ont peu de chance d&rsquo;\u00eatre tenus\u00a0\u00bb<\/h3>\n\n\n\n<p>Instance ind\u00e9pendante, le HCC, compos\u00e9 de onze experts reconnus, y salue la d\u00e9cision du pays d&rsquo;inscrire dans la loi un objectif de neutralit\u00e9 carbone en 2050. Cet objectif tr\u00e8s ambitieux implique que la France n&rsquo;\u00e9mette \u00e0 cette \u00e9ch\u00e9ance, pas plus de gaz \u00e0 effet de serre que ses \u00ab\u00a0puits\u00a0\u00bb &#8211; sols, for\u00eats&#8230; &#8211; ne peuvent en absorber.<\/p>\n\n\n\n<p>Mais \u00ab\u00a0au rythme actuel, les engagements de la France ont peu de chance d&rsquo;\u00eatre tenus\u00a0\u00bb, explique sa pr\u00e9sidente, la climatologue Corinne Le Qu\u00e9r\u00e9.<\/p>\n\n\n\n<p>\u00ab\u00a0Tant que l&rsquo;action en r\u00e9ponse au changement climatique restera \u00e0 la p\u00e9riph\u00e9rie des politiques publiques, la France n&rsquo;aura aucune chance d&rsquo;atteindre la neutralit\u00e9 carbone en 2050. Pour cela il faut que les mesures pour r\u00e9duire les \u00e9missions deviennent une priorit\u00e9 nationale, au coeur des d\u00e9cisions des acteurs publics et priv\u00e9s\u00a0\u00bb, souligne la scientifique, co-auteur de trois rapports du Giec.<\/p>\n\n\n\n<p>Sur ces quatre derni\u00e8res ann\u00e9es, la France n&rsquo;a ainsi pas tenu ses objectifs de r\u00e9duction d&rsquo;\u00e9missions, et si 2018 a \u00e9t\u00e9 meilleure, les conditions m\u00e9t\u00e9o y ont largement contribu\u00e9, note le rapport.<\/p>\n\n\n\n<h3 class=\"wp-block-heading\">L&rsquo;\u00e9lectrification des transports en retard<\/h3>\n\n\n\n<p>En cause notamment, les transports (31% des \u00e9missions): la demande cro\u00eet, l&rsquo;\u00e9lectrification est en retard&#8230; Mais aussi les b\u00e2timents (19% du total), un sujet actuellement au coeur de vives discussions au Parlement sur le traitement \u00e0 r\u00e9server aux \u00ab\u00a0passoires \u00e9nerg\u00e9tiques\u00a0\u00bb.<\/p>\n\n\n\n<p>Pour le Haut conseil, il faut des r\u00e9formes structurelles pour mettre le climat \u00ab\u00a0au coeur de l&rsquo;action publique\u00a0\u00bb. Ainsi, inscrire dans la loi les objectifs \u00e0 court terme de r\u00e9ductions d&rsquo;\u00e9missions, pour les graver et envoyer un signal \u00e0 tous les acteurs.<\/p>\n\n\n\n<p>Que chaque grand projet soit compatible avec l&rsquo;objectif neutralit\u00e9 carbone, que l&rsquo;impact des lois soient \u00e9valu\u00e9es: \u00ab\u00a0Qui peut nous dire l&rsquo;impact sur les \u00e9missions de la loi sur les mobilit\u00e9s (LOM), ou de la loi Egalim?\u00a0\u00bb, souligne Mme Le Qu\u00e9r\u00e9.<\/p>\n\n\n\n<h3 class=\"wp-block-heading\">Faire \u00e9voluer la taxe carbone<\/h3>\n\n\n\n<p>Le rapport revient sur la n\u00e9cessit\u00e9 de reprendre et faire \u00e9voluer la taxe carbone, \u00e9tincelle de la col\u00e8re des \u00ab\u00a0gilets jaunes\u00a0\u00bb, vers plus de transparence, d&rsquo;\u00e9quit\u00e9. Et \u00ab\u00a0comme en attendant son gel cr\u00e9e un vide, le gouvernement devrait renforcer d&rsquo;autres instruments\u00a0\u00bb, note la climatologue, notamment les normes ou supprimer les subventions aux \u00e9nergies fossiles, qui ont doubl\u00e9 en 10 ans.&nbsp; Par exemple, cite le rapport, le remboursement des taxes de carburants aux transports routiers, \u00ab\u00a0tout en accompagnant entreprises et m\u00e9nages affect\u00e9s\u00a0\u00bb.<\/p>\n\n\n\n<p>\u00ab\u00a0C&rsquo;est bien d&rsquo;avoir l&rsquo;objectif de neutralit\u00e9 carbone, ce qui manque fondamentalement c&rsquo;est comment on y va\u00a0\u00bb, r\u00e9sume Laurence Tubiana, autre membre du HCC. \u00ab\u00a0On n&rsquo;y est pas, et on a l&rsquo;espoir que le Conseil de d\u00e9fense \u00e9cologique prendra \u00e7a au s\u00e9rieux\u00a0\u00bb.<\/p>\n\n\n\n<p>Le HCC sera auditionn\u00e9 d\u00e9but juillet par ce deuxi\u00e8me conseil interminist\u00e9riel. Il sort aussi avant la \u00ab\u00a0convention citoyenne\u00a0\u00bb pr\u00e9vue par le gouvernement (150 personnes tir\u00e9es au sort pour faire des propositions sur la transition \u00e9cologique).<\/p>\n","protected":false},"excerpt":{"rendered":"<p>Objectifs ambitieux\u00a0\u00bb mais \u00ab\u00a0actions insuffisantes\u00a0\u00bb, \u00ab\u00a0dispositifs trop faibles\u00a0\u00bb&#8230; le Haut conseil pour le climat (HCC), mis en place par Emmanuel Macron en 2018, invite la France \u00e0 revoir sa politique de lutte contre le r\u00e9chauffement. Principal accus\u00e9: le transport. \u00ab\u00a0Les actions engag\u00e9es restent insuffisantes, alors que l&rsquo;ensemble des politiques climatiques devrait d\u00e8s maintenant \u00eatre renforc\u00e9\u00a0\u00bb, [&hellip;]<\/p>\n","protected":false},"author":2,"featured_media":12638,"comment_status":"open","ping_status":"open","sticky":false,"template":"","format":"standard","meta":{"_jetpack_memberships_contains_paid_content":false,"footnotes":"","jetpack_publicize_message":"","jetpack_publicize_feature_enabled":true,"jetpack_social_post_already_shared":true,"jetpack_social_options":{"image_generator_settings":{"template":"highway","default_image_id":0,"font":"","enabled":false},"version":2},"_wpas_customize_per_network":false},"categories":[14],"tags":[],"class_list":["post-12637","post","type-post","status-publish","format-standard","has-post-thumbnail","hentry","category-actu-meteo"],"jetpack_publicize_connections":[],"jetpack_featured_media_url":"https:\/\/i0.wp.com\/www.iceagetv.com\/radiosite\/wp-content\/uploads\/2019\/06\/R%C3%A9chauffement-climatique.jpg?fit=1197%2C450&ssl=1","jetpack_sharing_enabled":true,"_links":{"self":[{"href":"https:\/\/www.iceagetv.com\/radiosite\/wp-json\/wp\/v2\/posts\/12637","targetHints":{"allow":["GET"]}}],"collection":[{"href":"https:\/\/www.iceagetv.com\/radiosite\/wp-json\/wp\/v2\/posts"}],"about":[{"href":"https:\/\/www.iceagetv.com\/radiosite\/wp-json\/wp\/v2\/types\/post"}],"author":[{"embeddable":true,"href":"https:\/\/www.iceagetv.com\/radiosite\/wp-json\/wp\/v2\/users\/2"}],"replies":[{"embeddable":true,"href":"https:\/\/www.iceagetv.com\/radiosite\/wp-json\/wp\/v2\/comments?post=12637"}],"version-history":[{"count":1,"href":"https:\/\/www.iceagetv.com\/radiosite\/wp-json\/wp\/v2\/posts\/12637\/revisions"}],"predecessor-version":[{"id":12639,"href":"https:\/\/www.iceagetv.com\/radiosite\/wp-json\/wp\/v2\/posts\/12637\/revisions\/12639"}],"wp:featuredmedia":[{"embeddable":true,"href":"https:\/\/www.iceagetv.com\/radiosite\/wp-json\/wp\/v2\/media\/12638"}],"wp:attachment":[{"href":"https:\/\/www.iceagetv.com\/radiosite\/wp-json\/wp\/v2\/media?parent=12637"}],"wp:term":[{"taxonomy":"category","embeddable":true,"href":"https:\/\/www.iceagetv.com\/radiosite\/wp-json\/wp\/v2\/categories?post=12637"},{"taxonomy":"post_tag","embeddable":true,"href":"https:\/\/www.iceagetv.com\/radiosite\/wp-json\/wp\/v2\/tags?post=12637"}],"curies":[{"name":"wp","href":"https:\/\/api.w.org\/{rel}","templated":true}]}}