{"id":12655,"date":"2019-06-28T09:43:34","date_gmt":"2019-06-28T09:43:34","guid":{"rendered":"http:\/\/www.iceagetv.com\/radiosite\/?p=12655"},"modified":"2019-06-28T13:20:48","modified_gmt":"2019-06-28T13:20:48","slug":"vive-inquietude-pour-cette-journee-avec-des-records-historiques-annonces-edouard-philippe-annonce-que-4-000-ecoles-sont-fermees-ou-prevoient-un-accueil-adapte","status":"publish","type":"post","link":"https:\/\/www.iceagetv.com\/radiosite\/vive-inquietude-pour-cette-journee-avec-des-records-historiques-annonces-edouard-philippe-annonce-que-4-000-ecoles-sont-fermees-ou-prevoient-un-accueil-adapte\/","title":{"rendered":"Vive inqui\u00e9tude pour cette journ\u00e9e avec des records historiques annonc\u00e9s &#8211; Edouard Philippe annonce que \u00ab\u00a04.000 \u00e9coles sont ferm\u00e9es ou pr\u00e9voient un accueil adapt\u00e9"},"content":{"rendered":"\n<h1 class=\"wp-block-heading\" id=\"jmm-news-prems-titre\"><a href=\"https:\/\/www.jeanmarcmorandini.com\/article-395181-en-direct-speciale-canicule-un-nouveau-record-absolu-de-temperature-maximale-vient-d-etre-enregistre-451degc-a-villevieille-gard-la-circulation-differenciee-reconduite-demain-a-paris-et-en-petite-couronne.html\">Un nouveau record absolu de temp\u00e9rature maximale vient d&rsquo;\u00eatre enregistr\u00e9 : 45,1\u00b0C \u00e0 Villevieille (Gard)- La circulation diff\u00e9renci\u00e9e reconduite demain \u00e0 Paris et en petite couronne<\/a><\/h1>\n\n\n\n<p>Le premier ministre a appel\u00e9 ce vendredi les Fran\u00e7ais \u00e0 \u00abla plus grande vigilance\u00bb face \u00e0 la canicule, faisant \u00e9tat d&rsquo;\u00abune augmentation sensible\u00bb du nombre de noyades, \u00abune par jour\u00bb, depuis le d\u00e9but de cet \u00e9pisode de fortes chaleurs. Face \u00e0 certaines critiques, il a estim\u00e9 qu&rsquo;il n&rsquo;y avait \u00abpas de surr\u00e9action\u00bb du gouvernement \u00abmais au contraire la n\u00e9cessit\u00e9 d&rsquo;une pr\u00e9paration\u00bb face \u00e0 des temp\u00e9ratures record.<br>En cette veille de premi\u00e8re vague de d\u00e9parts en vacances, des \u00abconsignes\u00bb ont aussi \u00e9t\u00e9 pass\u00e9es \u00e0 la SNCF et aux concessionnaires autoroutiers en mati\u00e8re notamment d&rsquo;approvisionnement en eau des usagers, a-t-il aussi indiqu\u00e9 lors d&rsquo;une visite au centre op\u00e9rationnel des urgences sanitaires au minist\u00e8re de la Sant\u00e9. Lan\u00e7ant un \u00abappel \u00e0 la plus grande vigilance\u00bb et \u00abau sens des responsabilit\u00e9s de nos concitoyens\u00bb, il a soulign\u00e9 qu&rsquo;\u00abil y a des morts \u00e9vitables dans un \u00e9pisode caniculaire, parce que la chaleur, la tension parfois, fait prendre des risques\u00bb. \u00abOn a vu une augmentation sensible du nombre de noyades, il y une noyade par jour en ce moment depuis le d\u00e9but de l&rsquo;\u00e9pisode caniculaire\u00bb, a-t-il dit, appelant \u00e0 \u00abla vigilance des parents vis-\u00e0-vis de leurs enfants\u00bb.<\/p>\n\n\n\n<p>La ministre des Transports Elisabeth Borne a appel\u00e9 les Fran\u00e7ais qui le peuvent \u00e0 \u00abd\u00e9caler leurs d\u00e9placements\u00bb&nbsp;en raison du pic de canicule, en particulier dans les quatre d\u00e9partements du sud-est plac\u00e9s en vigilance rouge.<\/p>\n\n\n\n<p>\u00abTous ceux qui peuvent d\u00e9caler leurs d\u00e9placements doivent le faire\u00bb, en train comme en voiture, a insist\u00e9 Elisabeth Borne sur TV5Monde\/Public S\u00e9nat. \u00abNotre r\u00e9seau ferroviaire n&rsquo;a pas \u00e9t\u00e9 con\u00e7u dans la perspective de telles temp\u00e9ratures\u00bb, a relev\u00e9 la ministre, pour qui \u00abon vit une situation totalement in\u00e9dite\u00bb. \u00abQuand on donne des consignes en disant \u00ab\u00a0ceux qui peuvent reporter leurs d\u00e9placements doivent le faire\u00a0\u00bb, c&rsquo;est vraiment parce que le r\u00e9seau ferr\u00e9 aujourd&rsquo;hui, avec des temp\u00e9ratures de ce type-l\u00e0, est fragile\u00bb, a insist\u00e9 Elisabeth Borne.<\/p>\n\n\n\n<p>C\u00f4t\u00e9 urgences hospitali\u00e8res, Christophe Prudhomme, urgentiste et d\u00e9l\u00e9gu\u00e9 CGT, s\u2019attend \u00e0 un week-end \u00abtr\u00e8s difficile \u00e0 g\u00e9rer par le personnel\u00bb, moins nombreux en fin de semaine. D\u2019autant que beaucoup de b\u00e2timents hospitaliers sont \u00abdes passoires \u00e9nerg\u00e9tiques\u00bb.<\/p>\n\n\n\n<p>Samedi, si les temp\u00e9ratures doivent baisser un peu dans le Sud-Est, ce sera la journ\u00e9e la plus chaude de l\u2019Auvergne au Centre (maximales comprises entre 38 et 40\u00b0C) et dans la r\u00e9gion parisienne avec 37 \u00e0 39 \u00b0C.<\/p>\n\n\n\n<p>Sur une large partie du pays, cette canicule s\u2019accompagne d\u2019une pollution \u00e0 l\u2019ozone souvent persistante, irritante pour les poumons. La circulation diff\u00e9renci\u00e9e sera ainsi maintenue vendredi dans la capitale, \u00e0 Lyon et \u00e0 Marseille.<\/p>\n\n\n\n<p>La canicule pourrait aussi avoir des r\u00e9percussions sur les matches de la Coupe du monde de football f\u00e9minin. Au coup d\u2019envoi de France-Etats-Unis au Parc des Princes, il fera encore quelque 30\u00b0.<\/p>\n\n\n\n<p>Les pr\u00e9fectures et les rectorats ont conseill\u00e9 aux parents de garder leurs enfants \u00e0 la maison, et les \u00e9v\u00e9nements sportifs pr\u00e9vus dans les Bouches-du-Rh\u00f4ne et le Vaucluse sont annul\u00e9s. Dans le Gard et l\u2019H\u00e9rault, une trentaine de communes vont fermer leurs \u00e9coles, \u00e0 N\u00eemes, mais aussi \u00e0 Montpellier vendredi apr\u00e8s-midi. Jeudi, 225 \u00e9coles \u00e9taient ferm\u00e9es sur l\u2019ensemble du territoire.<\/p>\n\n\n\n<p>\u00abLes sorties scolaires et les \u00e9v\u00e9nements festifs seront annul\u00e9s ou report\u00e9s, sauf s\u2019ils se d\u00e9roulent dans des lieux frais, sans n\u00e9cessit\u00e9 de d\u00e9placement exposant \u00e0 la chaleur\u00bb, a aussi annonc\u00e9 la ministre de la Sant\u00e9 Agn\u00e8s Buzyn, attendue dans le Gard et l\u2019H\u00e9rault, apr\u00e8s la tenue vendredi matin d\u2019un comit\u00e9 interminist\u00e9riel sur la canicule.<\/p>\n\n\n\n<p>Cette derni\u00e8re a aussi demand\u00e9 aux Fran\u00e7ais de se baigner dans \u00abdes endroits autoris\u00e9s\u00bb, soulignant que quatre personnes \u00e9taient d\u00e9c\u00e9d\u00e9es par noyade depuis le d\u00e9but de la semaine. A Saint-Denis, un enfant de 6 ans a \u00e9t\u00e9 gri\u00e8vement bless\u00e9 apr\u00e8s avoir \u00e9t\u00e9 projet\u00e9 en l\u2019air par le geyser provoqu\u00e9 par l\u2019ouverture d\u2019une bouche \u00e0 incendie.<\/p>\n","protected":false},"excerpt":{"rendered":"<p>Un nouveau record absolu de temp\u00e9rature maximale vient d&rsquo;\u00eatre enregistr\u00e9 : 45,1\u00b0C \u00e0 Villevieille (Gard)- La circulation diff\u00e9renci\u00e9e reconduite demain \u00e0 Paris et en petite couronne Le premier ministre a appel\u00e9 ce vendredi les Fran\u00e7ais \u00e0 \u00abla plus grande vigilance\u00bb face \u00e0 la canicule, faisant \u00e9tat d&rsquo;\u00abune augmentation sensible\u00bb du nombre de noyades, \u00abune par [&hellip;]<\/p>\n","protected":false},"author":2,"featured_media":12656,"comment_status":"open","ping_status":"open","sticky":false,"template":"","format":"standard","meta":{"_jetpack_memberships_contains_paid_content":false,"footnotes":"","jetpack_publicize_message":"","jetpack_publicize_feature_enabled":true,"jetpack_social_post_already_shared":true,"jetpack_social_options":{"image_generator_settings":{"template":"highway","default_image_id":0,"font":"","enabled":false},"version":2},"_wpas_customize_per_network":false},"categories":[405],"tags":[],"class_list":["post-12655","post","type-post","status-publish","format-standard","has-post-thumbnail","hentry","category-actu-france-monde"],"jetpack_publicize_connections":[],"jetpack_featured_media_url":"https:\/\/i0.wp.com\/www.iceagetv.com\/radiosite\/wp-content\/uploads\/2019\/06\/Vive-inqui%C3%A9tude-pour-cette-journ%C3%A9e-avec-des-records-historiques-annonc%C3%A9s.jpg?fit=920%2C397&ssl=1","jetpack_sharing_enabled":true,"_links":{"self":[{"href":"https:\/\/www.iceagetv.com\/radiosite\/wp-json\/wp\/v2\/posts\/12655","targetHints":{"allow":["GET"]}}],"collection":[{"href":"https:\/\/www.iceagetv.com\/radiosite\/wp-json\/wp\/v2\/posts"}],"about":[{"href":"https:\/\/www.iceagetv.com\/radiosite\/wp-json\/wp\/v2\/types\/post"}],"author":[{"embeddable":true,"href":"https:\/\/www.iceagetv.com\/radiosite\/wp-json\/wp\/v2\/users\/2"}],"replies":[{"embeddable":true,"href":"https:\/\/www.iceagetv.com\/radiosite\/wp-json\/wp\/v2\/comments?post=12655"}],"version-history":[{"count":2,"href":"https:\/\/www.iceagetv.com\/radiosite\/wp-json\/wp\/v2\/posts\/12655\/revisions"}],"predecessor-version":[{"id":12659,"href":"https:\/\/www.iceagetv.com\/radiosite\/wp-json\/wp\/v2\/posts\/12655\/revisions\/12659"}],"wp:featuredmedia":[{"embeddable":true,"href":"https:\/\/www.iceagetv.com\/radiosite\/wp-json\/wp\/v2\/media\/12656"}],"wp:attachment":[{"href":"https:\/\/www.iceagetv.com\/radiosite\/wp-json\/wp\/v2\/media?parent=12655"}],"wp:term":[{"taxonomy":"category","embeddable":true,"href":"https:\/\/www.iceagetv.com\/radiosite\/wp-json\/wp\/v2\/categories?post=12655"},{"taxonomy":"post_tag","embeddable":true,"href":"https:\/\/www.iceagetv.com\/radiosite\/wp-json\/wp\/v2\/tags?post=12655"}],"curies":[{"name":"wp","href":"https:\/\/api.w.org\/{rel}","templated":true}]}}