{"id":12660,"date":"2019-06-28T15:50:58","date_gmt":"2019-06-28T15:50:58","guid":{"rendered":"http:\/\/www.iceagetv.com\/radiosite\/?p=12660"},"modified":"2019-06-28T15:51:04","modified_gmt":"2019-06-28T15:51:04","slug":"affaire-vincent-lambert-la-cour-de-cassation-ouvre-la-voie-a-un-nouvel-arret-des-traitements-les-avocats-des-parents-menacent-de-poursuites-pour-meurtre","status":"publish","type":"post","link":"https:\/\/www.iceagetv.com\/radiosite\/affaire-vincent-lambert-la-cour-de-cassation-ouvre-la-voie-a-un-nouvel-arret-des-traitements-les-avocats-des-parents-menacent-de-poursuites-pour-meurtre\/","title":{"rendered":"Affaire Vincent Lambert: La Cour de cassation ouvre la voie \u00e0 un nouvel arr\u00eat des traitements &#8211; Les avocats des parents menacent de poursuites pour \u00ab\u00a0meurtre\u00a0\u00bb"},"content":{"rendered":"\n<p><strong>Les avocats des parents menacent de poursuites pour \u00ab\u00a0meurtre\u00a0\u00bb.<br><\/strong>Ma\u00eetre\u00a0J\u00e9r\u00f4me Triomphe explique:\u00a0\u00ab\u00a0Si le gouvernement pr\u00e9tendait ne pas faire respecter les mesures provisoires [sur le maintien des soins de Vincent Lambert], nous engagerions imm\u00e9diatement des poursuites p\u00e9nales contre les ministres concern\u00e9s.\u00a0\u00bb<br>Et d&rsquo;ajouter:\u00a0\u00ab\u00a0Si le docteur Sanchez pr\u00e9tend remettre en route le processus de mort, outre les poursuites disciplinaires \u00e0 des fins de radiation et les poursuites p\u00e9nales pour non assistance \u00e0 personne en danger, (&#8230;) il sera poursuivi \u00e9galement par plainte avec constitution de partie civile pour meurtre avec pr\u00e9m\u00e9ditation sur personne vuln\u00e9rable.\u00a0\u00bb<\/p>\n\n\n\n<p>La Cour de cassation rend vendredi apr\u00e8s-midi une d\u00e9cision dans l&rsquo;affaire Vincent Lambert qui pourrait s&rsquo;av\u00e9rer cruciale pour l&rsquo;avenir de ce patient t\u00e9trapl\u00e9gique en \u00e9tat v\u00e9g\u00e9tatif depuis dix ans, devenu symbole du d\u00e9bat sur la fin de vie en France.<\/p>\n\n\n\n<p>La haute juridiction, qui s&rsquo;\u00e9tait r\u00e9unie lundi en assembl\u00e9e pl\u00e9ni\u00e8re, sa formation la plus solennelle, se prononcera \u00e0 17H00. Elle devra dire si la cour d&rsquo;appel de Paris pouvait ordonner, le 20 mai dernier, la reprise de l&rsquo;alimentation et de l&rsquo;hydratation maintenant en vie cet ancien infirmier de 42 ans, victime d&rsquo;un accident de la route en 2008.<\/p>\n\n\n\n<p>Les avocats de diff\u00e9rents membres de la famille de Vincent Lambert, d\u00e9chir\u00e9e par des ann\u00e9es d&rsquo;une tragique bataille judiciaire, ont annonc\u00e9 des points de presse au palais de justice dans la foul\u00e9e.<\/p>\n\n\n\n<p>D&rsquo;un c\u00f4t\u00e9 les d\u00e9fenseurs de son \u00e9pouse Rachel et de son neveu Fran\u00e7ois, favorables \u00e0 un arr\u00eat des traitements. De l&rsquo;autre ceux des parents Lambert, fervents catholiques qui jugent que leur fils n&rsquo;est pas en fin de vie mais simplement handicap\u00e9.<\/p>\n\n\n\n<p>La Cour de cassation n&rsquo;est pas saisie de la question de la fin de vie de Vincent Lambert: elle devra trancher un d\u00e9bat purement juridique en disant notamment si le juge judiciaire &#8211; la cour d&rsquo;appel &#8211; \u00e9tait comp\u00e9tent. Ce type de litige rel\u00e8ve habituellement de la justice administrative dont la plus haute juridiction, le Conseil d&rsquo;Etat, a valid\u00e9 la d\u00e9cision m\u00e9dicale d&rsquo;arr\u00eater les traitements.<\/p>\n","protected":false},"excerpt":{"rendered":"<p>Les avocats des parents menacent de poursuites pour \u00ab\u00a0meurtre\u00a0\u00bb.Ma\u00eetre\u00a0J\u00e9r\u00f4me Triomphe explique:\u00a0\u00ab\u00a0Si le gouvernement pr\u00e9tendait ne pas faire respecter les mesures provisoires [sur le maintien des soins de Vincent Lambert], nous engagerions imm\u00e9diatement des poursuites p\u00e9nales contre les ministres concern\u00e9s.\u00a0\u00bbEt d&rsquo;ajouter:\u00a0\u00ab\u00a0Si le docteur Sanchez pr\u00e9tend remettre en route le processus de mort, outre les poursuites disciplinaires [&hellip;]<\/p>\n","protected":false},"author":2,"featured_media":12662,"comment_status":"open","ping_status":"open","sticky":false,"template":"","format":"standard","meta":{"_jetpack_memberships_contains_paid_content":false,"footnotes":"","jetpack_publicize_message":"","jetpack_publicize_feature_enabled":true,"jetpack_social_post_already_shared":true,"jetpack_social_options":{"image_generator_settings":{"template":"highway","default_image_id":0,"font":"","enabled":false},"version":2},"_wpas_customize_per_network":false},"categories":[405],"tags":[],"class_list":["post-12660","post","type-post","status-publish","format-standard","has-post-thumbnail","hentry","category-actu-france-monde"],"jetpack_publicize_connections":[],"jetpack_featured_media_url":"https:\/\/i0.wp.com\/www.iceagetv.com\/radiosite\/wp-content\/uploads\/2019\/06\/Affaire-Vincent-Lambert.jpg?fit=750%2C324&ssl=1","jetpack_sharing_enabled":true,"_links":{"self":[{"href":"https:\/\/www.iceagetv.com\/radiosite\/wp-json\/wp\/v2\/posts\/12660","targetHints":{"allow":["GET"]}}],"collection":[{"href":"https:\/\/www.iceagetv.com\/radiosite\/wp-json\/wp\/v2\/posts"}],"about":[{"href":"https:\/\/www.iceagetv.com\/radiosite\/wp-json\/wp\/v2\/types\/post"}],"author":[{"embeddable":true,"href":"https:\/\/www.iceagetv.com\/radiosite\/wp-json\/wp\/v2\/users\/2"}],"replies":[{"embeddable":true,"href":"https:\/\/www.iceagetv.com\/radiosite\/wp-json\/wp\/v2\/comments?post=12660"}],"version-history":[{"count":1,"href":"https:\/\/www.iceagetv.com\/radiosite\/wp-json\/wp\/v2\/posts\/12660\/revisions"}],"predecessor-version":[{"id":12661,"href":"https:\/\/www.iceagetv.com\/radiosite\/wp-json\/wp\/v2\/posts\/12660\/revisions\/12661"}],"wp:featuredmedia":[{"embeddable":true,"href":"https:\/\/www.iceagetv.com\/radiosite\/wp-json\/wp\/v2\/media\/12662"}],"wp:attachment":[{"href":"https:\/\/www.iceagetv.com\/radiosite\/wp-json\/wp\/v2\/media?parent=12660"}],"wp:term":[{"taxonomy":"category","embeddable":true,"href":"https:\/\/www.iceagetv.com\/radiosite\/wp-json\/wp\/v2\/categories?post=12660"},{"taxonomy":"post_tag","embeddable":true,"href":"https:\/\/www.iceagetv.com\/radiosite\/wp-json\/wp\/v2\/tags?post=12660"}],"curies":[{"name":"wp","href":"https:\/\/api.w.org\/{rel}","templated":true}]}}