{"id":12675,"date":"2019-06-30T07:47:09","date_gmt":"2019-06-30T07:47:09","guid":{"rendered":"http:\/\/www.iceagetv.com\/radiosite\/?p=12675"},"modified":"2019-06-30T07:47:17","modified_gmt":"2019-06-30T07:47:17","slug":"canicule-les-temperatures-devraient-enfin-baisser-ce-dimanche-a-quoi-peut-on-sattendre","status":"publish","type":"post","link":"https:\/\/www.iceagetv.com\/radiosite\/canicule-les-temperatures-devraient-enfin-baisser-ce-dimanche-a-quoi-peut-on-sattendre\/","title":{"rendered":"Canicule : les temp\u00e9ratures devraient enfin baisser ce dimanche, \u00e0 quoi peut-on s&rsquo;attendre ?"},"content":{"rendered":"\n<p>\n\nLa plupart des d\u00e9partements de l&rsquo;ancien Midi-Pyr\u00e9n\u00e9es sont descendus en vigilance jaune, voire verte ce dimanche matin. 32 d\u00e9partements,&nbsp;dont l&rsquo;Aude, le Tarn, l&rsquo;Aveyron, la Loz\u00e8re, le Gard et l&rsquo;H\u00e9rault \u00e9taient toujours en vigilance orange. M\u00e9t\u00e9o France pr\u00e9voit un net rafra\u00eechissement&nbsp; pour la fin du week-end.<\/p>\n\n\n\n<p>On va enfin retrouver des temp\u00e9ratures plus cl\u00e9mentes. Apr\u00e8s six jours d&rsquo;une canicule exceptionnelle pour un mois de juin, une bonne partie de la France retrouve des temp\u00e9ratures plus respirables ce dimanche avec un net rafra\u00eechissement.<br>\u00ab\u00a0Le rafra\u00eechissement\u00a0s&rsquo;est bien amorc\u00e9 sur le nord et sur une grande moiti\u00e9 ouest du pays\u00a0\u00bb, note M\u00e9t\u00e9o France dimanche matin, ajoutant que l&rsquo;\u00e9pisode caniculaire se limite \u00ab\u00a0maintenant \u00e0 une grande partie est du pays\u00a0\u00bb<br>La vigilance orange est maintenue dans 32 d\u00e9partements, dont l&rsquo;Aude, le Tarn, l&rsquo;Aveyron, la Loz\u00e8re, le Gard et l&rsquo;H\u00e9rault. La Haute-Garonne, l&rsquo;Ari\u00e8ge, le Lot, le Lot-et-Garonne, le Gers, le Tarn-et-Garonne et\u00a0les Pyr\u00e9n\u00e9es-Orientales sont descendus en vigilance\u00a0jaune, voire verte.<\/p>\n\n\n\n<p>Ce dimanche, la chaleur reste forte et lourde sur le sud-est de Midi-Pyr\u00e9n\u00e9es avec des temp\u00e9ratures maximales de 34 \u00e0 37\u00b0 du Volvestre au midi toulousain et \u00e0 l&rsquo;Aveyron. Plus au nord , les valeurs varieront entre 29 et 33 sur les d\u00e9partements plac\u00e9s en vigilance jaune. Sur les zones littorales,&nbsp;les temp\u00e9ratures maximales de ce dimanche atteignent encore g\u00e9n\u00e9ralement 30 \u00e0 35\u00b0C sur les zones littorales et 34 \u00e0 38\u00b0C dans l&rsquo;int\u00e9rieur avec des pointes possibles jusqu&rsquo;\u00e0 39\/40\u00b0C sur le Gard.<\/p>\n\n\n\n<p>Samedi soir, 75 d\u00e9partements \u00e9taient encore plac\u00e9s en vigilance orange. Mais, signe qu&rsquo;un pic a \u00e9t\u00e9 franchi en fin de semaine, M\u00e9t\u00e9o France avait lev\u00e9 samedi matin l&rsquo;alerte rouge dans quatre d\u00e9partements m\u00e9ridionaux (Bouches-du-Rh\u00f4ne, Gard, H\u00e9rault et Vaucluse).&nbsp;<\/p>\n\n\n\n<h2 class=\"wp-block-heading\">\u00c0 quoi s&rsquo;attendre lundi?<\/h2>\n\n\n\n<p>Ce lundi 1er juillet, la baisse des temp\u00e9ratures se poursuivra par le nord et l&rsquo;ouest mais il faudra attendre mardi pour que l&rsquo;ensemble du pays retrouve des temp\u00e9ratures \u00ab\u00a0moins \u00e9lev\u00e9es\u00a0\u00bb. Toutefois, celles-ci \u00ab\u00a0devraient rester au-dessus des normales de saison sur la moiti\u00e9 sud\u00a0\u00bb, selon M\u00e9t\u00e9o-France.&nbsp;Si le mercure retombe, la pollution \u00e0 l&rsquo;ozone qui accompagne souvent les vagues de chaleur persiste.<\/p>\n\n\n\n<p>Pour ce week-end, qui co\u00efncide avec de premiers d\u00e9parts en vacances, la ministre des Transports \u00c9lisabeth Borne a pour sa part incit\u00e9 ceux qui le peuvent \u00e0 \u00ab\u00a0d\u00e9caler leurs d\u00e9placements\u00a0\u00bb en voiture comme en train.\u00a0<\/p>\n\n\n\n<p>La vague de chaleur venue du Sahara, qui a \u00e9touff\u00e9 aussi le reste de l&rsquo;Europe, est in\u00e9dite par son intensit\u00e9 et sa pr\u00e9cocit\u00e9. Le mercure s&rsquo;\u00e9tait envol\u00e9 vendredi, avec&nbsp;<a href=\"https:\/\/www.ladepeche.fr\/2019\/06\/28\/canicule-record-absolu-battu-en-france-pourquoi-midi-pyrenees-est-epargnee,8284128.php\">un record absolu enregistr\u00e9 \u00e0 Gallargues-le-Montueux<\/a>&nbsp;(Gard), 45,9\u00b0C vers 16 heures. Le pr\u00e9c\u00e9dent record de 44,1\u00b0C, enregistr\u00e9 dans le m\u00eame d\u00e9partement, datait d&rsquo;ao\u00fbt 2003, lorsque la canicule avait fait 15 000 morts.&nbsp;<br>&nbsp;<br>Les chaleurs extr\u00eames ont sans doute co\u00fbt\u00e9 la vie \u00e0 un octog\u00e9naire et un ouvrier de 37 ans jeudi en Alsace, \u00e0 Cernay (Haut-Rhin). &nbsp;Entre vendredi matin et samedi midi, six personnes ont \u00e9t\u00e9 hospitalis\u00e9es en \u00e9tat d&rsquo;hyperthermie dans le Vaucluse. L&rsquo;une d&rsquo;entre elles est d\u00e9c\u00e9d\u00e9e, et une autre avait un \u00ab\u00a0pronostic vital engag\u00e9\u00a0\u00bb, selon la pr\u00e9fecture. Dans l&rsquo;Ari\u00e8ge, une enqu\u00eate a \u00e9t\u00e9 ouverte&nbsp;<a href=\"https:\/\/www.ladepeche.fr\/2019\/06\/29\/un-cycliste-meurt-dun-malaise-sur-la-cyclosportive-lariegeoise-de-nombreux-malaises-en-raison-de-la-chaleur,8286105.php\">apr\u00e8s la mort d&rsquo;un homme de 53 ans samedi lors de l&rsquo;Ari\u00e8geoise<\/a>, une&nbsp;\u00e9preuve cycliste.&nbsp;<\/p>\n\n\n\n<p>\u00ab\u00a0Il n&rsquo;y a pas \u00e0 ce jour d&rsquo;afflux massif vers les services d&rsquo;urgence, ni de signal d&rsquo;exc\u00e8s de mortalit\u00e9\u00a0\u00bb, a indiqu\u00e9 la Direction g\u00e9n\u00e9rale de la sant\u00e9 (DGS) samedi soir. Toutefois, dans une canicule, l&rsquo;exc\u00e8s de mortalit\u00e9 arrive toujours apr\u00e8s l&rsquo;\u00e9v\u00e9nement, et \u00ab\u00a0le bilan d\u00e9finitif ne sera disponible que fin juillet\u00a0\u00bb.<\/p>\n\n\n\n<p>La DGS a aussi mis en garde contre les risques de noyade, li\u00e9s \u00e0 l&rsquo;envie de se baigner pour se rafra\u00eechir: il y a eu au moins huit cas en France samedi, dont cinq d\u00e9c\u00e8s.&nbsp;Outre les d\u00e9g\u00e2ts sur les vignes dans le Gard et l&rsquo;H\u00e9rault, la chaleur intense a \u00e9galement favoris\u00e9 le d\u00e9part de feux:&nbsp;<a href=\"https:\/\/www.ladepeche.fr\/2019\/06\/29\/canicule-dimportants-incendies-dans-le-gard-plus-de-500-hectares-brules,8285801.php\">une soixantaine d&rsquo;incendies ont br\u00fbl\u00e9 620 hectares et 11 maisons dans le Gard<\/a>, faisant 20 bless\u00e9s l\u00e9gers dont 19 parmi les pompiers.&nbsp;<\/p>\n","protected":false},"excerpt":{"rendered":"<p>La plupart des d\u00e9partements de l&rsquo;ancien Midi-Pyr\u00e9n\u00e9es sont descendus en vigilance jaune, voire verte ce dimanche matin. 32 d\u00e9partements,&nbsp;dont l&rsquo;Aude, le Tarn, l&rsquo;Aveyron, la Loz\u00e8re, le Gard et l&rsquo;H\u00e9rault \u00e9taient toujours en vigilance orange. M\u00e9t\u00e9o France pr\u00e9voit un net rafra\u00eechissement&nbsp; pour la fin du week-end. On va enfin retrouver des temp\u00e9ratures plus cl\u00e9mentes. Apr\u00e8s six [&hellip;]<\/p>\n","protected":false},"author":2,"featured_media":12676,"comment_status":"open","ping_status":"open","sticky":false,"template":"","format":"standard","meta":{"_jetpack_memberships_contains_paid_content":false,"footnotes":"","jetpack_publicize_message":"","jetpack_publicize_feature_enabled":true,"jetpack_social_post_already_shared":true,"jetpack_social_options":{"image_generator_settings":{"template":"highway","default_image_id":0,"font":"","enabled":false},"version":2},"_wpas_customize_per_network":false},"categories":[14],"tags":[],"class_list":["post-12675","post","type-post","status-publish","format-standard","has-post-thumbnail","hentry","category-actu-meteo"],"jetpack_publicize_connections":[],"jetpack_featured_media_url":"https:\/\/i0.wp.com\/www.iceagetv.com\/radiosite\/wp-content\/uploads\/2019\/06\/canicule-30-juin.jpg?fit=570%2C329&ssl=1","jetpack_sharing_enabled":true,"_links":{"self":[{"href":"https:\/\/www.iceagetv.com\/radiosite\/wp-json\/wp\/v2\/posts\/12675","targetHints":{"allow":["GET"]}}],"collection":[{"href":"https:\/\/www.iceagetv.com\/radiosite\/wp-json\/wp\/v2\/posts"}],"about":[{"href":"https:\/\/www.iceagetv.com\/radiosite\/wp-json\/wp\/v2\/types\/post"}],"author":[{"embeddable":true,"href":"https:\/\/www.iceagetv.com\/radiosite\/wp-json\/wp\/v2\/users\/2"}],"replies":[{"embeddable":true,"href":"https:\/\/www.iceagetv.com\/radiosite\/wp-json\/wp\/v2\/comments?post=12675"}],"version-history":[{"count":1,"href":"https:\/\/www.iceagetv.com\/radiosite\/wp-json\/wp\/v2\/posts\/12675\/revisions"}],"predecessor-version":[{"id":12677,"href":"https:\/\/www.iceagetv.com\/radiosite\/wp-json\/wp\/v2\/posts\/12675\/revisions\/12677"}],"wp:featuredmedia":[{"embeddable":true,"href":"https:\/\/www.iceagetv.com\/radiosite\/wp-json\/wp\/v2\/media\/12676"}],"wp:attachment":[{"href":"https:\/\/www.iceagetv.com\/radiosite\/wp-json\/wp\/v2\/media?parent=12675"}],"wp:term":[{"taxonomy":"category","embeddable":true,"href":"https:\/\/www.iceagetv.com\/radiosite\/wp-json\/wp\/v2\/categories?post=12675"},{"taxonomy":"post_tag","embeddable":true,"href":"https:\/\/www.iceagetv.com\/radiosite\/wp-json\/wp\/v2\/tags?post=12675"}],"curies":[{"name":"wp","href":"https:\/\/api.w.org\/{rel}","templated":true}]}}