{"id":12679,"date":"2019-06-30T07:49:19","date_gmt":"2019-06-30T07:49:19","guid":{"rendered":"http:\/\/www.iceagetv.com\/radiosite\/?p=12679"},"modified":"2019-06-30T07:49:26","modified_gmt":"2019-06-30T07:49:26","slug":"donald-trump-premier-president-americain-a-franchir-la-frontiere-nord-coreenne-apres-sa-rencontre-avec-kim-jong-un","status":"publish","type":"post","link":"https:\/\/www.iceagetv.com\/radiosite\/donald-trump-premier-president-americain-a-franchir-la-frontiere-nord-coreenne-apres-sa-rencontre-avec-kim-jong-un\/","title":{"rendered":"Donald Trump premier pr\u00e9sident am\u00e9ricain \u00e0 franchir la fronti\u00e8re nord-cor\u00e9enne apr\u00e8s sa rencontre avec Kim Jong-un"},"content":{"rendered":"\n<p>Donald Trump a rencontr\u00e9 le dirigeant nord-cor\u00e9en, Kim Jong-un, dimanche \u00e0 16\u00a0h\u00a045 (heure locale, 8\u00a0h\u00a045 \u00e0 Paris) sur la zone d\u00e9militaris\u00e9e (DMZ) qui s\u00e9pare les deux Cor\u00e9es. Puis le pr\u00e9sident am\u00e9ricain a fait quelques pas sur le sol de la Cor\u00e9e du Nord, avant de poser aux c\u00f4t\u00e9s du leadeer nord-cor\u00e9en pour les journalistes sur la ligne de d\u00e9marcation. C\u2019est la premi\u00e8re fois qu\u2019un pr\u00e9sident am\u00e9ricain foule le sol nord-cor\u00e9en.<br>Il a fait part au num\u00e9ro un du r\u00e9gime nord-cor\u00e9en de sa volont\u00e9 de l\u2019inviter \u00e0 la Maison Blanche.\u00a0<em>\u00ab\u00a0C\u2019est un grand jour pour le monde\u00a0\u00bb<\/em>, s\u2019est f\u00e9licit\u00e9 Donald Trump. Kim Jong-un a pour sa part d\u00e9clar\u00e9 que ce serait\u00a0<em>\u00ab\u00a0un grand honneur\u00a0\u00bb<\/em>\u00a0de recevoir le pr\u00e9sident am\u00e9ricain \u00e0 Pyongyang, esp\u00e9rant ainsi\u00a0<em>\u00ab\u00a0surmonter les barri\u00e8res\u00a0\u00bb<\/em>.<br>Via son moyen de communication pr\u00e9f\u00e9r\u00e9, Twitter,\u00a0<a href=\"https:\/\/twitter.com\/realDonaldTrump\/status\/1144740178948493314\">Donald Trump avait donn\u00e9 rendez-vous samedi<\/a>\u00a0au leader nord-cor\u00e9en, un rendez-vous impromptu auquel Kim Jong-un a r\u00e9pondu favorablement ce dimanche, \u00e0\u00a013\u00a0h\u00a015 locales (6\u00a0h\u00a015 \u00e0 Paris). Le pr\u00e9sident sud-cor\u00e9en Moon Jae-in participe \u00e9galement \u00e0 cette rencontre.<\/p>\n\n\n\n<p>Le suspense \u00e9tait \u00e0 son comble dans la matin\u00e9e.&nbsp;<em>\u00ab&nbsp;<\/em>[Kim Jong-un]<em>&nbsp;en a tr\u00e8s envie&nbsp;\u00bb<\/em>, avait assur\u00e9 Donald Trump, dimanche matin, lors d\u2019un discours \u00e0 S\u00e9oul, sans pr\u00e9ciser si le dirigeant nord-cor\u00e9en avait ou non accept\u00e9 l\u2019invitation. Cela n\u2019avait pas emp\u00each\u00e9 les sp\u00e9culations&nbsp;; aliment\u00e9es en partie par une agence de voyages qui annon\u00e7ait que la DMZ \u00e9tait ferm\u00e9e aux touristes c\u00f4t\u00e9 Nord pour la journ\u00e9e.<\/p>\n\n\n\n<p>Cette rencontre est la troisi\u00e8me entre les deux hommes depuis leur sommet historique de Singapour en juin&nbsp;2018, puis le rendez-vous rat\u00e9 de Hano\u00ef, au Vietnam en f\u00e9vrier. Mais c\u2019est la premi\u00e8re fois qu\u2019un pr\u00e9sident des Etats-Unis en exercice foule le territoire de la R\u00e9publique populaire d\u00e9mocratique de Cor\u00e9e. Kim Jong-un lui-m\u00eame avait travers\u00e9 la fronti\u00e8re, en avril&nbsp;2018, lors de son premier sommet sur la DMZ avec son homologue sud-cor\u00e9en, Moon Jae-in.<\/p>\n","protected":false},"excerpt":{"rendered":"<p>Donald Trump a rencontr\u00e9 le dirigeant nord-cor\u00e9en, Kim Jong-un, dimanche \u00e0 16\u00a0h\u00a045 (heure locale, 8\u00a0h\u00a045 \u00e0 Paris) sur la zone d\u00e9militaris\u00e9e (DMZ) qui s\u00e9pare les deux Cor\u00e9es. Puis le pr\u00e9sident am\u00e9ricain a fait quelques pas sur le sol de la Cor\u00e9e du Nord, avant de poser aux c\u00f4t\u00e9s du leadeer nord-cor\u00e9en pour les journalistes sur [&hellip;]<\/p>\n","protected":false},"author":2,"featured_media":12680,"comment_status":"open","ping_status":"open","sticky":false,"template":"","format":"standard","meta":{"_jetpack_memberships_contains_paid_content":false,"footnotes":"","jetpack_publicize_message":"","jetpack_publicize_feature_enabled":true,"jetpack_social_post_already_shared":true,"jetpack_social_options":{"image_generator_settings":{"template":"highway","default_image_id":0,"font":"","enabled":false},"version":2},"_wpas_customize_per_network":false},"categories":[405],"tags":[],"class_list":["post-12679","post","type-post","status-publish","format-standard","has-post-thumbnail","hentry","category-actu-france-monde"],"jetpack_publicize_connections":[],"jetpack_featured_media_url":"https:\/\/i0.wp.com\/www.iceagetv.com\/radiosite\/wp-content\/uploads\/2019\/06\/Donald-Trump-premier-pr%C3%A9sident-am%C3%A9ricain-%C3%A0-franchir-la-fronti%C3%A8re-nord-cor%C3%A9enne.png?fit=688%2C332&ssl=1","jetpack_sharing_enabled":true,"_links":{"self":[{"href":"https:\/\/www.iceagetv.com\/radiosite\/wp-json\/wp\/v2\/posts\/12679","targetHints":{"allow":["GET"]}}],"collection":[{"href":"https:\/\/www.iceagetv.com\/radiosite\/wp-json\/wp\/v2\/posts"}],"about":[{"href":"https:\/\/www.iceagetv.com\/radiosite\/wp-json\/wp\/v2\/types\/post"}],"author":[{"embeddable":true,"href":"https:\/\/www.iceagetv.com\/radiosite\/wp-json\/wp\/v2\/users\/2"}],"replies":[{"embeddable":true,"href":"https:\/\/www.iceagetv.com\/radiosite\/wp-json\/wp\/v2\/comments?post=12679"}],"version-history":[{"count":1,"href":"https:\/\/www.iceagetv.com\/radiosite\/wp-json\/wp\/v2\/posts\/12679\/revisions"}],"predecessor-version":[{"id":12681,"href":"https:\/\/www.iceagetv.com\/radiosite\/wp-json\/wp\/v2\/posts\/12679\/revisions\/12681"}],"wp:featuredmedia":[{"embeddable":true,"href":"https:\/\/www.iceagetv.com\/radiosite\/wp-json\/wp\/v2\/media\/12680"}],"wp:attachment":[{"href":"https:\/\/www.iceagetv.com\/radiosite\/wp-json\/wp\/v2\/media?parent=12679"}],"wp:term":[{"taxonomy":"category","embeddable":true,"href":"https:\/\/www.iceagetv.com\/radiosite\/wp-json\/wp\/v2\/categories?post=12679"},{"taxonomy":"post_tag","embeddable":true,"href":"https:\/\/www.iceagetv.com\/radiosite\/wp-json\/wp\/v2\/tags?post=12679"}],"curies":[{"name":"wp","href":"https:\/\/api.w.org\/{rel}","templated":true}]}}