{"id":12687,"date":"2019-07-03T06:19:41","date_gmt":"2019-07-03T06:19:41","guid":{"rendered":"http:\/\/www.iceagetv.com\/radiosite\/?p=12687"},"modified":"2019-07-03T06:19:49","modified_gmt":"2019-07-03T06:19:49","slug":"ursula-von-der-leyen-une-fidele-de-merkel-a-la-tete-de-la-commission-europeenne","status":"publish","type":"post","link":"https:\/\/www.iceagetv.com\/radiosite\/ursula-von-der-leyen-une-fidele-de-merkel-a-la-tete-de-la-commission-europeenne\/","title":{"rendered":"Ursula von der Leyen, une fid\u00e8le de Merkel \u00e0 la t\u00eate de la Commission europ\u00e9enne"},"content":{"rendered":"\n<p>Pendant des ann\u00e9es, Ursula von der Leyen fut consid\u00e9r\u00e9e comme une pr\u00e9tendante s\u00e9rieuse \u00e0&nbsp;la succession d\u2019Angela Merkel. Mais ces derniers temps, cette hypoth\u00e8se n\u2019\u00e9tait plus \u00e9voqu\u00e9e en Allemagne, o\u00f9 ses difficult\u00e9s au minist\u00e8re de la d\u00e9fense lui ont co\u00fbt\u00e9 tr\u00e8s cher politiquement.<\/p>\n\n\n\n<p>Du moins \u00e0 Berlin, et c\u2019est l\u00e0 le paradoxe&nbsp;: si elles lui ont peut-\u00eatre d\u00e9finitivement barr\u00e9 l\u2019acc\u00e8s \u00e0 la chancellerie, ses six ann\u00e9es \u00e0 la t\u00eate de ce minist\u00e8re ont en revanche donn\u00e9 le temps \u00e0 Ursula von der Leyen de tisser les r\u00e9seaux diplomatiques qui lui ont permis d\u2019\u00eatre nomm\u00e9e, mardi 2&nbsp;juillet, pr\u00e9sidente de la Commission europ\u00e9enne. Et si le Parlement europ\u00e9en donne son feu vert, elle serait la premi\u00e8re femme \u00e0 occuper ce poste qui n\u2019a \u00e9t\u00e9 jusque-l\u00e0 qu\u2019une seule fois dans les mains d\u2019un Allemand, Walter Hallstein, de 1958 \u00e0 1967.<\/p>\n\n\n\n<p>Pour Ursula von der Leyen, cette nomination inattendue met un terme \u00e0 quatorze ann\u00e9es pass\u00e9es au sein du gouvernement allemand, o\u00f9 elle a \u00e9t\u00e9 charg\u00e9e successivement de la famille (2005-2009), du travail (2009-2013) et de la d\u00e9fense (depuis 2013). Une long\u00e9vit\u00e9 sans \u00e9quivalent\u00a0: de tous les ministres d\u2019Angela Merkel, cette femme \u00e9nergique, aujourd\u2019hui \u00e2g\u00e9e de 60\u00a0ans, est la seule qui ait si\u00e9g\u00e9 dans tous les gouvernements dirig\u00e9s par la chanceli\u00e8re depuis l\u2019arriv\u00e9e au pouvoir de cette derni\u00e8re en\u00a02005.<br>Membre de l\u2019Union chr\u00e9tienne-d\u00e9mocrate (CDU), Ursula von der Leyen a souvent \u00e9t\u00e9 en porte-\u00e0-faux avec son parti, notamment sur les sujets de soci\u00e9t\u00e9 o\u00f9 cette m\u00e8re de sept enfants \u00e0 l\u2019allure s\u00e9v\u00e8re s\u2019est plus d\u2019une fois retrouv\u00e9e plus proche de la gauche que de sa propre famille politique.<\/p>\n","protected":false},"excerpt":{"rendered":"<p>Pendant des ann\u00e9es, Ursula von der Leyen fut consid\u00e9r\u00e9e comme une pr\u00e9tendante s\u00e9rieuse \u00e0&nbsp;la succession d\u2019Angela Merkel. Mais ces derniers temps, cette hypoth\u00e8se n\u2019\u00e9tait plus \u00e9voqu\u00e9e en Allemagne, o\u00f9 ses difficult\u00e9s au minist\u00e8re de la d\u00e9fense lui ont co\u00fbt\u00e9 tr\u00e8s cher politiquement. Du moins \u00e0 Berlin, et c\u2019est l\u00e0 le paradoxe&nbsp;: si elles lui ont [&hellip;]<\/p>\n","protected":false},"author":2,"featured_media":12688,"comment_status":"open","ping_status":"open","sticky":false,"template":"","format":"standard","meta":{"_jetpack_memberships_contains_paid_content":false,"footnotes":"","jetpack_publicize_message":"","jetpack_publicize_feature_enabled":true,"jetpack_social_post_already_shared":true,"jetpack_social_options":{"image_generator_settings":{"template":"highway","default_image_id":0,"font":"","enabled":false},"version":2},"_wpas_customize_per_network":false},"categories":[405],"tags":[],"class_list":["post-12687","post","type-post","status-publish","format-standard","has-post-thumbnail","hentry","category-actu-france-monde"],"jetpack_publicize_connections":[],"jetpack_featured_media_url":"https:\/\/i0.wp.com\/www.iceagetv.com\/radiosite\/wp-content\/uploads\/2019\/07\/Ursula-von-der-Leyen.jpg?fit=688%2C510&ssl=1","jetpack_sharing_enabled":true,"_links":{"self":[{"href":"https:\/\/www.iceagetv.com\/radiosite\/wp-json\/wp\/v2\/posts\/12687","targetHints":{"allow":["GET"]}}],"collection":[{"href":"https:\/\/www.iceagetv.com\/radiosite\/wp-json\/wp\/v2\/posts"}],"about":[{"href":"https:\/\/www.iceagetv.com\/radiosite\/wp-json\/wp\/v2\/types\/post"}],"author":[{"embeddable":true,"href":"https:\/\/www.iceagetv.com\/radiosite\/wp-json\/wp\/v2\/users\/2"}],"replies":[{"embeddable":true,"href":"https:\/\/www.iceagetv.com\/radiosite\/wp-json\/wp\/v2\/comments?post=12687"}],"version-history":[{"count":1,"href":"https:\/\/www.iceagetv.com\/radiosite\/wp-json\/wp\/v2\/posts\/12687\/revisions"}],"predecessor-version":[{"id":12689,"href":"https:\/\/www.iceagetv.com\/radiosite\/wp-json\/wp\/v2\/posts\/12687\/revisions\/12689"}],"wp:featuredmedia":[{"embeddable":true,"href":"https:\/\/www.iceagetv.com\/radiosite\/wp-json\/wp\/v2\/media\/12688"}],"wp:attachment":[{"href":"https:\/\/www.iceagetv.com\/radiosite\/wp-json\/wp\/v2\/media?parent=12687"}],"wp:term":[{"taxonomy":"category","embeddable":true,"href":"https:\/\/www.iceagetv.com\/radiosite\/wp-json\/wp\/v2\/categories?post=12687"},{"taxonomy":"post_tag","embeddable":true,"href":"https:\/\/www.iceagetv.com\/radiosite\/wp-json\/wp\/v2\/tags?post=12687"}],"curies":[{"name":"wp","href":"https:\/\/api.w.org\/{rel}","templated":true}]}}