{"id":12690,"date":"2019-07-03T06:25:32","date_gmt":"2019-07-03T06:25:32","guid":{"rendered":"http:\/\/www.iceagetv.com\/radiosite\/?p=12690"},"modified":"2019-07-03T06:25:38","modified_gmt":"2019-07-03T06:25:38","slug":"orages-fin-de-la-vigilance-orange-15-000-foyers-toujours-sans-electricite-le-trafic-sncf-perturbe","status":"publish","type":"post","link":"https:\/\/www.iceagetv.com\/radiosite\/orages-fin-de-la-vigilance-orange-15-000-foyers-toujours-sans-electricite-le-trafic-sncf-perturbe\/","title":{"rendered":"Orages: Fin de la vigilance orange -15.000 foyers toujours sans \u00e9lectricit\u00e9 &#8211; Le trafic SNCF perturb\u00e9"},"content":{"rendered":"\n<p>Sur les lignes Chamb\u00e9ry\u2013Modane et Bellegarde-Evian, le trafic devait \u00eatre interrompu \u00e0 partir de 17H00 pour reprendre avec le dernier train. La ligne Montm\u00e9lian\u2013Gi\u00e8res enfin \u00e9tait interrompue jusqu&rsquo;\u00e0 nouvel ordre.<\/p>\n\n\n\n<p>Le reste de la r\u00e9gion Auvergne-Rh\u00f4ne-Alpes n&rsquo;a pas \u00e9t\u00e9 \u00e9pargn\u00e9. Dans la Loire, o\u00f9 il a aussi gr\u00eal\u00e9, un camping a \u00e9t\u00e9 \u00e9vacu\u00e9 \u00e0 Saint-Pierre-de-Boeuf, ont dit les pompiers, qui ont effectu\u00e9 pr\u00e8s de 300 interventions.<\/p>\n\n\n\n<p>A Villars, ils ont aussi d\u00fb intervenir pour extraire deux passagers l\u00e9g\u00e8rement bless\u00e9s par la chute d&rsquo;un arbre sur leur voiture.<\/p>\n\n\n\n<p>Dans le Rh\u00f4ne, la foudre a provoqu\u00e9 l&rsquo;incendie d&rsquo;une maison en frappant son dispositif photovolta\u00efque, sans toutefois faire de bless\u00e9, ont indiqu\u00e9 les pompiers.<\/p>\n\n\n\n<p>La menace m\u00e9t\u00e9orologique a \u00e9t\u00e9 lev\u00e9e dans l&rsquo;ensemble des d\u00e9partements plac\u00e9s en vigilance Orange, apr\u00e8s un \u00e9pisode orageux accompagn\u00e9 de vents violents et de gr\u00eale lundi soir.<\/p>\n\n\n\n<p>Les orages prendront fin avant 2h du matin sur la Haute-Savoie et l&rsquo;Ain mais leur intensit\u00e9 ne n\u00e9cessite qu&rsquo;une vigilance de niveau jaune, selon le dernier bulletin de M\u00e9t\u00e9o France publi\u00e9e \u00e0 00H30.<\/p>\n\n\n\n<p>Les intemp\u00e9ries n&rsquo;ont pas fait de victimes mais pr\u00e8s de 15.000 foyers \u00e9taient encore priv\u00e9s d&rsquo;\u00e9lectricit\u00e9 dans la r\u00e9gion Auvergne-Rh\u00f4ne-Alpes mardi soir.<\/p>\n\n\n\n<p>De fortes bourrasques et la gr\u00eale ont frapp\u00e9 lundi soir six d\u00e9partements plac\u00e9s en alerte orages par M\u00e9t\u00e9o-France et touch\u00e9 particuli\u00e8rement les Alpes. Jusqu&rsquo;\u00e0 100.000 foyers environ ont \u00e9t\u00e9 priv\u00e9s d&rsquo;\u00e9lectricit\u00e9, particuli\u00e8rement en Is\u00e8re, Savoie et Haute-Savoie.<\/p>\n\n\n\n<p>A 15H00, pr\u00e9cise Enedis, plus de 70% des foyers \u00e9taient r\u00e9tablis, mais 28.000 foyers restaient sans \u00e9lectricit\u00e9, 22.000 dans les Alpes et 6.000 dans le Rh\u00f4ne et la Loire.<\/p>\n\n\n\n<p>Le gestionnaire du r\u00e9seau qualifiait la situation \u00ab\u00a0d&rsquo;\u00e9volutive, en fonction d\u2019\u00e9ventuels nouveaux orages\u00a0\u00bb. Plus de 350 personnes \u00e9taient mobilis\u00e9es sur le terrain.<\/p>\n\n\n\n<p>De pr\u00e9c\u00e9dents orages, aussi violents que brefs, accompagn\u00e9s de gr\u00eale et de fortes bourrasques, avaient d\u00e9j\u00e0 touch\u00e9 la r\u00e9gion le 15 juin, tuant une touriste allemande et faisant d&rsquo;importants d\u00e9g\u00e2ts dans les exploitations agricoles, pour une facture qui devrait se chiffrer en dizaines de millions d&rsquo;euros.<\/p>\n\n\n\n<p>Cette fois, les pompiers ont surtout \u00e9t\u00e9 appel\u00e9s pour des arbres tomb\u00e9s, des toitures arrach\u00e9es et des d\u00e9buts d&rsquo;inondation. Ils sont ainsi intervenus 450 fois en Savoie, 359 fois en Haute-Savoie et 372 fois en Is\u00e8re.<\/p>\n\n\n\n<p>Hormis une personne s\u00e9rieusement bless\u00e9e par la chute d&rsquo;un arbre sur son camping-car en Haute-Savoie, les orages n&rsquo;ont cependant occasionn\u00e9 que des blessures sans gravit\u00e9.<\/p>\n\n\n\n<p>A Doussard en Haute-Savoie, le toit de la salle des f\u00eates est partiellement tomb\u00e9 pendant un concert de rock auquel assistaient 200 personnes. Les spectateurs sont indemnes, le toit s&rsquo;\u00e9tant d\u00e9tach\u00e9 progressivement.<\/p>\n\n\n\n<p>Par ailleurs, 43 personnes pr\u00e9sentes sur un bateau de croisi\u00e8re du lac d&rsquo;Annecy ont \u00e9t\u00e9 r\u00e9cup\u00e9r\u00e9es par d&rsquo;autres embarcations vers minuit, leur bateau \u00e9tant immobilis\u00e9 \u00e0 100 m\u00e8tres de la rive apr\u00e8s un choc avec le fond provoqu\u00e9 par les vagues.<\/p>\n\n\n\n<p>Une centaine de participants \u00e0 un tournage de s\u00e9rie t\u00e9l\u00e9vis\u00e9e ont d\u00fb \u00eatre pris en charge sur la route du Semnoz en Haute-Savoie, leurs v\u00e9hicules \u00e9tant bloqu\u00e9s. En Is\u00e8re, le concert de Ben Harper dans le cadre du festival Jazz \u00e0 Vienne a \u00e9t\u00e9 annul\u00e9.<\/p>\n","protected":false},"excerpt":{"rendered":"<p>Sur les lignes Chamb\u00e9ry\u2013Modane et Bellegarde-Evian, le trafic devait \u00eatre interrompu \u00e0 partir de 17H00 pour reprendre avec le dernier train. La ligne Montm\u00e9lian\u2013Gi\u00e8res enfin \u00e9tait interrompue jusqu&rsquo;\u00e0 nouvel ordre. Le reste de la r\u00e9gion Auvergne-Rh\u00f4ne-Alpes n&rsquo;a pas \u00e9t\u00e9 \u00e9pargn\u00e9. Dans la Loire, o\u00f9 il a aussi gr\u00eal\u00e9, un camping a \u00e9t\u00e9 \u00e9vacu\u00e9 \u00e0 Saint-Pierre-de-Boeuf, [&hellip;]<\/p>\n","protected":false},"author":2,"featured_media":12692,"comment_status":"open","ping_status":"open","sticky":false,"template":"","format":"standard","meta":{"_jetpack_memberships_contains_paid_content":false,"footnotes":"","jetpack_publicize_message":"","jetpack_publicize_feature_enabled":true,"jetpack_social_post_already_shared":true,"jetpack_social_options":{"image_generator_settings":{"template":"highway","default_image_id":0,"font":"","enabled":false},"version":2},"_wpas_customize_per_network":false},"categories":[14],"tags":[],"class_list":["post-12690","post","type-post","status-publish","format-standard","has-post-thumbnail","hentry","category-actu-meteo"],"jetpack_publicize_connections":[],"jetpack_featured_media_url":"https:\/\/i0.wp.com\/www.iceagetv.com\/radiosite\/wp-content\/uploads\/2019\/07\/orages-2-juillet.jpg?fit=783%2C330&ssl=1","jetpack_sharing_enabled":true,"_links":{"self":[{"href":"https:\/\/www.iceagetv.com\/radiosite\/wp-json\/wp\/v2\/posts\/12690","targetHints":{"allow":["GET"]}}],"collection":[{"href":"https:\/\/www.iceagetv.com\/radiosite\/wp-json\/wp\/v2\/posts"}],"about":[{"href":"https:\/\/www.iceagetv.com\/radiosite\/wp-json\/wp\/v2\/types\/post"}],"author":[{"embeddable":true,"href":"https:\/\/www.iceagetv.com\/radiosite\/wp-json\/wp\/v2\/users\/2"}],"replies":[{"embeddable":true,"href":"https:\/\/www.iceagetv.com\/radiosite\/wp-json\/wp\/v2\/comments?post=12690"}],"version-history":[{"count":1,"href":"https:\/\/www.iceagetv.com\/radiosite\/wp-json\/wp\/v2\/posts\/12690\/revisions"}],"predecessor-version":[{"id":12693,"href":"https:\/\/www.iceagetv.com\/radiosite\/wp-json\/wp\/v2\/posts\/12690\/revisions\/12693"}],"wp:featuredmedia":[{"embeddable":true,"href":"https:\/\/www.iceagetv.com\/radiosite\/wp-json\/wp\/v2\/media\/12692"}],"wp:attachment":[{"href":"https:\/\/www.iceagetv.com\/radiosite\/wp-json\/wp\/v2\/media?parent=12690"}],"wp:term":[{"taxonomy":"category","embeddable":true,"href":"https:\/\/www.iceagetv.com\/radiosite\/wp-json\/wp\/v2\/categories?post=12690"},{"taxonomy":"post_tag","embeddable":true,"href":"https:\/\/www.iceagetv.com\/radiosite\/wp-json\/wp\/v2\/tags?post=12690"}],"curies":[{"name":"wp","href":"https:\/\/api.w.org\/{rel}","templated":true}]}}