{"id":12740,"date":"2019-07-08T12:07:38","date_gmt":"2019-07-08T12:07:38","guid":{"rendered":"http:\/\/www.iceagetv.com\/radiosite\/?p=12740"},"modified":"2019-07-08T12:07:44","modified_gmt":"2019-07-08T12:07:44","slug":"affaire-vincent-lambert-ses-parents-ne-deposeront-plus-aucun-recours-pour-le-maintien-en-vie-de-leur-fils-sa-mort-est-ineluctable-nous-ne-pouvons-plus-que-nous-resigner","status":"publish","type":"post","link":"https:\/\/www.iceagetv.com\/radiosite\/affaire-vincent-lambert-ses-parents-ne-deposeront-plus-aucun-recours-pour-le-maintien-en-vie-de-leur-fils-sa-mort-est-ineluctable-nous-ne-pouvons-plus-que-nous-resigner\/","title":{"rendered":"Affaire Vincent Lambert &#8211; Ses parents ne d\u00e9poseront plus aucun recours pour le maintien en vie de leur fils: \u00ab\u00a0Sa mort est in\u00e9luctable, nous ne pouvons plus que nous r\u00e9signer\u00a0\u00bb"},"content":{"rendered":"\n<p>Le collectif&nbsp;\u00ab\u00a0Je soutiens Vincent\u00a0\u00bb, oppos\u00e9 \u00e0 l&rsquo;arr\u00eat des traitements de Vincent Lambert, annule le rassemblement qui \u00e9tait pr\u00e9vu cet apr\u00e8s-midi \u00e0 16h \u00e0 Paris, qui devait avoir lieu place Saint-Pierre \u00e0 Montmartre. Il \u00e9tait organis\u00e9 pour d\u00e9noncer ce que les organisateurs appelaient\u00a0\u00bbl&rsquo;assassinat en cours\u00a0\u00bb&nbsp;de Vincent Lambert.<\/p>\n\n\n\n<p><strong>\u00a0<\/strong>Eric Kariger,\u00a0ancien m\u00e9decin de Vincent Lambert, r\u00e9agit au micro de France Info:\u00a0\u00ab\u00a0Il est plus facile de se battre pour la vie que de laisser la mort arriver, mais c&rsquo;est une le\u00e7on de sagesse m\u00e9dicale, humaine et judiciaire. Je rends aussi hommage aux parents car ce n&rsquo;est jamais facile d&rsquo;interrompre un combat. [Ses proches] vont pouvoir [lui] dire aurevoir dans des conditions plus sereines mais aussi se reconstruire ensuite.\u00a0\u00bb<\/p>\n\n\n\n<p><strong>\u00ab\u00a0Cette fois c&rsquo;est termin\u00e9\u00a0\u00bb,&nbsp;\u00e9crivent les parents de Vincent Lambert dans une lettre ouverte diffus\u00e9e sur&nbsp;le site du comit\u00e9 de soutien&nbsp;que voici :&nbsp;<\/strong><\/p>\n\n\n\n<p>\u00ab\u00a0Chers amis qui nous avez tant soutenus tout au long de ces 6 ans,<\/p>\n\n\n\n<p>Cette fois, c\u2019est termin\u00e9. Nos avocats ont multipli\u00e9 ces derniers jours encore les recours et men\u00e9 d\u2019ultimes actions pour faire respecter le recours suspensif devant l\u2019ONU qui b\u00e9n\u00e9ficiait \u00e0 Vincent. En vain.<br><strong>La mort de Vincent est d\u00e9sormais in\u00e9luctable. Elle lui a \u00e9t\u00e9 impos\u00e9e \u00e0 lui comme \u00e0 nous. Si nous ne l\u2019acceptons pas, nous ne pouvons que nous r\u00e9signer dans la douleur, l\u2019incompr\u00e9hension, mais aussi dans l\u2019Esp\u00e9rance.<\/strong><br>Nous voulions tous vous remercier de votre amiti\u00e9, de votre amour, de votre soutien, de vos pri\u00e8res pendant toutes ces ann\u00e9es. Il n\u2019y a plus rien \u00e0 faire sinon prier et accompagner notre cher Vincent, dans la dignit\u00e9 et le recueillement. Vous \u00eates avec nous tous par la pens\u00e9e et la pri\u00e8re aupr\u00e8s de Vincent.<\/p>\n\n\n\n<p>Nous demandons aux journalistes pr\u00e9sents devant le CHU d\u2019avoir la d\u00e9cence de respecter notre intimit\u00e9 familiale dans ces moments si douloureux.<\/p>\n\n\n\n<p>Pierre, Viviane, David et Anne.\u00a0\u00bb<\/p>\n\n\n\n<p><strong>L&rsquo;avocat des parents de Vincent Lambert annonce sur&nbsp;<a href=\"https:\/\/www.francetvinfo.fr\/politique\/nicolas-hulot\/document-franceinfo-la-reponse-cinglante-de-nicolas-hulot-a-brigitte-bardot-je-ne-supporte-plus-les-demagos-de-tout-poil_2893283.html\" target=\"_blank\" rel=\"noreferrer noopener\">FranceInfo<\/a>&nbsp;qu&rsquo;ils ne d\u00e9poseront plus aucun recours pour le maintien en vie de leur fils.&nbsp;<\/strong><\/p>\n\n\n\n<p>Jean Paillot explique:&nbsp;\u00ab\u00a0On ne peut plus imaginer aujourd&rsquo;hui arr\u00eater le processus mortel, si on arr\u00eatait aujourd&rsquo;hui, il s&rsquo;agirait d&rsquo;obstination d\u00e9raisonnable, ce qui n&rsquo;\u00e9tait pas le cas mardi dernier, mais la situation de Vincent s&rsquo;est d\u00e9grad\u00e9e depuis mardi avec des complications du fait de la s\u00e9dation.\u00a0\u00bbEt d&rsquo;ajouter que&nbsp;\u00ab\u00a0le jour venu, nous demanderons des comptes, mais&nbsp;[que]&nbsp;pour le moment, l&rsquo;heure n&rsquo;est plus qu&rsquo;au recueillement\u00a0\u00bb.<\/p>\n","protected":false},"excerpt":{"rendered":"<p>Le collectif&nbsp;\u00ab\u00a0Je soutiens Vincent\u00a0\u00bb, oppos\u00e9 \u00e0 l&rsquo;arr\u00eat des traitements de Vincent Lambert, annule le rassemblement qui \u00e9tait pr\u00e9vu cet apr\u00e8s-midi \u00e0 16h \u00e0 Paris, qui devait avoir lieu place Saint-Pierre \u00e0 Montmartre. Il \u00e9tait organis\u00e9 pour d\u00e9noncer ce que les organisateurs appelaient\u00a0\u00bbl&rsquo;assassinat en cours\u00a0\u00bb&nbsp;de Vincent Lambert. \u00a0Eric Kariger,\u00a0ancien m\u00e9decin de Vincent Lambert, r\u00e9agit au micro [&hellip;]<\/p>\n","protected":false},"author":2,"featured_media":12741,"comment_status":"open","ping_status":"open","sticky":false,"template":"","format":"standard","meta":{"_jetpack_memberships_contains_paid_content":false,"footnotes":"","jetpack_publicize_message":"","jetpack_publicize_feature_enabled":true,"jetpack_social_post_already_shared":true,"jetpack_social_options":{"image_generator_settings":{"template":"highway","default_image_id":0,"font":"","enabled":false},"version":2},"_wpas_customize_per_network":false},"categories":[405],"tags":[],"class_list":["post-12740","post","type-post","status-publish","format-standard","has-post-thumbnail","hentry","category-actu-france-monde"],"jetpack_publicize_connections":[],"jetpack_featured_media_url":"https:\/\/i0.wp.com\/www.iceagetv.com\/radiosite\/wp-content\/uploads\/2019\/07\/Affaire-Vincent-Lambert.jpg?fit=366%2C154&ssl=1","jetpack_sharing_enabled":true,"_links":{"self":[{"href":"https:\/\/www.iceagetv.com\/radiosite\/wp-json\/wp\/v2\/posts\/12740","targetHints":{"allow":["GET"]}}],"collection":[{"href":"https:\/\/www.iceagetv.com\/radiosite\/wp-json\/wp\/v2\/posts"}],"about":[{"href":"https:\/\/www.iceagetv.com\/radiosite\/wp-json\/wp\/v2\/types\/post"}],"author":[{"embeddable":true,"href":"https:\/\/www.iceagetv.com\/radiosite\/wp-json\/wp\/v2\/users\/2"}],"replies":[{"embeddable":true,"href":"https:\/\/www.iceagetv.com\/radiosite\/wp-json\/wp\/v2\/comments?post=12740"}],"version-history":[{"count":1,"href":"https:\/\/www.iceagetv.com\/radiosite\/wp-json\/wp\/v2\/posts\/12740\/revisions"}],"predecessor-version":[{"id":12742,"href":"https:\/\/www.iceagetv.com\/radiosite\/wp-json\/wp\/v2\/posts\/12740\/revisions\/12742"}],"wp:featuredmedia":[{"embeddable":true,"href":"https:\/\/www.iceagetv.com\/radiosite\/wp-json\/wp\/v2\/media\/12741"}],"wp:attachment":[{"href":"https:\/\/www.iceagetv.com\/radiosite\/wp-json\/wp\/v2\/media?parent=12740"}],"wp:term":[{"taxonomy":"category","embeddable":true,"href":"https:\/\/www.iceagetv.com\/radiosite\/wp-json\/wp\/v2\/categories?post=12740"},{"taxonomy":"post_tag","embeddable":true,"href":"https:\/\/www.iceagetv.com\/radiosite\/wp-json\/wp\/v2\/tags?post=12740"}],"curies":[{"name":"wp","href":"https:\/\/api.w.org\/{rel}","templated":true}]}}