{"id":12760,"date":"2019-07-09T15:10:32","date_gmt":"2019-07-09T15:10:32","guid":{"rendered":"http:\/\/www.iceagetv.com\/radiosite\/?p=12760"},"modified":"2019-07-09T15:10:39","modified_gmt":"2019-07-09T15:10:39","slug":"averses-de-grele-caves-inondees-foyers-prives-delectricite-les-orages-ont-cause-dimpressionnants-degats-dans-le-sud-ouest","status":"publish","type":"post","link":"https:\/\/www.iceagetv.com\/radiosite\/averses-de-grele-caves-inondees-foyers-prives-delectricite-les-orages-ont-cause-dimpressionnants-degats-dans-le-sud-ouest\/","title":{"rendered":"Averses de gr\u00eale, caves inond\u00e9es, foyers priv\u00e9s d&rsquo;\u00e9lectricit\u00e9\u2026 Les orages ont caus\u00e9 d&rsquo;impressionnants d\u00e9g\u00e2ts dans le Sud-Ouest"},"content":{"rendered":"\n<p>Avec&nbsp;<a href=\"https:\/\/www.francetvinfo.fr\/meteo\/orages\/sept-departements-du-sud-ouest-places-en-vigilance-orange_3526575.html\" target=\"_blank\" rel=\"noreferrer noopener\">l&rsquo;alerte orange aux orages d\u00e9clench\u00e9e par M\u00e9t\u00e9o France<\/a>&nbsp;pour neuf d\u00e9partements du Sud-Ouest, lundi 8&nbsp;juillet, la r\u00e9gion s&rsquo;\u00e9tait pr\u00e9par\u00e9e \u00e0 affronter les intemp\u00e9ries. L&rsquo;Ari\u00e8ge, la Haute-Garonne, le Gers, les Hautes-Pyr\u00e9n\u00e9es, le Tarn, le Tarn-et-Garonne, les Landes, le Lot-et-Garonne et les Pyr\u00e9n\u00e9es-Atlantiques \u00e9taient concern\u00e9s.<\/p>\n\n\n\n<p>Les Pyr\u00e9n\u00e9es ont \u00e9t\u00e9 particuli\u00e8rement touch\u00e9es, avec des pr\u00e9cipitations de 10 et 15&nbsp;millim\u00e8tres en une heure et des \u00e9pisodes de gr\u00eale par endroits.&nbsp;Sur les r\u00e9seaux sociaux, les habitants ont post\u00e9 des&nbsp;<a href=\"https:\/\/www.francetvinfo.fr\/meteo\/orages\/intemperies-orages-grele-et-vent-balayent-le-sud-ouest_3527417.html\" target=\"_blank\" rel=\"noreferrer noopener\">photos et vid\u00e9os impressionnantes<\/a>.&nbsp;<\/p>\n\n\n\n<h2 class=\"wp-block-heading\">Une \u00ab\u00a0tornade\u00a0\u00bb \u00e0 Foix&nbsp;<\/h2>\n\n\n\n<p>Les orages ont d\u00e9but\u00e9 d\u00e8s l&rsquo;apr\u00e8s-midi,\u00a0avec de fortes averses de gr\u00eale et des rafales jusqu&rsquo;\u00e0 107\u00a0km\/h \u00e0 l&rsquo;ouest de Foix, en Ari\u00e8ge. Un impressionnant orage de gr\u00eale, bref mais intense, s&rsquo;est abattu dans le secteur, entre 16\u00a0heures et 16h05.Les pompiers ont\u00a0d\u00fb g\u00e9rer\u00a012\u00a0interventions pour des chutes d&rsquo;arbres, des c\u00e2bles \u00e9lectriques sur la chauss\u00e9e et ponctuellement des caves l\u00e9g\u00e8rement inond\u00e9es.\u00a0<\/p>\n\n\n\n<h2 class=\"wp-block-heading\">Des centaines de foyers priv\u00e9s d&rsquo;\u00e9lectricit\u00e9<\/h2>\n\n\n\n<p>En Ari\u00e8ge, les pompiers sont intervenus pour b\u00e2cher quelques toitures.&nbsp;Enedis Pyr\u00e9n\u00e9es et Landes a indiqu\u00e9 sur son compte Twitter que 800&nbsp;foyers avaient \u00e9t\u00e9 priv\u00e9s d\u2019\u00e9lectricit\u00e9<em>&nbsp;\u00ab\u00a0sur les zones est de Pau et au nord de Tarbes\u00a0\u00bb<\/em>.&nbsp;Dans les Landes, l&rsquo;orage a touch\u00e9 le sud de Saint-Vincent-de-Tyrosse et l&rsquo;est de Villeneuve-de-Marsan, vers 22&nbsp;heures lundi soir, avec&nbsp;<em>\u00ab\u00a0beaucoup de violence\u00a0\u00bb,<\/em>&nbsp;selon Enedis.&nbsp;<\/p>\n","protected":false},"excerpt":{"rendered":"<p>Avec&nbsp;l&rsquo;alerte orange aux orages d\u00e9clench\u00e9e par M\u00e9t\u00e9o France&nbsp;pour neuf d\u00e9partements du Sud-Ouest, lundi 8&nbsp;juillet, la r\u00e9gion s&rsquo;\u00e9tait pr\u00e9par\u00e9e \u00e0 affronter les intemp\u00e9ries. L&rsquo;Ari\u00e8ge, la Haute-Garonne, le Gers, les Hautes-Pyr\u00e9n\u00e9es, le Tarn, le Tarn-et-Garonne, les Landes, le Lot-et-Garonne et les Pyr\u00e9n\u00e9es-Atlantiques \u00e9taient concern\u00e9s. Les Pyr\u00e9n\u00e9es ont \u00e9t\u00e9 particuli\u00e8rement touch\u00e9es, avec des pr\u00e9cipitations de 10 et 15&nbsp;millim\u00e8tres [&hellip;]<\/p>\n","protected":false},"author":2,"featured_media":12761,"comment_status":"open","ping_status":"open","sticky":false,"template":"","format":"standard","meta":{"_jetpack_memberships_contains_paid_content":false,"footnotes":"","jetpack_publicize_message":"","jetpack_publicize_feature_enabled":true,"jetpack_social_post_already_shared":true,"jetpack_social_options":{"image_generator_settings":{"template":"highway","default_image_id":0,"font":"","enabled":false},"version":2},"_wpas_customize_per_network":false},"categories":[14],"tags":[],"class_list":["post-12760","post","type-post","status-publish","format-standard","has-post-thumbnail","hentry","category-actu-meteo"],"jetpack_publicize_connections":[],"jetpack_featured_media_url":"https:\/\/i0.wp.com\/www.iceagetv.com\/radiosite\/wp-content\/uploads\/2019\/07\/Les-orages-ont-caus%C3%A9-dimpressionnants-d%C3%A9g%C3%A2ts-dans-le-Sud-Ouest.jpg?fit=560%2C210&ssl=1","jetpack_sharing_enabled":true,"_links":{"self":[{"href":"https:\/\/www.iceagetv.com\/radiosite\/wp-json\/wp\/v2\/posts\/12760","targetHints":{"allow":["GET"]}}],"collection":[{"href":"https:\/\/www.iceagetv.com\/radiosite\/wp-json\/wp\/v2\/posts"}],"about":[{"href":"https:\/\/www.iceagetv.com\/radiosite\/wp-json\/wp\/v2\/types\/post"}],"author":[{"embeddable":true,"href":"https:\/\/www.iceagetv.com\/radiosite\/wp-json\/wp\/v2\/users\/2"}],"replies":[{"embeddable":true,"href":"https:\/\/www.iceagetv.com\/radiosite\/wp-json\/wp\/v2\/comments?post=12760"}],"version-history":[{"count":1,"href":"https:\/\/www.iceagetv.com\/radiosite\/wp-json\/wp\/v2\/posts\/12760\/revisions"}],"predecessor-version":[{"id":12762,"href":"https:\/\/www.iceagetv.com\/radiosite\/wp-json\/wp\/v2\/posts\/12760\/revisions\/12762"}],"wp:featuredmedia":[{"embeddable":true,"href":"https:\/\/www.iceagetv.com\/radiosite\/wp-json\/wp\/v2\/media\/12761"}],"wp:attachment":[{"href":"https:\/\/www.iceagetv.com\/radiosite\/wp-json\/wp\/v2\/media?parent=12760"}],"wp:term":[{"taxonomy":"category","embeddable":true,"href":"https:\/\/www.iceagetv.com\/radiosite\/wp-json\/wp\/v2\/categories?post=12760"},{"taxonomy":"post_tag","embeddable":true,"href":"https:\/\/www.iceagetv.com\/radiosite\/wp-json\/wp\/v2\/tags?post=12760"}],"curies":[{"name":"wp","href":"https:\/\/api.w.org\/{rel}","templated":true}]}}