{"id":12766,"date":"2019-07-10T11:09:07","date_gmt":"2019-07-10T11:09:07","guid":{"rendered":"http:\/\/www.iceagetv.com\/radiosite\/?p=12766"},"modified":"2019-07-10T11:09:14","modified_gmt":"2019-07-10T11:09:14","slug":"champagne-homard-les-luxueux-diners-de-francois-de-rugy-aux-frais-de-lassemblee-nationale","status":"publish","type":"post","link":"https:\/\/www.iceagetv.com\/radiosite\/champagne-homard-les-luxueux-diners-de-francois-de-rugy-aux-frais-de-lassemblee-nationale\/","title":{"rendered":"Champagne, homard\u2026 Les luxueux d\u00eeners de Fran\u00e7ois de Rugy aux frais de l\u2019Assembl\u00e9e nationale"},"content":{"rendered":"\n<p>En p\u00e9riode de disette budg\u00e9taire, la d\u00e9pense passe mal aupr\u00e8s de certains fonctionnaires de l\u2019Assembl\u00e9e. Le site d\u2019information en ligne&nbsp;<a href=\"https:\/\/www.mediapart.fr\/journal\/france\/100719\/la-vie-de-chateau-sur-fonds-publics-des-epoux-de-rugy\"><em>Mediapart&nbsp;<\/em>r\u00e9v\u00e8le, mercredi 10&nbsp;juillet<\/a>, que Fran\u00e7ois de Rugy a organis\u00e9 entre octobre&nbsp;2017 et juin&nbsp;2018au moins une dizaine de d\u00eeners lorsqu\u2019il \u00e9tait pr\u00e9sident de l\u2019Assembl\u00e9e nationale, sans lien apparent avec ses fonctions.<\/p>\n\n\n\n<p>Sur la table des salons de l\u2019h\u00f4tel de Lassay, r\u00e9sidence de la pr\u00e9sidence, ont \u00e9t\u00e9 servis des homards g\u00e9ants, du champagne et des vins de la cave de l\u2019Assembl\u00e9e \u2013 du Ch\u00e2teau Cheval Blanc 2001 estim\u00e9 \u00e0 550 euros la bouteille ou du Ch\u00e2teau d\u2019Yquem 1999, estim\u00e9 \u00e0 265 euros.<\/p>\n\n\n\n<h2 class=\"wp-block-heading\">Filtre relationnel&nbsp;\u00bb<\/h2>\n\n\n\n<p>Parmi les convives identifi\u00e9s par&nbsp;<em>Mediapart&nbsp;<\/em>figurent notamment des membres de sa famille et des amis de sa femme S\u00e9verine, journaliste \u00e0&nbsp;<em>Gala.<\/em>&nbsp;<a href=\"https:\/\/www.mediapart.fr\/journal\/france\/100719\/la-vie-de-chateau-sur-fonds-publics-des-epoux-de-rugy\">Interrog\u00e9 par le site d\u2019information<\/a>, l\u2019\u00e9ditorialiste Jean-Michel Aphatie, invit\u00e9 par l\u2019interm\u00e9diaire de sa femme, une proche de M<sup>me<\/sup>&nbsp;de Rugy, raconte&nbsp;:&nbsp;<em>\u00ab&nbsp;J\u2019ai h\u00e9sit\u00e9 \u00e0 y aller parce que si le d\u00e9jeuner est un espace de travail, le d\u00eener est un espace ambigu.&nbsp;<\/em>(\u2026)&nbsp;<em>J\u2019ai vite compris que cela n\u2019avait pas beaucoup de sens d\u2019\u00eatre l\u00e0 pour moi. Ce n\u2019est pas un d\u00eener de travail. Et si c\u2019\u00e9tait \u00e0 refaire, non, je ne le referais pas.&nbsp;\u00bb<\/em><\/p>\n\n\n\n<p>Interrog\u00e9 par France Inter mercredi 10 juillet, le ministre a d\u00e9clar\u00e9 :<\/p>\n\n\n\n<p>\u00ab J\u2019assume que ma femme ait pu participer, je d\u00e9fendrai ma femme. Nous n\u2019avons rien \u00e0 nous reprocher (\u2026). [Quant aux invit\u00e9s], ce ne sont pas des amis, certains nous les connaissions, d\u2019autres pas (\u2026), c\u2019est \u00e7a le propre d\u2019avoir des relations de travail. \u00bb<\/p>\n\n\n\n<p>A Mediapart, M. de Rugy avait \u00e9galement indiqu\u00e9 qu\u2019il s\u2019agissait de&nbsp;<em>\u00ab d\u00eeners informels li\u00e9s \u00e0 l\u2019exercice de&nbsp;<\/em>[ses]&nbsp;<em>fonctions avec des personnalit\u00e9s issues de la soci\u00e9t\u00e9 civile \u00bb,&nbsp;<\/em>pour&nbsp;<em>\u00ab r\u00e9pondre \u00e0 l\u2019exigence de repr\u00e9sentation li\u00e9e \u00e0<\/em>&nbsp;[sa]<em>&nbsp;fonction \u00bb.&nbsp;<\/em>De son c\u00f4t\u00e9, S\u00e9verine de Rugy avait confirm\u00e9 au site d\u2019information qu\u2019elle op\u00e9rait elle-m\u00eame un&nbsp;<em>\u00ab filtre relationnel \u00bb<\/em>&nbsp;et que les invit\u00e9s appartenaient pour l\u2019immense majorit\u00e9 \u00e0 son cercle&nbsp;<em>\u00ab amical \u00bb.<\/em><\/p>\n\n\n\n<h2 class=\"wp-block-heading\">D\u00eener de Saint-Valentin<\/h2>\n\n\n\n<p>Sur France Inter, l\u2019actuel ministre de l\u2019\u00e9cologie, du d\u00e9veloppement durable et de l\u2019\u00e9nergie a qualifi\u00e9 l\u2019article de<em>\u00a0\u00ab\u00a0grotesque\u00a0\u00bb<\/em>\u00a0et\u00a0<em>\u00ab\u00a0pamphl\u00e9taire\u00a0\u00bb<\/em>\u00a0:\u00a0<em>\u00ab\u00a0La r\u00e9alit\u00e9, c\u2019est que, \u00e9lu pr\u00e9sident de l\u2019Assembl\u00e9e nationale, j\u2019ai mis un peu d\u2019ordre dans la gestion de certains budgets. J\u2019ai r\u00e9duit la retraite des d\u00e9put\u00e9s, supprim\u00e9 les avantages des anciens pr\u00e9sidents de l\u2019Assembl\u00e9e\u2026\u00a0\u00bb.<\/em>\u00a0Selon l\u2019entourage du ministre, ce dernier\u00a0<em>\u00ab\u00a0a fait baisser les frais de r\u00e9ception de l\u2019h\u00f4tel de Lassay plus de 13\u00a0%, ses frais de d\u00e9placement de plus de 34\u00a0%, les co\u00fbts li\u00e9s aux r\u00e9mun\u00e9rations de son cabinet de pr\u00e8s de 13\u00a0%, ainsi que les frais de d\u00e9placement du cabinet d\u2019environ 37\u00a0%\u00a0\u00bb<\/em>.<br>D\u2019apr\u00e8s d\u2019autres \u00e9l\u00e9ments recueillis par\u00a0<em>Mediapart<\/em>, les moyens de l\u2019Assembl\u00e9e nationale auraient \u00e9galement \u00e9t\u00e9 utilis\u00e9s pour organiser le d\u00eener de Saint-Valentin du couple en\u00a02018.\u00a0<em>\u00ab\u00a0Le service de restauration de l\u2019h\u00f4tel de Lassay a eu la d\u00e9licate attention, sans qu\u2019aucune demande pr\u00e9alable ne leur soit faite, de d\u00e9corer la table de Fran\u00e7ois de Rugy et son \u00e9pouse\u00a0\u00bb,<\/em>\u00a0a justifi\u00e9 l\u2019entourage du ministre au site d\u2019information.<\/p>\n\n\n\n<h2 class=\"wp-block-heading\">La d\u00e9ontologue de l\u2019Assembl\u00e9e saisie<\/h2>\n\n\n\n<p>La pol\u00e9mique autour de ces d\u00eeners luxueux fait des vagues au sein m\u00eame du parti pr\u00e9sidentiel. Sous couvert d\u2019anonymat, un cadre de La R\u00e9publique en marche d\u00e9plore&nbsp;<em>\u00ab&nbsp;l\u2019effet d\u00e9vastateur&nbsp;\u00bb<\/em>&nbsp;des r\u00e9v\u00e9lations de&nbsp;<em>Mediapart&nbsp;<\/em>dans l\u2019opinion publique.<\/p>\n\n\n\n<p><em>\u00ab&nbsp;C\u2019est scandaleux cette histoire. C\u2019est pr\u00e9cis\u00e9ment ce que nous ont reproch\u00e9 les \u201cgilets jaunes\u201d ! Cela risque d\u2019accr\u00e9diter l\u2019id\u00e9e que les ministres sont plein aux as et se gavent en profitant de l\u2019argent public. Symboliquement, c\u2019est tr\u00e8s lourd&nbsp;\u00bb<\/em>, juge ce responsable national de la formation macroniste, en ne cachant pas sa col\u00e8re contre&nbsp;<em>\u00ab&nbsp;une vraie connerie&nbsp;\u00bb<\/em>. Jugeant que le ministre peut&nbsp;<em>\u00ab&nbsp;difficilement rester&nbsp;\u00bb<\/em>&nbsp;\u00e0 son poste, cette source craint \u00e9galement que ce type de pol\u00e9mique redonne du carburant aux \u201cgilets jaunes\u201d :&nbsp;<em>\u00ab&nbsp;C\u2019est typiquement le genre d\u2019histoire qui peut relancer une manif\u2026&nbsp;\u00bb<\/em>, se d\u00e9sole-t-il.<\/p>\n\n\n\n<p>De son c\u00f4t\u00e9, Julien Aubert, d\u00e9put\u00e9 du Vaucluse et secr\u00e9taire g\u00e9n\u00e9ral adjoint des Republicains, a fait savoir dans un communiqu\u00e9 qu\u2019il avait saisi les trois questeurs, le pr\u00e9sident actuel de l\u2019Assembl\u00e9e nationale, Richard Ferrand, et la d\u00e9ontologue de l\u2019Assembl\u00e9e, Agn\u00e8s Roblot-Troizier, afin&nbsp;<em>\u00ab&nbsp;de leur demander que les 577 d\u00e9put\u00e9s puissent avoir acc\u00e8s en toute transparence \u00e0 la justification des d\u00e9penses op\u00e9r\u00e9es par Fran\u00e7ois de Rugy&nbsp;\u00bb&nbsp;<\/em>pendant sa mandature.<\/p>\n","protected":false},"excerpt":{"rendered":"<p>En p\u00e9riode de disette budg\u00e9taire, la d\u00e9pense passe mal aupr\u00e8s de certains fonctionnaires de l\u2019Assembl\u00e9e. Le site d\u2019information en ligne&nbsp;Mediapart&nbsp;r\u00e9v\u00e8le, mercredi 10&nbsp;juillet, que Fran\u00e7ois de Rugy a organis\u00e9 entre octobre&nbsp;2017 et juin&nbsp;2018au moins une dizaine de d\u00eeners lorsqu\u2019il \u00e9tait pr\u00e9sident de l\u2019Assembl\u00e9e nationale, sans lien apparent avec ses fonctions. Sur la table des salons de [&hellip;]<\/p>\n","protected":false},"author":2,"featured_media":12767,"comment_status":"open","ping_status":"open","sticky":false,"template":"","format":"standard","meta":{"_jetpack_memberships_contains_paid_content":false,"footnotes":"","jetpack_publicize_message":"","jetpack_publicize_feature_enabled":true,"jetpack_social_post_already_shared":true,"jetpack_social_options":{"image_generator_settings":{"template":"highway","default_image_id":0,"font":"","enabled":false},"version":2},"_wpas_customize_per_network":false},"categories":[405],"tags":[],"class_list":["post-12766","post","type-post","status-publish","format-standard","has-post-thumbnail","hentry","category-actu-france-monde"],"jetpack_publicize_connections":[],"jetpack_featured_media_url":"https:\/\/i0.wp.com\/www.iceagetv.com\/radiosite\/wp-content\/uploads\/2019\/07\/Fran%C3%A7ois-de-Rugy.jpg?fit=688%2C459&ssl=1","jetpack_sharing_enabled":true,"_links":{"self":[{"href":"https:\/\/www.iceagetv.com\/radiosite\/wp-json\/wp\/v2\/posts\/12766","targetHints":{"allow":["GET"]}}],"collection":[{"href":"https:\/\/www.iceagetv.com\/radiosite\/wp-json\/wp\/v2\/posts"}],"about":[{"href":"https:\/\/www.iceagetv.com\/radiosite\/wp-json\/wp\/v2\/types\/post"}],"author":[{"embeddable":true,"href":"https:\/\/www.iceagetv.com\/radiosite\/wp-json\/wp\/v2\/users\/2"}],"replies":[{"embeddable":true,"href":"https:\/\/www.iceagetv.com\/radiosite\/wp-json\/wp\/v2\/comments?post=12766"}],"version-history":[{"count":1,"href":"https:\/\/www.iceagetv.com\/radiosite\/wp-json\/wp\/v2\/posts\/12766\/revisions"}],"predecessor-version":[{"id":12768,"href":"https:\/\/www.iceagetv.com\/radiosite\/wp-json\/wp\/v2\/posts\/12766\/revisions\/12768"}],"wp:featuredmedia":[{"embeddable":true,"href":"https:\/\/www.iceagetv.com\/radiosite\/wp-json\/wp\/v2\/media\/12767"}],"wp:attachment":[{"href":"https:\/\/www.iceagetv.com\/radiosite\/wp-json\/wp\/v2\/media?parent=12766"}],"wp:term":[{"taxonomy":"category","embeddable":true,"href":"https:\/\/www.iceagetv.com\/radiosite\/wp-json\/wp\/v2\/categories?post=12766"},{"taxonomy":"post_tag","embeddable":true,"href":"https:\/\/www.iceagetv.com\/radiosite\/wp-json\/wp\/v2\/tags?post=12766"}],"curies":[{"name":"wp","href":"https:\/\/api.w.org\/{rel}","templated":true}]}}