{"id":12772,"date":"2019-07-11T08:06:51","date_gmt":"2019-07-11T08:06:51","guid":{"rendered":"http:\/\/www.iceagetv.com\/radiosite\/?p=12772"},"modified":"2019-07-11T08:06:57","modified_gmt":"2019-07-11T08:06:57","slug":"vincent-lambert-est-mort-apres-onze-ans-passes-en-etat-vegetatif","status":"publish","type":"post","link":"https:\/\/www.iceagetv.com\/radiosite\/vincent-lambert-est-mort-apres-onze-ans-passes-en-etat-vegetatif\/","title":{"rendered":"Vincent Lambert est mort, apr\u00e8s onze ans pass\u00e9s en \u00e9tat v\u00e9g\u00e9tatif"},"content":{"rendered":"\n<p>La<em>\u00a0\u00ab\u00a0nuit de solitude et d\u2019inconscience\u00a0\u00bb<\/em>\u00a0dans laquelle Vincent Lambert \u00e9tait<em>\u00a0\u00ab\u00a0emmur\u00e9\u00a0\u00bb<\/em>\u00a0depuis un accident de la route en\u00a02008 \u2013 selon l\u2019expression du rapporteur public du Conseil d\u2019Etat en juin\u00a02014 \u2013 a pris fin. L\u2019ancien infirmier psychiatrique est mort, jeudi 11juillet peu apr\u00e8s 8\u00a0heures, \u00e0 l\u2019\u00e2ge de 42\u00a0ans, \u00e0 l\u2019h\u00f4pital S\u00e9bastopol de Reims (Marne),<a href=\"https:\/\/www.lemonde.fr\/societe\/article\/2019\/07\/08\/nous-ne-pouvons-que-nous-resigner-les-parents-de-vincent-lambert-ne-deposeront-plus-de-recours_5486818_3224.html\">\u00a0neuf jours apr\u00e8s le d\u00e9but de l\u2019arr\u00eat de la nutrition et de l\u2019hydratation artificielles qui le maintenaient en vie.<\/a><\/p>\n\n\n\n<p>Ainsi s\u2019ach\u00e8ve ce drame familial o\u00f9 d\u00e9cisions m\u00e9dicales et d\u00e9cisions de justice se sont succ\u00e9d\u00e9 sans discontinuer depuis le 11&nbsp;mai&nbsp;2013, date \u00e0 laquelle le tribunal administratif de Ch\u00e2lons-en-Champagne avait ordonn\u00e9 en urgence la reprise de la nutrition et de l\u2019hydratation de cet homme t\u00e9trapl\u00e9gique en \u00e9tat v\u00e9g\u00e9tatif chronique, dont les l\u00e9sions c\u00e9r\u00e9brales ont \u00e9t\u00e9 jug\u00e9es irr\u00e9versibles.<\/p>\n\n\n\n<p>Hors norme, l\u2019affaire a eu un \u00e9cho m\u00e9diatique et politique consid\u00e9rable, allant jusqu\u2019\u00e0 susciter une prise de position officielle d\u2019Emmanuel Macron, par un&nbsp;<a href=\"https:\/\/www.facebook.com\/EmmanuelMacron\/posts\/2438951309670774\">message publi\u00e9 le 20&nbsp;mai sur Facebook<\/a>dans lequel il assure qu\u2019il ne lui&nbsp;<em>\u00ab&nbsp;appartient pas de suspendre une d\u00e9cision qui rel\u00e8ve de l\u2019appr\u00e9ciation de ses m\u00e9decins et qui est en conformit\u00e9 avec nos lois&nbsp;\u00bb&nbsp;<\/em>mais&nbsp;<em>\u00ab&nbsp;d\u2019entendre l\u2019\u00e9motion suscit\u00e9e&nbsp;\u00bb<\/em>.<\/p>\n\n\n\n<p>En arri\u00e8re-plan permanent, la question de la l\u00e9galisation de l\u2019euthanasie.\u00a0<em>\u00ab\u00a0J\u2019ai parfois l\u2019impression que tout le d\u00e9bat sur la fin de vie se joue dans cette chambre<\/em>\u00a0[d\u2019h\u00f4pital]<em>, autour de mon mari\u00a0\u00bb<\/em>, a \u00e9crit Rachel Lambert, l\u2019\u00e9pouse de Vincent Lambert et la m\u00e8re de sa fille, n\u00e9e quelques semaines avant l\u2019accident, dans\u00a0<em>Vincent\u00a0: parce que je l\u2019aime, je veux le laisser partir\u00a0<\/em>(Fayard, 2014).<\/p>\n\n\n\n<h2 class=\"wp-block-heading\">Vie purement biologique&nbsp;\u00bb<\/h2>\n\n\n\n<p>Cette ann\u00e9e-l\u00e0, la France enti\u00e8re parle de cette affaire de fin de vie qui s\u2019est invit\u00e9e au journal t\u00e9l\u00e9vis\u00e9 quelques mois plus t\u00f4t. Qui n\u2019a pas son avis sur la d\u00e9cision qu\u2019il conviendrait de prendre&nbsp;?&nbsp;<em>\u00ab&nbsp;Il n\u2019y a pas de r\u00e9f\u00e9rendum \u00e0 avoir sur la situation de mon \u00e9poux. Qui le supporterait pour sa propre vie&nbsp;?&nbsp;\u00bb<\/em>, r\u00e9agit Rachel Lambert lors de l\u2019examen de l\u2019affaire par le Conseil d\u2019Etat<\/p>\n","protected":false},"excerpt":{"rendered":"<p>La\u00a0\u00ab\u00a0nuit de solitude et d\u2019inconscience\u00a0\u00bb\u00a0dans laquelle Vincent Lambert \u00e9tait\u00a0\u00ab\u00a0emmur\u00e9\u00a0\u00bb\u00a0depuis un accident de la route en\u00a02008 \u2013 selon l\u2019expression du rapporteur public du Conseil d\u2019Etat en juin\u00a02014 \u2013 a pris fin. L\u2019ancien infirmier psychiatrique est mort, jeudi 11juillet peu apr\u00e8s 8\u00a0heures, \u00e0 l\u2019\u00e2ge de 42\u00a0ans, \u00e0 l\u2019h\u00f4pital S\u00e9bastopol de Reims (Marne),\u00a0neuf jours apr\u00e8s le d\u00e9but de [&hellip;]<\/p>\n","protected":false},"author":2,"featured_media":12773,"comment_status":"open","ping_status":"open","sticky":false,"template":"","format":"standard","meta":{"_jetpack_memberships_contains_paid_content":false,"footnotes":"","jetpack_publicize_message":"","jetpack_publicize_feature_enabled":true,"jetpack_social_post_already_shared":true,"jetpack_social_options":{"image_generator_settings":{"template":"highway","default_image_id":0,"font":"","enabled":false},"version":2},"_wpas_customize_per_network":false},"categories":[405],"tags":[],"class_list":["post-12772","post","type-post","status-publish","format-standard","has-post-thumbnail","hentry","category-actu-france-monde"],"jetpack_publicize_connections":[],"jetpack_featured_media_url":"https:\/\/i0.wp.com\/www.iceagetv.com\/radiosite\/wp-content\/uploads\/2019\/07\/Vincent-Lambert-est-mort.jpg?fit=664%2C443&ssl=1","jetpack_sharing_enabled":true,"_links":{"self":[{"href":"https:\/\/www.iceagetv.com\/radiosite\/wp-json\/wp\/v2\/posts\/12772","targetHints":{"allow":["GET"]}}],"collection":[{"href":"https:\/\/www.iceagetv.com\/radiosite\/wp-json\/wp\/v2\/posts"}],"about":[{"href":"https:\/\/www.iceagetv.com\/radiosite\/wp-json\/wp\/v2\/types\/post"}],"author":[{"embeddable":true,"href":"https:\/\/www.iceagetv.com\/radiosite\/wp-json\/wp\/v2\/users\/2"}],"replies":[{"embeddable":true,"href":"https:\/\/www.iceagetv.com\/radiosite\/wp-json\/wp\/v2\/comments?post=12772"}],"version-history":[{"count":1,"href":"https:\/\/www.iceagetv.com\/radiosite\/wp-json\/wp\/v2\/posts\/12772\/revisions"}],"predecessor-version":[{"id":12774,"href":"https:\/\/www.iceagetv.com\/radiosite\/wp-json\/wp\/v2\/posts\/12772\/revisions\/12774"}],"wp:featuredmedia":[{"embeddable":true,"href":"https:\/\/www.iceagetv.com\/radiosite\/wp-json\/wp\/v2\/media\/12773"}],"wp:attachment":[{"href":"https:\/\/www.iceagetv.com\/radiosite\/wp-json\/wp\/v2\/media?parent=12772"}],"wp:term":[{"taxonomy":"category","embeddable":true,"href":"https:\/\/www.iceagetv.com\/radiosite\/wp-json\/wp\/v2\/categories?post=12772"},{"taxonomy":"post_tag","embeddable":true,"href":"https:\/\/www.iceagetv.com\/radiosite\/wp-json\/wp\/v2\/tags?post=12772"}],"curies":[{"name":"wp","href":"https:\/\/api.w.org\/{rel}","templated":true}]}}