{"id":12787,"date":"2019-07-12T11:15:07","date_gmt":"2019-07-12T11:15:07","guid":{"rendered":"http:\/\/www.iceagetv.com\/radiosite\/?p=12787"},"modified":"2019-07-12T11:15:13","modified_gmt":"2019-07-12T11:15:13","slug":"francois-de-rugy-dit-ne-pas-aimer-le-homard-et-affirme-que-le-champagne-lui-donne-mal-a-la-tete","status":"publish","type":"post","link":"https:\/\/www.iceagetv.com\/radiosite\/francois-de-rugy-dit-ne-pas-aimer-le-homard-et-affirme-que-le-champagne-lui-donne-mal-a-la-tete\/","title":{"rendered":"Fran\u00e7ois de Rugy dit \u00ab\u00a0ne pas aimer le homard\u00a0\u00bb et affirme que le champagne lui \u00ab\u00a0donne mal \u00e0 la t\u00eate"},"content":{"rendered":"\n<h2 class=\"wp-block-heading\">Fran\u00e7ois de Rugy est venu s&rsquo;expliquer sur le plateau de BFMTV-RMC ce vendredi, apr\u00e8s deux jours de r\u00e9v\u00e9lations dans la presse. Il a notamment \u00e9voqu\u00e9 la question des d\u00eeners fastueux qu&rsquo;il a donn\u00e9s \u00e0 l&rsquo;H\u00f4tel de Lassay lorsqu&rsquo;il \u00e9tait pr\u00e9sident de l&rsquo;Assembl\u00e9e nationale.&nbsp;<\/h2>\n\n\n\n<p><a href=\"https:\/\/www.bfmtv.com\/politique\/francois-de-rugy-sur-bfmtv-rmc-je-n-ai-absolument-pas-de-raison-de-demissionner-1729549.html\"><strong>Face \u00e0 Jean-Jacques Bourdin&nbsp;<\/strong><\/a>ce vendredi matin sur BFMTV-RMC, le&nbsp;<strong><a href=\"https:\/\/www.bfmtv.com\/politique\/francois-de-rugy-de-nouveau-mis-en-cause-pour-des-depenses-privees-1729434.html\">ministre de la Transition \u00e9cologique<\/a>,<\/strong>&nbsp;Fran\u00e7ois de Rugy,a d\u00fb se d\u00e9marquer du tableau, potentiellement d\u00e9vastateur dans l&rsquo;opinion, d&rsquo;un grand personnage de la R\u00e9publique se perdant, lorsqu&rsquo;il \u00e9tait pr\u00e9sident de l&rsquo;Assembl\u00e9e nationale, dans des d\u00eeners dispendieux, se r\u00e9galant de mets aussi raffin\u00e9s que financ\u00e9s par le contribuable.<\/p>\n\n\n\n<h3 class=\"wp-block-heading\">\u00ab\u00a0Le homard, je n&rsquo;aime pas \u00e7a, j&rsquo;ai une intol\u00e9rance aux crustac\u00e9s\u00a0\u00bb<\/h3>\n\n\n\n<p>Apr\u00e8s avoir ni\u00e9\u00a0avoir invit\u00e9 des proches \u00e0 se joindre \u00e0 ces tables, Fran\u00e7ois de Rugy\u00a0 a \u00e9voqu\u00e9 le contenu des assiettes lors de ces d\u00eeners, immortalis\u00e9s par des photos dont il a compris qu&rsquo;elles \u00ab\u00a0choqu(aient)\u00a0\u00bb:<\/p>\n\n\n\n<blockquote class=\"wp-block-quote is-layout-flow wp-block-quote-is-layout-flow\"><p>\u00c7a vous surprend qu\u2019\u00e0 l\u2019Assembl\u00e9e nationale, on puisse \u00eatre amen\u00e9 \u00e0 servir du homard? Moi je n\u2019aime pas \u00e7a, je n\u2019en mange pas. J\u2019ai une intol\u00e9rance aux crustac\u00e9s, aux fruits de mer. Depuis, un agent de l\u2019Assembl\u00e9e nationale m\u2019a dit: \u2018On avait une liste de toutes vos intol\u00e9rances alimentaires. La premi\u00e8re ligne, c\u2019\u00e9tait les crustac\u00e9s, les fruits de mer. Et votre femme \u00e9galement\u2019. Et on fait croire que c\u2019est moi qui demande qu\u2019on serve des homards&nbsp;!\u00a0\u00bb<\/p><\/blockquote>\n\n\n\n<h3 class=\"wp-block-heading\">\u00ab\u00a0Je d\u00e9teste le caviar\u00a0\u00bb<\/h3>\n\n\n\n<blockquote class=\"wp-block-quote is-layout-flow wp-block-quote-is-layout-flow\"><p>Visiblement peu d\u00e9sireux de passer pour un \u00e9picurien, il a aussi dit: \u00ab\u00a0Je n\u2019aime pas les hu\u00eetres, je ne prends pas de champagne! Le champagne, \u00e7a me donne mal \u00e0 la t\u00eate. Je d\u00e9teste le caviar!\u00a0\u00bb<\/p><\/blockquote>\n\n\n\n<p>Fran\u00e7ois de Rugy a encore d\u00e9clar\u00e9: \u00ab\u00a0Je ne suis ni connaisseur, ni amateur de grands crus. Je n\u2019ai jamais achet\u00e9 une bouteille de vin de plus de 30 euros de toute ma vie. Les vins de l\u2019Assembl\u00e9e nationale sont servis par son personnel qui choisit\u00a0\u00bb.<\/p>\n","protected":false},"excerpt":{"rendered":"<p>Fran\u00e7ois de Rugy est venu s&rsquo;expliquer sur le plateau de BFMTV-RMC ce vendredi, apr\u00e8s deux jours de r\u00e9v\u00e9lations dans la presse. Il a notamment \u00e9voqu\u00e9 la question des d\u00eeners fastueux qu&rsquo;il a donn\u00e9s \u00e0 l&rsquo;H\u00f4tel de Lassay lorsqu&rsquo;il \u00e9tait pr\u00e9sident de l&rsquo;Assembl\u00e9e nationale.&nbsp; Face \u00e0 Jean-Jacques Bourdin&nbsp;ce vendredi matin sur BFMTV-RMC, le&nbsp;ministre de la Transition [&hellip;]<\/p>\n","protected":false},"author":2,"featured_media":12788,"comment_status":"open","ping_status":"open","sticky":false,"template":"","format":"standard","meta":{"_jetpack_memberships_contains_paid_content":false,"footnotes":"","jetpack_publicize_message":"","jetpack_publicize_feature_enabled":true,"jetpack_social_post_already_shared":true,"jetpack_social_options":{"image_generator_settings":{"template":"highway","default_image_id":0,"font":"","enabled":false},"version":2},"_wpas_customize_per_network":false},"categories":[405],"tags":[],"class_list":["post-12787","post","type-post","status-publish","format-standard","has-post-thumbnail","hentry","category-actu-france-monde"],"jetpack_publicize_connections":[],"jetpack_featured_media_url":"https:\/\/i0.wp.com\/www.iceagetv.com\/radiosite\/wp-content\/uploads\/2019\/07\/Fran%C3%A7ois-de-Rugy-1.jpg?fit=680%2C382&ssl=1","jetpack_sharing_enabled":true,"_links":{"self":[{"href":"https:\/\/www.iceagetv.com\/radiosite\/wp-json\/wp\/v2\/posts\/12787","targetHints":{"allow":["GET"]}}],"collection":[{"href":"https:\/\/www.iceagetv.com\/radiosite\/wp-json\/wp\/v2\/posts"}],"about":[{"href":"https:\/\/www.iceagetv.com\/radiosite\/wp-json\/wp\/v2\/types\/post"}],"author":[{"embeddable":true,"href":"https:\/\/www.iceagetv.com\/radiosite\/wp-json\/wp\/v2\/users\/2"}],"replies":[{"embeddable":true,"href":"https:\/\/www.iceagetv.com\/radiosite\/wp-json\/wp\/v2\/comments?post=12787"}],"version-history":[{"count":1,"href":"https:\/\/www.iceagetv.com\/radiosite\/wp-json\/wp\/v2\/posts\/12787\/revisions"}],"predecessor-version":[{"id":12789,"href":"https:\/\/www.iceagetv.com\/radiosite\/wp-json\/wp\/v2\/posts\/12787\/revisions\/12789"}],"wp:featuredmedia":[{"embeddable":true,"href":"https:\/\/www.iceagetv.com\/radiosite\/wp-json\/wp\/v2\/media\/12788"}],"wp:attachment":[{"href":"https:\/\/www.iceagetv.com\/radiosite\/wp-json\/wp\/v2\/media?parent=12787"}],"wp:term":[{"taxonomy":"category","embeddable":true,"href":"https:\/\/www.iceagetv.com\/radiosite\/wp-json\/wp\/v2\/categories?post=12787"},{"taxonomy":"post_tag","embeddable":true,"href":"https:\/\/www.iceagetv.com\/radiosite\/wp-json\/wp\/v2\/tags?post=12787"}],"curies":[{"name":"wp","href":"https:\/\/api.w.org\/{rel}","templated":true}]}}