{"id":12790,"date":"2019-07-14T11:29:09","date_gmt":"2019-07-14T11:29:09","guid":{"rendered":"http:\/\/www.iceagetv.com\/radiosite\/?p=12790"},"modified":"2019-07-14T11:29:15","modified_gmt":"2019-07-14T11:29:15","slug":"defile-du-14-juillet-macron-siffle-passe-en-revue-les-troupes-sur-les-champs-elysees","status":"publish","type":"post","link":"https:\/\/www.iceagetv.com\/radiosite\/defile-du-14-juillet-macron-siffle-passe-en-revue-les-troupes-sur-les-champs-elysees\/","title":{"rendered":"D\u00e9fil\u00e9 du 14 juillet: Macron, siffl\u00e9, passe en revue les troupes sur les Champs-Elys\u00e9es"},"content":{"rendered":"\n<p>e pr\u00e9sident&nbsp;<a href=\"https:\/\/www.20minutes.fr\/politique\/emmanuel-macron\/\">Emmanuel Macron<\/a>&nbsp;a ouvert dimanche les festivit\u00e9s du 14 juillet en descendant les Champs-Elys\u00e9es \u00e0 bord d&rsquo;un \u00abcommand car\u00bb avant le d\u00e9but du traditionnel d\u00e9fil\u00e9 militaire, plac\u00e9 cette ann\u00e9e sous le signe de la coop\u00e9ration militaire europ\u00e9enne.<\/p>\n\n\n\n<h2 class=\"wp-block-heading\">Des sifflets de&nbsp;\u00abgilets jaunes\u00bb<\/h2>\n\n\n\n<p>Des sifflets \u00e9manant de \u00abgilets jaunes\u00bb ont \u00e9t\u00e9 entendus sur le passage du chef de l&rsquo;\u00c9tat, dont c&rsquo;est le troisi\u00e8me d\u00e9fil\u00e9 depuis son \u00e9lection en mai 2017.&nbsp;La veille au soir, quelques dizaines de manifestants, dont certains portaient des \u00abgilets jaunes\u00bb, avaient fait entendre leur voix devant l&rsquo;H\u00f4tel de Brienne, o\u00f9 Emmanuel Macron pronon\u00e7ait un discours, en visant le ministre de la Transition \u00e9cologique&nbsp;<a href=\"https:\/\/www.20minutes.fr\/politique\/francois_de_rugy\/\">Fran\u00e7ois de Rugy,<\/a>&nbsp;\u00e9pingl\u00e9 par Mediapart pour des d\u00eeners fastueux lorsqu&rsquo;il \u00e9tait pr\u00e9sident de l&rsquo;Assembl\u00e9e nationale.<\/p>\n\n\n\n<h2 class=\"wp-block-heading\">Des dirigeants europ\u00e9ens r\u00e9unis<\/h2>\n\n\n\n<p>Apr\u00e8s avoir entam\u00e9 vers 10h la revue des troupes sur la c\u00e9l\u00e8bre avenue parisienne aux c\u00f4t\u00e9s de son chef d&rsquo;\u00e9tat-major, le pr\u00e9sident a rejoint la tribune pr\u00e9sidentielle place de la Concorde, o\u00f9 l&rsquo;attendaient plusieurs dirigeants europ\u00e9ens, dont Angela Merkel, ainsi que son \u00e9pouse Brigitte Macron, ainsi que les membres du gouvernement dont Fran\u00e7ois de Rugy.<\/p>\n\n\n\n<h2 class=\"wp-block-heading\">Un&nbsp;homme volant sur les Champs<\/h2>\n\n\n\n<p>Le champion du monde de jet-ski fran\u00e7ais Franky Zapata a offert un \u00e9poustouflant spectacle futuriste dimanche au traditionnel d\u00e9fil\u00e9 du 14 juillet \u00e0 Paris en volant debout, fusil en main, \u00e0 plusieurs dizaines de m\u00e8tres au-dessus du sol sur son \u00abFlyboard\u00bb, un engin de son invention, au-dessus des Champs-Elys\u00e9es.<\/p>\n\n\n\n<p>Cette plateforme volante propuls\u00e9e par cinq r\u00e9acteurs \u00e0 jet d&rsquo;air, \u00abva permettre de tester diff\u00e9rentes utilisations, par exemple une plateforme logistique volante ou bien une plateforme d&rsquo;assaut\u00bb pour les militaires, avait comment\u00e9 plus t\u00f4t la ministre des Arm\u00e9es Florence Parly sur&nbsp;<a href=\"https:\/\/www.franceinter.fr\/\" target=\"_blank\" rel=\"noreferrer noopener\">France Inter<\/a>.<\/p>\n","protected":false},"excerpt":{"rendered":"<p>e pr\u00e9sident&nbsp;Emmanuel Macron&nbsp;a ouvert dimanche les festivit\u00e9s du 14 juillet en descendant les Champs-Elys\u00e9es \u00e0 bord d&rsquo;un \u00abcommand car\u00bb avant le d\u00e9but du traditionnel d\u00e9fil\u00e9 militaire, plac\u00e9 cette ann\u00e9e sous le signe de la coop\u00e9ration militaire europ\u00e9enne. Des sifflets de&nbsp;\u00abgilets jaunes\u00bb Des sifflets \u00e9manant de \u00abgilets jaunes\u00bb ont \u00e9t\u00e9 entendus sur le passage du chef [&hellip;]<\/p>\n","protected":false},"author":2,"featured_media":12791,"comment_status":"open","ping_status":"open","sticky":false,"template":"","format":"standard","meta":{"_jetpack_memberships_contains_paid_content":false,"footnotes":"","jetpack_publicize_message":"","jetpack_publicize_feature_enabled":true,"jetpack_social_post_already_shared":true,"jetpack_social_options":{"image_generator_settings":{"template":"highway","default_image_id":0,"font":"","enabled":false},"version":2},"_wpas_customize_per_network":false},"categories":[405],"tags":[],"class_list":["post-12790","post","type-post","status-publish","format-standard","has-post-thumbnail","hentry","category-actu-france-monde"],"jetpack_publicize_connections":[],"jetpack_featured_media_url":"https:\/\/i0.wp.com\/www.iceagetv.com\/radiosite\/wp-content\/uploads\/2019\/07\/D%C3%A9fil%C3%A9-du-14-juillet.jpg?fit=640%2C410&ssl=1","jetpack_sharing_enabled":true,"_links":{"self":[{"href":"https:\/\/www.iceagetv.com\/radiosite\/wp-json\/wp\/v2\/posts\/12790","targetHints":{"allow":["GET"]}}],"collection":[{"href":"https:\/\/www.iceagetv.com\/radiosite\/wp-json\/wp\/v2\/posts"}],"about":[{"href":"https:\/\/www.iceagetv.com\/radiosite\/wp-json\/wp\/v2\/types\/post"}],"author":[{"embeddable":true,"href":"https:\/\/www.iceagetv.com\/radiosite\/wp-json\/wp\/v2\/users\/2"}],"replies":[{"embeddable":true,"href":"https:\/\/www.iceagetv.com\/radiosite\/wp-json\/wp\/v2\/comments?post=12790"}],"version-history":[{"count":1,"href":"https:\/\/www.iceagetv.com\/radiosite\/wp-json\/wp\/v2\/posts\/12790\/revisions"}],"predecessor-version":[{"id":12792,"href":"https:\/\/www.iceagetv.com\/radiosite\/wp-json\/wp\/v2\/posts\/12790\/revisions\/12792"}],"wp:featuredmedia":[{"embeddable":true,"href":"https:\/\/www.iceagetv.com\/radiosite\/wp-json\/wp\/v2\/media\/12791"}],"wp:attachment":[{"href":"https:\/\/www.iceagetv.com\/radiosite\/wp-json\/wp\/v2\/media?parent=12790"}],"wp:term":[{"taxonomy":"category","embeddable":true,"href":"https:\/\/www.iceagetv.com\/radiosite\/wp-json\/wp\/v2\/categories?post=12790"},{"taxonomy":"post_tag","embeddable":true,"href":"https:\/\/www.iceagetv.com\/radiosite\/wp-json\/wp\/v2\/tags?post=12790"}],"curies":[{"name":"wp","href":"https:\/\/api.w.org\/{rel}","templated":true}]}}