{"id":12793,"date":"2019-07-14T11:31:25","date_gmt":"2019-07-14T11:31:25","guid":{"rendered":"http:\/\/www.iceagetv.com\/radiosite\/?p=12793"},"modified":"2019-07-14T11:31:31","modified_gmt":"2019-07-14T11:31:31","slug":"14-juillet-macron-preside-un-defile-du-14-juillet-tourne-vers-leurope","status":"publish","type":"post","link":"https:\/\/www.iceagetv.com\/radiosite\/14-juillet-macron-preside-un-defile-du-14-juillet-tourne-vers-leurope\/","title":{"rendered":"14-Juillet: Macron pr\u00e9side un d\u00e9fil\u00e9 du 14 juillet tourn\u00e9 vers l&rsquo;Europe"},"content":{"rendered":"\n<p>Des sifflets, des \u00abgilets jaunes\u00bb, un homme volant&#8230; Le pr\u00e9sident&nbsp;<a href=\"https:\/\/www.20minutes.fr\/politique\/emmanuel-macron\/\">Emmanuel Macron<\/a>&nbsp;a ouvert dimanche les festivit\u00e9s du 14 juillet en descendant les Champs-Elys\u00e9es \u00e0 bord d&rsquo;un \u00abcommand car\u00bb avant le traditionnel d\u00e9fil\u00e9 militaire plac\u00e9 cette ann\u00e9e sous le signe de la coop\u00e9ration militaire europ\u00e9enne.<\/p>\n\n\n\n<h2 class=\"wp-block-heading\">Tribune pr\u00e9sidentielle place de la Concorde<\/h2>\n\n\n\n<p>Emmnanuel Macron, dont c&rsquo;est le troisi\u00e8me d\u00e9fil\u00e9 de f\u00eate nationale depuis son \u00e9lection en mai 2017, a entam\u00e9 vers 10h la revue des troupes sur la c\u00e9l\u00e8bre avenue parisienne aux c\u00f4t\u00e9s de son chef d&rsquo;\u00e9tat-major. De nombreux sifflets ont retenti \u00e0 son passage, alors que le chef de l&rsquo;Etat est confront\u00e9 depuis plusieurs mois au mouvement de contestation des \u00abgilets jaunes\u00bb.<\/p>\n\n\n\n<p>Le pr\u00e9sident a ensuite rejoint la tribune pr\u00e9sidentielle install\u00e9e place de la Concorde, o\u00f9 l&rsquo;attendaient plusieurs dirigeants europ\u00e9ens, dont la chanceli\u00e8re allemande Angela Merkel.<\/p>\n\n\n\n<h2 class=\"wp-block-heading\">Un \u00ab\u00a0Homme volant\u00bb<\/h2>\n\n\n\n<p>Devant la foule mass\u00e9e au coeur de la capitale, le champion du monde de jet-ski fran\u00e7ais Franky Zapata a offert un \u00e9poustouflant spectacle futuriste en volant debout, fusil en main, \u00e0 plusieurs dizaines de m\u00e8tres au-dessus des Champs-Elys\u00e9es sur son \u00abFlyboard\u00bb, un engin de son invention.<\/p>\n\n\n\n<p>Ce \u00abFlyboard\u00bb, plateforme volante propuls\u00e9e par cinq r\u00e9acteurs \u00e0 jet d&rsquo;air, int\u00e9resse les forces sp\u00e9ciales fran\u00e7aises pour \u00abdiff\u00e9rentes utilisations, par exemple une plateforme logistique volante ou bien une plateforme d&rsquo;assaut\u00bb, a comment\u00e9 la ministre des Arm\u00e9es Florence Parly sur France Inter.<\/p>\n\n\n\n<h2 class=\"wp-block-heading\">L&rsquo;Europe de la d\u00e9fense au menu<\/h2>\n\n\n\n<p>Face au Brexit et au rel\u00e2chement des liens transatlantiques sous l&rsquo;\u00e8re Trump, Emmanuel Macron a fait de l&rsquo;Europe de la d\u00e9fense l&rsquo;un de ses th\u00e8mes de pr\u00e9dilection, jugeant crucial pour le Vieux continent d&rsquo;accro\u00eetre son autonomie strat\u00e9gique, en compl\u00e9ment de l&rsquo;Otan.&nbsp;Pour cette \u00e9dition 2019, la France a ainsi convi\u00e9 une dizaine de pays europ\u00e9ens partenaires de son arm\u00e9e.<\/p>\n\n\n\n<p>\u00abCe sera l\u00e0 un beau symbole de l&rsquo;Europe de la d\u00e9fense que nous sommes en train de construire. C&rsquo;est, vous le savez, une priorit\u00e9 de mon mandat\u00bb, a fait valoir samedi le chef de l&rsquo;Etat fran\u00e7ais dans un discours devant la communaut\u00e9 militaire.<\/p>\n\n\n\n<h2 class=\"wp-block-heading\">Partenaires europ\u00e9ens&nbsp;<\/h2>\n\n\n\n<p><a href=\"https:\/\/www.20minutes.fr\/monde\/2563407-20190713-allemagne-tremblements-merkel-affaire-privee-majorite-allemands\">Outre la chanceli\u00e8re allemande, objet d&rsquo;inqui\u00e9tudes apr\u00e8s avoir \u00e9t\u00e9 prise ces derni\u00e8res semaines de crises de tremblement,&nbsp;<\/a>le pr\u00e9sident de la Commission europ\u00e9enne, Jean-Claude Juncker et le secr\u00e9taire g\u00e9n\u00e9ral de l&rsquo;OTAN, Jens Stoltenberg, figurent parmi les 11 invit\u00e9s europ\u00e9ens du pr\u00e9sident fran\u00e7ais. Ils seront convi\u00e9s \u00e0 d\u00e9jeuner \u00e0 l&rsquo;Elys\u00e9e.<\/p>\n\n\n\n<p>L&rsquo;ensemble du gouvernement a \u00e9galement pris place dans la tribune. Avant l&rsquo;arriv\u00e9e du pr\u00e9sident, le ministre de la Transition \u00e9cologique&nbsp;<a href=\"https:\/\/www.20minutes.fr\/politique\/francois_de_rugy\/\">Fran\u00e7ois de Rugy<\/a>,&nbsp;<a href=\"https:\/\/www.20minutes.fr\/politique\/2562887-20190712-affaire-rugy-incoherences-ministre-aime-homard-peche\">en proie \u00e0 une pol\u00e9mique \u00e0 rebondissements sur des d\u00eeners fastueux et des travaux,<\/a>&nbsp;s&rsquo;est entretenu tout sourire avec Brigitte Macron.<\/p>\n\n\n\n<p>Les neuf pays participant aux c\u00f4t\u00e9s de la France \u00e0 l&rsquo;Initiative europ\u00e9enne d&rsquo;intervention (IEI) &#8211; n\u00e9e il y a un an sous l&rsquo;impulsion du pr\u00e9sident Macron \u00e9taient repr\u00e9sent\u00e9s au sein du d\u00e9fil\u00e9:&nbsp;Belgique, Royaume-Uni, Allemagne, Danemark, Pays-Bas, Estonie, Espagne, Portugal et Finlande, via leurs chefs d&rsquo;Etat, de gouvernement ou leur ministre de la D\u00e9fense. Le d\u00e9fil\u00e9 \u00e0 pied devait s&rsquo;ouvrir sur leurs embl\u00e8mes.<\/p>\n\n\n\n<h2 class=\"wp-block-heading\">4.300 militaires mobilis\u00e9s<\/h2>\n\n\n\n<p>Au total, quelque 4.300 militaires, 196 v\u00e9hicules, 237 chevaux, 69 avions et 39 h\u00e9licopt\u00e8res ont \u00e9t\u00e9 mobilis\u00e9s pour l&rsquo;\u00e9v\u00e9nement organis\u00e9 sur la c\u00e9l\u00e8bre avenue des Champs Elys\u00e9es.&nbsp;\u00abOn \u00e9tait \u00e0 Paris et on a d\u00e9cid\u00e9 de prolonger notre s\u00e9jour, pour que les enfants voient le d\u00e9fil\u00e9. Pour leur apprendre le respect, qu&rsquo;ils voient ceux qui se battent pour nous\u00bb, confiait dans la foule Thomas, 39 ans, ing\u00e9nieur \u00e0 Strasbourg, son fils de 5 ans sur les \u00e9paules, drapeau fran\u00e7ais en main.<\/p>\n\n\n\n<p>Le d\u00e9fil\u00e9 s&rsquo;ach\u00e8vera cette ann\u00e9e sur un tableau compos\u00e9 de bless\u00e9s des arm\u00e9es fran\u00e7aises, actuellement engag\u00e9es sur de multiples th\u00e9\u00e2tres d&rsquo;op\u00e9rations ext\u00e9rieures, du Moyen-Orient aux sables du Sahel.<\/p>\n","protected":false},"excerpt":{"rendered":"<p>Des sifflets, des \u00abgilets jaunes\u00bb, un homme volant&#8230; Le pr\u00e9sident&nbsp;Emmanuel Macron&nbsp;a ouvert dimanche les festivit\u00e9s du 14 juillet en descendant les Champs-Elys\u00e9es \u00e0 bord d&rsquo;un \u00abcommand car\u00bb avant le traditionnel d\u00e9fil\u00e9 militaire plac\u00e9 cette ann\u00e9e sous le signe de la coop\u00e9ration militaire europ\u00e9enne. Tribune pr\u00e9sidentielle place de la Concorde Emmnanuel Macron, dont c&rsquo;est le troisi\u00e8me [&hellip;]<\/p>\n","protected":false},"author":2,"featured_media":12794,"comment_status":"open","ping_status":"open","sticky":false,"template":"","format":"standard","meta":{"_jetpack_memberships_contains_paid_content":false,"footnotes":"","jetpack_publicize_message":"","jetpack_publicize_feature_enabled":true,"jetpack_social_post_already_shared":true,"jetpack_social_options":{"image_generator_settings":{"template":"highway","default_image_id":0,"font":"","enabled":false},"version":2},"_wpas_customize_per_network":false},"categories":[405],"tags":[],"class_list":["post-12793","post","type-post","status-publish","format-standard","has-post-thumbnail","hentry","category-actu-france-monde"],"jetpack_publicize_connections":[],"jetpack_featured_media_url":"https:\/\/i0.wp.com\/www.iceagetv.com\/radiosite\/wp-content\/uploads\/2019\/07\/14-Juillet.jpg?fit=640%2C410&ssl=1","jetpack_sharing_enabled":true,"_links":{"self":[{"href":"https:\/\/www.iceagetv.com\/radiosite\/wp-json\/wp\/v2\/posts\/12793","targetHints":{"allow":["GET"]}}],"collection":[{"href":"https:\/\/www.iceagetv.com\/radiosite\/wp-json\/wp\/v2\/posts"}],"about":[{"href":"https:\/\/www.iceagetv.com\/radiosite\/wp-json\/wp\/v2\/types\/post"}],"author":[{"embeddable":true,"href":"https:\/\/www.iceagetv.com\/radiosite\/wp-json\/wp\/v2\/users\/2"}],"replies":[{"embeddable":true,"href":"https:\/\/www.iceagetv.com\/radiosite\/wp-json\/wp\/v2\/comments?post=12793"}],"version-history":[{"count":1,"href":"https:\/\/www.iceagetv.com\/radiosite\/wp-json\/wp\/v2\/posts\/12793\/revisions"}],"predecessor-version":[{"id":12795,"href":"https:\/\/www.iceagetv.com\/radiosite\/wp-json\/wp\/v2\/posts\/12793\/revisions\/12795"}],"wp:featuredmedia":[{"embeddable":true,"href":"https:\/\/www.iceagetv.com\/radiosite\/wp-json\/wp\/v2\/media\/12794"}],"wp:attachment":[{"href":"https:\/\/www.iceagetv.com\/radiosite\/wp-json\/wp\/v2\/media?parent=12793"}],"wp:term":[{"taxonomy":"category","embeddable":true,"href":"https:\/\/www.iceagetv.com\/radiosite\/wp-json\/wp\/v2\/categories?post=12793"},{"taxonomy":"post_tag","embeddable":true,"href":"https:\/\/www.iceagetv.com\/radiosite\/wp-json\/wp\/v2\/tags?post=12793"}],"curies":[{"name":"wp","href":"https:\/\/api.w.org\/{rel}","templated":true}]}}