{"id":12799,"date":"2019-07-14T18:45:38","date_gmt":"2019-07-14T18:45:38","guid":{"rendered":"http:\/\/www.iceagetv.com\/radiosite\/?p=12799"},"modified":"2019-07-14T18:45:43","modified_gmt":"2019-07-14T18:45:43","slug":"un-14-juillet-gache-par-le-retour-des-violences-sur-les-champs-elysees","status":"publish","type":"post","link":"https:\/\/www.iceagetv.com\/radiosite\/un-14-juillet-gache-par-le-retour-des-violences-sur-les-champs-elysees\/","title":{"rendered":"Un 14-Juillet g\u00e2ch\u00e9 par le retour des violences sur les Champs-Elys\u00e9es"},"content":{"rendered":"\n<h2 class=\"wp-block-heading\">En d\u00e9but d&rsquo;apr\u00e8s-midi, des gilets jaunes ont entam\u00e9 un face-\u00e0-face tendu avec les forces de l&rsquo;ordre, pr\u00e8s de quatre mois apr\u00e8s leur derni\u00e8re incursion sur les Champs-Elys\u00e9es, pourtant hautement surveill\u00e9s \u00e0 l&rsquo;occasion du d\u00e9fil\u00e9 du 14 juillet.<\/h2>\n\n\n\n<p>Ces images semblaient lointaines. Jour traditionnel de c\u00e9l\u00e9bration de l&rsquo;unit\u00e9 fran\u00e7aise et de sa puissance militaire,&nbsp;<strong><a href=\"https:\/\/www.bfmtv.com\/societe\/en-video-14-juillet-l-homme-volant-franky-zapata-survole-les-champs-elysees-1730451.html\">ce 14 juillet 2019<\/a><\/strong>&nbsp;a \u00e9t\u00e9 g\u00e2ch\u00e9 par des affrontements entre forces de l&rsquo;ordre et manifestants se revendiquant pour laa plupart du mouvement des&nbsp;gilets jaunes.<\/p>\n\n\n\n<p>Des tensions ont \u00e9clat\u00e9 \u00e0 la suite du d\u00e9fil\u00e9 sur les Champs-Elys\u00e9es, qui a \u00e9t\u00e9 lui-m\u00eame marqu\u00e9 par des sifflets adress\u00e9s au pr\u00e9sident Emmanuel Macron lors de son passage en command-car.<\/p>\n\n\n\n<p>Selon un bilan dress\u00e9 \u00e0 17 heures ce dimanche par la pr\u00e9fecture de police de Paris, un total de 180&nbsp;personnes ont \u00e9t\u00e9 interpell\u00e9es dans la capitale. La veille des festivit\u00e9s, les gilets jaunes&nbsp;avaient appel\u00e9&nbsp;<em>via<\/em>&nbsp;les r\u00e9seaux sociaux \u00e0 y manifester. C&rsquo;est la premi\u00e8re fois depuis le 16 mars, et l&rsquo;incendie du Fouquet&rsquo;s,&nbsp;que de tels troubles se produisent sur la c\u00e9l\u00e8bre avenue, haut lieu de la contestation sociale qui a \u00e9branl\u00e9 l&rsquo;ex\u00e9cutif pendant plusieurs mois.<\/p>\n\n\n\n<h3 class=\"wp-block-heading\">\u00ab\u00a0L&rsquo;important est que le d\u00e9fil\u00e9 se soit bien pass\u00e9\u00a0\u00bb<\/h3>\n\n\n\n<p>\u00ab\u00a0Ceux qui ont voulu emp\u00eacher ce d\u00e9fil\u00e9 devraient avoir un peu honte\u00a0\u00bb, a d\u00e9clar\u00e9, avant les incidents, le ministre de l&rsquo;Int\u00e9rieur Christophe Castaner.<\/p>\n\n\n\n<blockquote class=\"wp-block-quote is-layout-flow wp-block-quote-is-layout-flow\"><p>\u00c9galement interrog\u00e9 avant les incidents&nbsp;sur les sifflets adress\u00e9s au chef de l&rsquo;\u00c9tat,&nbsp;<strong><a href=\"https:\/\/www.bfmtv.com\/mediaplayer\/video\/je-n-ai-rien-entendu-edouard-philippe-reagit-aux-sifflets-lances-par-des-gilets-jaunes-lors-de-l-arrivee-du-president-1175168.html\">le Premier ministre \u00c9douard Philippe<\/a><\/strong>&nbsp;a expliqu\u00e9 n&rsquo;avoir \u00ab\u00a0rien entendu\u00a0\u00bb depuis la tribune pr\u00e9sidentielle, et que \u00ab\u00a0l&rsquo;important est que le d\u00e9fil\u00e9 se soit bien pass\u00e9\u00a0\u00bb.<\/p><\/blockquote>\n\n\n\n<p>Apr\u00e8s la descente, Emmanuel Macron a assist\u00e9 au spectacle depuis la tribune install\u00e9e place de la Concorde, en compagnie de plusieurs dirigeants europ\u00e9ens, dont la chanceli\u00e8re allemande Angela Merkel.<\/p>\n\n\n\n<h3 class=\"wp-block-heading\">Trois figures des gilets jaunes interpell\u00e9es<\/h3>\n\n\n\n<p>C&rsquo;est \u00e0 la conclusion du d\u00e9fil\u00e9 qu&rsquo;ont eu lieu les premi\u00e8res \u00e9chauffour\u00e9es. Vers 14h30, des dizaines de manifestants, qui ne portaient par de chasuble fluo, ont occup\u00e9 en milieu d&rsquo;apr\u00e8s-midi le haut des Champs-Elys\u00e9es, tron\u00e7on ouvert&nbsp;au public apr\u00e8s le d\u00e9fil\u00e9, et ont mis \u00e0 terre de nombreuses barri\u00e8res m\u00e9talliques au milieu de la chauss\u00e9e. Des poubelles ont \u00e9galement \u00e9t\u00e9 incendi\u00e9es.<\/p>\n\n\n\n<p>De petits groupes ont ensuite parcouru la grande art\u00e8re en chantant \u00ab\u00a0Macron d\u00e9mission\u00a0\u00bb ou \u00ab\u00a0Gilets jaunes! \u00c7a va p\u00e9ter!\u00a0\u00bb. Pr\u00e8s de 300 fauteurs de troubles ont \u00e9t\u00e9, selon nos informations, recens\u00e9s par les forces de l&rsquo;ordre quand les heurts ont \u00e9clat\u00e9.<\/p>\n\n\n\n<p><strong><a href=\"https:\/\/www.bfmtv.com\/societe\/14-juillet-eric-drouet-et-jerome-rodrigues-interpelles-sur-les-champs-elysees-1730464.html\">Trois figures du mouvement entam\u00e9 le 17 novembre<\/a><\/strong>, Eric Drouet,&nbsp;<strong><a href=\"https:\/\/www.bfmtv.com\/mediaplayer\/video\/14-juillet-l-arrestation-de-jerome-rodrigues-est-preoccupante-selon-son-avocat-1175182.html\">J\u00e9r\u00f4me Rodrigues<\/a><\/strong>&nbsp;et Maxime Nicolle, ont \u00e9t\u00e9 interpell\u00e9s et plac\u00e9s en garde en vue, le premier pour \u00ab\u00a0r\u00e9bellion\u00a0\u00bb, les autres pour \u00ab\u00a0organisation d&rsquo;une manifestation illicite\u00a0\u00bb, selon le parquet. Tous trois ont \u00e9t\u00e9 rel\u00e2ch\u00e9s dans l&rsquo;apr\u00e8s-midi, les proc\u00e9dures les concernant ayant \u00e9t\u00e9 class\u00e9es sans suite.<\/p>\n\n\n\n<h3 class=\"wp-block-heading\">4000 policiers et gendarmes mobilis\u00e9s<\/h3>\n\n\n\n<p>Au-del\u00e0 du fait que le mouvement des gilets jaunes s&rsquo;est consid\u00e9rablement essouffl\u00e9 ces derniers mois, le d\u00e9fil\u00e9 du 14-Juillet est un \u00e9v\u00e9nement hautement s\u00e9curis\u00e9. Plus de&nbsp;<strong><a href=\"https:\/\/www.bfmtv.com\/mediaplayer\/video\/14-juillet-les-forces-de-l-ordre-interviennent-pour-tenter-de-deplacer-des-groupes-de-gilets-jaunes-presents-sur-les-champs-elysees-1175133.html\">4000 policiers et gendarmes<\/a><\/strong>&nbsp;ont \u00e9t\u00e9 mobilis\u00e9s ce dimanche dans la capitale.&nbsp;<\/p>\n\n\n\n<p>Les forces de l&rsquo;ordre ont tir\u00e9 \u00e0 plusieurs reprises des gaz lacrymog\u00e8ne pour disperser les manifestants, parfois m\u00eal\u00e9s aux badauds et pour certains les visages dissimul\u00e9s.&nbsp;La situation retrouvait un semblant de calme en fin d&rsquo;apr\u00e8s-midi.<\/p>\n\n\n\n<p>Ironie de l&rsquo;histoire: la brasserie Le Fouquet&rsquo;s, qui avait \u00e9t\u00e9 vandalis\u00e9e le 16 mars lors d&rsquo;une manifestation des gilets jaunes, a rouvert ses portes ce dimanche et a d\u00fb&nbsp;\u00eatre prot\u00e9g\u00e9e par les forces de l&rsquo;ordre.<\/p>\n","protected":false},"excerpt":{"rendered":"<p>En d\u00e9but d&rsquo;apr\u00e8s-midi, des gilets jaunes ont entam\u00e9 un face-\u00e0-face tendu avec les forces de l&rsquo;ordre, pr\u00e8s de quatre mois apr\u00e8s leur derni\u00e8re incursion sur les Champs-Elys\u00e9es, pourtant hautement surveill\u00e9s \u00e0 l&rsquo;occasion du d\u00e9fil\u00e9 du 14 juillet. Ces images semblaient lointaines. Jour traditionnel de c\u00e9l\u00e9bration de l&rsquo;unit\u00e9 fran\u00e7aise et de sa puissance militaire,&nbsp;ce 14 juillet [&hellip;]<\/p>\n","protected":false},"author":2,"featured_media":12800,"comment_status":"open","ping_status":"open","sticky":false,"template":"","format":"standard","meta":{"_jetpack_memberships_contains_paid_content":false,"footnotes":"","jetpack_publicize_message":"","jetpack_publicize_feature_enabled":true,"jetpack_social_post_already_shared":true,"jetpack_social_options":{"image_generator_settings":{"template":"highway","default_image_id":0,"font":"","enabled":false},"version":2},"_wpas_customize_per_network":false},"categories":[405],"tags":[],"class_list":["post-12799","post","type-post","status-publish","format-standard","has-post-thumbnail","hentry","category-actu-france-monde"],"jetpack_publicize_connections":[],"jetpack_featured_media_url":"https:\/\/i0.wp.com\/www.iceagetv.com\/radiosite\/wp-content\/uploads\/2019\/07\/fce7924ebb4e4ce5a949881123f0.jpeg?fit=700%2C520&ssl=1","jetpack_sharing_enabled":true,"_links":{"self":[{"href":"https:\/\/www.iceagetv.com\/radiosite\/wp-json\/wp\/v2\/posts\/12799","targetHints":{"allow":["GET"]}}],"collection":[{"href":"https:\/\/www.iceagetv.com\/radiosite\/wp-json\/wp\/v2\/posts"}],"about":[{"href":"https:\/\/www.iceagetv.com\/radiosite\/wp-json\/wp\/v2\/types\/post"}],"author":[{"embeddable":true,"href":"https:\/\/www.iceagetv.com\/radiosite\/wp-json\/wp\/v2\/users\/2"}],"replies":[{"embeddable":true,"href":"https:\/\/www.iceagetv.com\/radiosite\/wp-json\/wp\/v2\/comments?post=12799"}],"version-history":[{"count":1,"href":"https:\/\/www.iceagetv.com\/radiosite\/wp-json\/wp\/v2\/posts\/12799\/revisions"}],"predecessor-version":[{"id":12801,"href":"https:\/\/www.iceagetv.com\/radiosite\/wp-json\/wp\/v2\/posts\/12799\/revisions\/12801"}],"wp:featuredmedia":[{"embeddable":true,"href":"https:\/\/www.iceagetv.com\/radiosite\/wp-json\/wp\/v2\/media\/12800"}],"wp:attachment":[{"href":"https:\/\/www.iceagetv.com\/radiosite\/wp-json\/wp\/v2\/media?parent=12799"}],"wp:term":[{"taxonomy":"category","embeddable":true,"href":"https:\/\/www.iceagetv.com\/radiosite\/wp-json\/wp\/v2\/categories?post=12799"},{"taxonomy":"post_tag","embeddable":true,"href":"https:\/\/www.iceagetv.com\/radiosite\/wp-json\/wp\/v2\/tags?post=12799"}],"curies":[{"name":"wp","href":"https:\/\/api.w.org\/{rel}","templated":true}]}}