{"id":12805,"date":"2019-07-15T12:45:45","date_gmt":"2019-07-15T12:45:45","guid":{"rendered":"http:\/\/www.iceagetv.com\/radiosite\/?p=12805"},"modified":"2019-07-15T12:45:52","modified_gmt":"2019-07-15T12:45:52","slug":"un-militaire-sest-donne-la-mort-hier-avec-son-arme-de-service-dans-lenceinte-des-ecoles-militaires-de-saumur-ems-en-marge-des-ceremonies-du-14-juillet","status":"publish","type":"post","link":"https:\/\/www.iceagetv.com\/radiosite\/un-militaire-sest-donne-la-mort-hier-avec-son-arme-de-service-dans-lenceinte-des-ecoles-militaires-de-saumur-ems-en-marge-des-ceremonies-du-14-juillet\/","title":{"rendered":"Un militaire s&rsquo;est donn\u00e9 la mort hier avec son arme de service dans l&rsquo;enceinte des \u00c9coles militaires de Saumur (EMS), en marge des c\u00e9r\u00e9monies du 14 juillet"},"content":{"rendered":"\n<p>Un militaire s&rsquo;est donn\u00e9 la mort ce dimanche 14 juillet avec son arme de service dans l&rsquo;enceinte des \u00c9coles militaires de Saumur (EMS), en marge des c\u00e9r\u00e9monies du 14 juillet. aupr\u00e8s des gendarmes. Le drame s&rsquo;est produit \u00ab\u00a0\u00e0 la fin de la c\u00e9r\u00e9monie\u00a0\u00bb vers midi selon la compagnie de gendarmerie de Saumur. Elle a confirm\u00e9 \u00ab\u00a0le suicide d&rsquo;un militaire aux EMS\u00a0\u00bb.<\/p>\n\n\n\n<p>\u00c2g\u00e9 de 39 ans, cet homme s&rsquo;est suicid\u00e9 avec son arme de service dans l&rsquo;enceinte de l&rsquo;EMS en marge des c\u00e9r\u00e9monies de la f\u00eate nationale. D\u00e9couvert inconscient, il est d\u00e9c\u00e9d\u00e9 peu apr\u00e8s l&rsquo;arriv\u00e9e des secours qui ont tent\u00e9 de le r\u00e9animer, sans succ\u00e8s.<\/p>\n\n\n\n<p>Issu du r\u00e9giment d&rsquo;infanterie des chars de marine de Poitiers, il \u00e9tait \u00ab\u00a0en mission\u00a0\u00bb aux \u00c9coles militaires, mais n&rsquo;appartenait pas aux EMS selon les gendarmes.<\/p>\n\n\n\n<p>Selon le journal Le Courrier de l&rsquo;Ouest, un probl\u00e8me familial aurait d\u00e9clench\u00e9 le geste du sous-officier. Celui-ci aurait donn\u00e9 l&rsquo;alerte par SMS \u00e0 un de ses camarades et des membres du groupe Sentinelle auraient tent\u00e9 de le dissuader, en vain, selon le quotidien.<\/p>\n\n\n\n<p>La brigade de recherches de la gendarmerie de Saumur est charg\u00e9e de l&rsquo;enqu\u00eate, sous l&rsquo;autorit\u00e9 du procureur de la R\u00e9publique d&rsquo;Angers.<\/p>\n","protected":false},"excerpt":{"rendered":"<p>Un militaire s&rsquo;est donn\u00e9 la mort ce dimanche 14 juillet avec son arme de service dans l&rsquo;enceinte des \u00c9coles militaires de Saumur (EMS), en marge des c\u00e9r\u00e9monies du 14 juillet. aupr\u00e8s des gendarmes. Le drame s&rsquo;est produit \u00ab\u00a0\u00e0 la fin de la c\u00e9r\u00e9monie\u00a0\u00bb vers midi selon la compagnie de gendarmerie de Saumur. Elle a confirm\u00e9 [&hellip;]<\/p>\n","protected":false},"author":2,"featured_media":12806,"comment_status":"open","ping_status":"open","sticky":false,"template":"","format":"standard","meta":{"_jetpack_memberships_contains_paid_content":false,"footnotes":"","jetpack_publicize_message":"","jetpack_publicize_feature_enabled":true,"jetpack_social_post_already_shared":true,"jetpack_social_options":{"image_generator_settings":{"template":"highway","default_image_id":0,"font":"","enabled":false},"version":2},"_wpas_customize_per_network":false},"categories":[405],"tags":[],"class_list":["post-12805","post","type-post","status-publish","format-standard","has-post-thumbnail","hentry","category-actu-france-monde"],"jetpack_publicize_connections":[],"jetpack_featured_media_url":"https:\/\/i0.wp.com\/www.iceagetv.com\/radiosite\/wp-content\/uploads\/2019\/07\/Un-militaire-sest-donn%C3%A9-la-mort-hier-avec-son-arme-de-service-dans-lenceinte-des-%C3%89coles-militaires-de-Saumur.jpg?fit=766%2C335&ssl=1","jetpack_sharing_enabled":true,"_links":{"self":[{"href":"https:\/\/www.iceagetv.com\/radiosite\/wp-json\/wp\/v2\/posts\/12805","targetHints":{"allow":["GET"]}}],"collection":[{"href":"https:\/\/www.iceagetv.com\/radiosite\/wp-json\/wp\/v2\/posts"}],"about":[{"href":"https:\/\/www.iceagetv.com\/radiosite\/wp-json\/wp\/v2\/types\/post"}],"author":[{"embeddable":true,"href":"https:\/\/www.iceagetv.com\/radiosite\/wp-json\/wp\/v2\/users\/2"}],"replies":[{"embeddable":true,"href":"https:\/\/www.iceagetv.com\/radiosite\/wp-json\/wp\/v2\/comments?post=12805"}],"version-history":[{"count":1,"href":"https:\/\/www.iceagetv.com\/radiosite\/wp-json\/wp\/v2\/posts\/12805\/revisions"}],"predecessor-version":[{"id":12807,"href":"https:\/\/www.iceagetv.com\/radiosite\/wp-json\/wp\/v2\/posts\/12805\/revisions\/12807"}],"wp:featuredmedia":[{"embeddable":true,"href":"https:\/\/www.iceagetv.com\/radiosite\/wp-json\/wp\/v2\/media\/12806"}],"wp:attachment":[{"href":"https:\/\/www.iceagetv.com\/radiosite\/wp-json\/wp\/v2\/media?parent=12805"}],"wp:term":[{"taxonomy":"category","embeddable":true,"href":"https:\/\/www.iceagetv.com\/radiosite\/wp-json\/wp\/v2\/categories?post=12805"},{"taxonomy":"post_tag","embeddable":true,"href":"https:\/\/www.iceagetv.com\/radiosite\/wp-json\/wp\/v2\/tags?post=12805"}],"curies":[{"name":"wp","href":"https:\/\/api.w.org\/{rel}","templated":true}]}}