{"id":12811,"date":"2019-07-16T13:43:56","date_gmt":"2019-07-16T13:43:56","guid":{"rendered":"http:\/\/www.iceagetv.com\/radiosite\/?p=12811"},"modified":"2019-07-16T13:44:04","modified_gmt":"2019-07-16T13:44:04","slug":"francois-de-rugy-demissionne-et-denonce-un-lynchage-mediatique","status":"publish","type":"post","link":"https:\/\/www.iceagetv.com\/radiosite\/francois-de-rugy-demissionne-et-denonce-un-lynchage-mediatique\/","title":{"rendered":"Fran\u00e7ois de Rugy d\u00e9missionne et d\u00e9nonce un \u00ab lynchage m\u00e9diatique \u00bb"},"content":{"rendered":"\n<p>Au centre d\u2019une pol\u00e9mique sur des d\u00e9penses excessives et la location d\u2019un logement \u00e0 vocation social, le ministre de la transition \u00e9cologique, Fran\u00e7ois de Rugy, a annonc\u00e9 avoir pr\u00e9sent\u00e9 sa d\u00e9mission mardi 16 juillet au premier ministre. Ce dernier a accept\u00e9 la d\u00e9mission de son ministre, a d\u00e9clar\u00e9 la porte-parole du gouvernement, Sibeth Ndiaye, sur France info.<\/p>\n\n\n\n<p>S\u2019estimant victime d\u2019un&nbsp;<em>\u00ab&nbsp;lynchage m\u00e9diatique \u00bb,<\/em>&nbsp;le ministre a \u00e9galement d\u00e9clar\u00e9 avoir d\u00e9pos\u00e9 une plainte en diffamation contre le site d\u2019informations&nbsp;<em>Mediapart.<\/em>&nbsp;Dans un&nbsp;<a href=\"https:\/\/www.facebook.com\/francoisderugy\/posts\/10157546781043573\">communiqu\u00e9<\/a>, il explique les raisons qui le conduisent \u00e0 d\u00e9missionner :<\/p>\n\n\n\n<p><em>\u00ab&nbsp;Les attaques et le lynchage m\u00e9diatique dont ma famille fait l\u2019objet me conduisent aujourd\u2019hui \u00e0 prendre le recul n\u00e9cessaire \u2013 ce que chacun comprendra. La mobilisation n\u00e9cessaire pour me d\u00e9fendre fait que je ne suis pas en mesure d\u2019assumer sereinement et efficacement la mission que m\u2019ont confi\u00e9e le pr\u00e9sident de la R\u00e9publique et le premier ministre. \u00bb<\/em><\/p>\n\n\n\n<p>Le num\u00e9ro deux du gouvernement, qui devait pr\u00e9senter mardi au S\u00e9nat le projet de loi \u00e9nergie et climat, s\u2019est entretenu dans la matin\u00e9e avec Edouard Philippe. Son passage devant les d\u00e9put\u00e9s lors des questions au gouvernement \u00e0 15 heures s\u2019annon\u00e7ait difficile.<\/p>\n\n\n\n<p>Les r\u00e9v\u00e9lations par&nbsp;<em>Mediapart&nbsp;<\/em>de d\u00eeners fastueux organis\u00e9s quand il pr\u00e9sidait l\u2019Assembl\u00e9e nationale, de travaux dans son logement de fonction au minist\u00e8re ou de son appartement pr\u00e8s de Nantes avaient s\u00e9rieusement fragilis\u00e9 le ministre, qui s\u2019\u00e9tait d\u00e9fendu tout le week-end sur ces informations en cascade. Le ministre estime que&nbsp;<em>\u00ab&nbsp;depuis le d\u00e9but de la semaine derni\u00e8re, Mediapart (l\u2019)attaque sur la base de photos vol\u00e9es, de ragots, d\u2019approximations, d\u2019\u00e9l\u00e9ments ext\u00e9rieurs \u00e0 ma fonction&nbsp;\u00bb<\/em>.<\/p>\n\n\n\n<p>\u00ab&nbsp;La volont\u00e9 de nuire, de salir, de d\u00e9molir, ne fait pas de doute. Je suis soumis \u00e0 un feu roulant de questions nouvelles et contraint de parer sans cesse \u00e0 de nouvelles attaques. &nbsp;\u00bb<\/p>\n\n\n\n<h2 class=\"wp-block-heading\">Homards et grands crus<\/h2>\n\n\n\n<p>Mercredi 10 juillet,&nbsp;<em>Mediapart<\/em>&nbsp;avait recens\u00e9&nbsp;<a href=\"https:\/\/www.lemonde.fr\/politique\/article\/2019\/07\/10\/champagne-homard-les-luxueux-diners-de-francois-de-rugy-aux-frais-de-l-assemblee-nationale_5487614_823448.html\">une dizaine de repas, avec homards et grands crus, qui ont eu lieu entre octobre 2017 et juin 2018&nbsp;<\/a>et o\u00f9 \u00e9taient re\u00e7us \u00e0 chaque fois entre dix et trente invit\u00e9s appartenant au cercle amical et relationnel de S\u00e9verine de Rugy, l\u2019\u00e9pouse de l\u2019ex-\u00e9cologiste. Parmi les convives identifi\u00e9s par le site figuraient aussi des membres de la famille de l\u2019ancien pr\u00e9sident de l\u2019Assembl\u00e9e et des amis de son \u00e9pouse. Les photos montrant M<sup>me<\/sup>&nbsp;de Rugy poser devant une bouteille de Mouton Rothschild 2004 ou M. de Rugy devant une table de Saint-Valentin orn\u00e9e de p\u00e9tales de rose ont \u00e9t\u00e9 abondamment relay\u00e9es sur les r\u00e9seaux sociaux et ont fait aussit\u00f4t scandale.<\/p>\n\n\n\n<p>Le ministre de la transition \u00e9cologique avait d\u2019abord d\u00e9nonc\u00e9\u00a0<em>\u00ab des propos mensongers \u00bb\u00a0<\/em>et un\u00a0<em>\u00ab parti pris militant qui est l\u2019habitude de ce site Internet \u00bb.\u00a0<\/em>S\u2019il avait dit\u00a0<a href=\"https:\/\/www.lemonde.fr\/politique\/article\/2019\/07\/10\/critique-pour-des-diners-luxueux-francois-de-rugy-comprend-que-cela-puisse-interpeller-les-francais_5487787_823448.html\"><em>\u00ab comprendre \u00bb<\/em>\u00a0que de telles r\u00e9v\u00e9lations\u00a0<em>\u00ab suscitent des r\u00e9actions, et m\u00eame des incompr\u00e9hensions, des interrogations \u00bb<\/em>\u00a0chez les Fran\u00e7ais,<\/a>\u00a0il avait assur\u00e9 qu\u2019il\u00a0<em>\u00ab n\u2019y a pas eu de d\u00eeners entre amis\u00a0<\/em>(\u2026)<em>\u00a0qui auraient \u00e9t\u00e9 financ\u00e9s par l\u2019Assembl\u00e9e nationale \u00bb<\/em>, pr\u00e9f\u00e9rant parler de\u00a0<em>\u00ab d\u00eeners de travail informels \u00bb<\/em>\u00a0avec\u00a0<em>\u00ab un pal\u00e9ontologue \u00bb<\/em>,\u00a0<em>\u00ab un directeur d\u2019\u00e9tudes \u00e0 Sciences Po \u00bb<\/em>\u00a0ou encore\u00a0<em>\u00ab des chefs d\u2019entreprise \u00bb<\/em>.<\/p>\n\n\n\n<p>Ces r\u00e9v\u00e9lations sont mal pass\u00e9es, neuf mois apr\u00e8s le d\u00e9but du mouvement des \u00ab gilets jaunes&nbsp;\u00bb, et alors que le gouvernement veut resserrer le budget. La pol\u00e9mique a fait des vagues au sein m\u00eame du parti pr\u00e9sidentiel. Sous couvert d\u2019anonymat, un cadre de La R\u00e9publique en marche (LRM) d\u00e9plorait&nbsp;<em>\u00ab l\u2019effet d\u00e9vastateur \u00bb&nbsp;<\/em>dans l\u2019opinion publique.&nbsp;<em>\u00ab C\u2019est scandaleux, cette histoire. C\u2019est pr\u00e9cis\u00e9ment ce que nous ont reproch\u00e9 les \u201cgilets jaunes\u201d ! Cela risque d\u2019accr\u00e9diter l\u2019id\u00e9e que les ministres sont pleins aux as et se gavent en profitant de l\u2019argent public. Symboliquement, c\u2019est tr\u00e8s lourd \u00bb<\/em>, jugeait ce responsable national de la formation macroniste, en ne cachant pas sa col\u00e8re contre&nbsp;<em>\u00ab une vraie connerie \u00bb<\/em>. De son c\u00f4t\u00e9, la d\u00e9put\u00e9e et ancienne ministre de l\u2019\u00e9cologie Delphine Batho estimait que&nbsp;<em>\u00ab sa d\u00e9mission s\u2019impose \u00bb<\/em>.<\/p>\n\n\n\n<h2 class=\"wp-block-heading\">Logement social<\/h2>\n\n\n\n<p>La pol\u00e9mique a enfl\u00e9 encore davantage le lendemain apr\u00e8s de nouvelles r\u00e9v\u00e9lations. Selon&nbsp;<em>Mediapart&nbsp;<\/em>jeudi 11&nbsp;juillet, le ministre a fait r\u00e9aliser<a href=\"https:\/\/www.lemonde.fr\/politique\/article\/2019\/07\/11\/63-000-euros-de-travaux-dont-17-000-pour-un-dressing-la-couteuse-renovation-des-appartements-de-rugy_5488030_823448.html\">&nbsp;plus de 63&nbsp;000&nbsp;euros de travaux<\/a>, pay\u00e9s par le contribuable, dans les appartements priv\u00e9s du minist\u00e8re de l\u2019\u00e9cologie. Parmi ces travaux figurait l\u2019installation d\u2019un dressing \u00e0 pr\u00e8s de 17&nbsp;000&nbsp;euros.<\/p>\n\n\n\n<p>Le ministre s\u2019\u00e9tait d\u00e9fendu sur\u00a0<a href=\"https:\/\/www.facebook.com\/francoisderugy\/posts\/10157532297153573\">Facebook<\/a>\u00a0:\u00a0<em>\u00ab\u00a0Les services en charge de la gestion des b\u00e2timents du minist\u00e8re ont fait le constat partag\u00e9 de la n\u00e9cessit\u00e9 d\u2019effectuer des travaux de r\u00e9novation dans l\u2019appartement de fonction du minist\u00e8re, qualifi\u00e9, je cite, de \u201cv\u00e9tuste\u201d\u00a0\u00bb<\/em>. Le montant des travaux serait li\u00e9 selon lui\u00a0<em>\u00ab\u00a0au caract\u00e8re tr\u00e8s particulier des lieux\u00a0\u00bb<\/em>,puisque<em>\u00a0\u00ab\u00a0l\u2019h\u00f4tel de Roquelaure, comme d\u2019autres minist\u00e8res, est un \u00e9l\u00e9ment du patrimoine fran\u00e7ais, construit au d\u00e9but du XVIII<sup>e<\/sup>\u00a0si\u00e8cle\u00a0\u00bb<\/em><\/p>\n\n\n\n<p>Ce m\u00eame 11 juillet,&nbsp;<em>Mediapart<\/em>&nbsp;poursuivait ses r\u00e9v\u00e9lations en accusant Fran\u00e7ois de Rugy de b\u00e9n\u00e9ficier lui-m\u00eame un logement social, tout comme sa directrice de cabinet (limog\u00e9e le 10 juillet). Selon le journal en ligne,&nbsp;<a href=\"https:\/\/www.lemonde.fr\/politique\/article\/2019\/07\/11\/francois-de-rugy-accuse-a-son-tour-de-louer-un-logement-social_5488318_823448.html\">le ministre d\u2019Etat loue depuis juillet 2016 un appartement dans la commune d\u2019Orvault<\/a>, en Loire-Atlantique, pour 531 euros par mois, alors que ses revenus seraient bien au-dessus du plafond d\u00e9fini pour ce type de logement. De plus, il ne s\u2019agit pas de sa r\u00e9sidence principale ce qui contrevient aux r\u00e8gles des logements \u00e0 vocation sociale.<\/p>\n\n\n\n<p>Depuis ces r\u00e9v\u00e9lations, le ministre avait assur\u00e9 ne pas vouloir d\u00e9missionner tout en s\u2019engageant \u00e0 soumettre ses frais de r\u00e9ception aux autorit\u00e9s de contr\u00f4le de l\u2019Assembl\u00e9e nationale et \u00e0<a href=\"https:\/\/www.lemonde.fr\/societe\/article\/2019\/07\/11\/francois-de-rugy-reste-ministre-et-s-engage-a-rembourser-chaque-euro-conteste_5488286_3224.html\">&nbsp;rembourser si n\u00e9cessaire \u00ab chaque euro contest\u00e9 \u00bb<\/a><em>.&nbsp;<\/em>Concernant les travaux au minist\u00e8re, le premier ministre avait demand\u00e9 au secr\u00e9tariat g\u00e9n\u00e9ral du gouvernement de diligenter&nbsp;<em>\u00ab une inspection \u00bb<\/em>&nbsp;afin de v\u00e9rifier que les travaux entrepris se conformaient au&nbsp;<em>\u00ab respect des r\u00e8gles \u00bb<\/em>&nbsp;et&nbsp;<em>\u00ab au principe d\u2019exemplarit\u00e9 \u00bb<\/em>&nbsp;voulu par le gouvernement. Lundi , M. de Rugy avait&nbsp;<a href=\"https:\/\/www.lemonde.fr\/politique\/article\/2019\/07\/15\/francois-de-rugy-nomme-son-nouveau-directeur-de-cabinet-malgre-la-polemique_5489698_823448.html\">nomm\u00e9 son nouveau directeur de cabinet<\/a>, Jack Azoulay, malgr\u00e9 la pol\u00e9mique.<\/p>\n\n\n\n<p>Fran\u00e7ois de Rugy avait \u00e9t\u00e9 nomm\u00e9 en septembre au gouvernement apr\u00e8s la d\u00e9mission surprise de Nicolas Hulot, imposant un style autrement plus politique, pragmatique et polic\u00e9, avec l\u2019ambition de durer au&nbsp;<em>\u00ab&nbsp;minist\u00e8re de l\u2019impossible&nbsp;\u00bb<\/em>.&nbsp;<em>\u00ab&nbsp;Je suis ici pour agir pour l\u2019\u00e9cologie avec m\u00e9thode, d\u00e9termination et pers\u00e9v\u00e9rance dans le temps&nbsp;\u00bb<\/em>, avait-il lanc\u00e9 lors de sa prise de fonction au minist\u00e8re.<br><\/p>\n","protected":false},"excerpt":{"rendered":"<p>Au centre d\u2019une pol\u00e9mique sur des d\u00e9penses excessives et la location d\u2019un logement \u00e0 vocation social, le ministre de la transition \u00e9cologique, Fran\u00e7ois de Rugy, a annonc\u00e9 avoir pr\u00e9sent\u00e9 sa d\u00e9mission mardi 16 juillet au premier ministre. Ce dernier a accept\u00e9 la d\u00e9mission de son ministre, a d\u00e9clar\u00e9 la porte-parole du gouvernement, Sibeth Ndiaye, sur [&hellip;]<\/p>\n","protected":false},"author":2,"featured_media":12812,"comment_status":"open","ping_status":"open","sticky":false,"template":"","format":"standard","meta":{"_jetpack_memberships_contains_paid_content":false,"footnotes":"","jetpack_publicize_message":"","jetpack_publicize_feature_enabled":true,"jetpack_social_post_already_shared":true,"jetpack_social_options":{"image_generator_settings":{"template":"highway","default_image_id":0,"font":"","enabled":false},"version":2},"_wpas_customize_per_network":false},"categories":[405],"tags":[],"class_list":["post-12811","post","type-post","status-publish","format-standard","has-post-thumbnail","hentry","category-actu-france-monde"],"jetpack_publicize_connections":[],"jetpack_featured_media_url":"https:\/\/i0.wp.com\/www.iceagetv.com\/radiosite\/wp-content\/uploads\/2019\/07\/Fran%C3%A7ois-de-Rugy-d%C3%A9missionne.jpg?fit=688%2C459&ssl=1","jetpack_sharing_enabled":true,"_links":{"self":[{"href":"https:\/\/www.iceagetv.com\/radiosite\/wp-json\/wp\/v2\/posts\/12811","targetHints":{"allow":["GET"]}}],"collection":[{"href":"https:\/\/www.iceagetv.com\/radiosite\/wp-json\/wp\/v2\/posts"}],"about":[{"href":"https:\/\/www.iceagetv.com\/radiosite\/wp-json\/wp\/v2\/types\/post"}],"author":[{"embeddable":true,"href":"https:\/\/www.iceagetv.com\/radiosite\/wp-json\/wp\/v2\/users\/2"}],"replies":[{"embeddable":true,"href":"https:\/\/www.iceagetv.com\/radiosite\/wp-json\/wp\/v2\/comments?post=12811"}],"version-history":[{"count":1,"href":"https:\/\/www.iceagetv.com\/radiosite\/wp-json\/wp\/v2\/posts\/12811\/revisions"}],"predecessor-version":[{"id":12813,"href":"https:\/\/www.iceagetv.com\/radiosite\/wp-json\/wp\/v2\/posts\/12811\/revisions\/12813"}],"wp:featuredmedia":[{"embeddable":true,"href":"https:\/\/www.iceagetv.com\/radiosite\/wp-json\/wp\/v2\/media\/12812"}],"wp:attachment":[{"href":"https:\/\/www.iceagetv.com\/radiosite\/wp-json\/wp\/v2\/media?parent=12811"}],"wp:term":[{"taxonomy":"category","embeddable":true,"href":"https:\/\/www.iceagetv.com\/radiosite\/wp-json\/wp\/v2\/categories?post=12811"},{"taxonomy":"post_tag","embeddable":true,"href":"https:\/\/www.iceagetv.com\/radiosite\/wp-json\/wp\/v2\/tags?post=12811"}],"curies":[{"name":"wp","href":"https:\/\/api.w.org\/{rel}","templated":true}]}}