{"id":12822,"date":"2019-07-17T12:25:50","date_gmt":"2019-07-17T12:25:50","guid":{"rendered":"http:\/\/www.iceagetv.com\/radiosite\/?p=12822"},"modified":"2019-07-17T12:25:59","modified_gmt":"2019-07-17T12:25:59","slug":"le-bilan-mitige-de-francois-de-rugy-au-ministere-de-la-transition-ecologique","status":"publish","type":"post","link":"https:\/\/www.iceagetv.com\/radiosite\/le-bilan-mitige-de-francois-de-rugy-au-ministere-de-la-transition-ecologique\/","title":{"rendered":"Le bilan mitig\u00e9 de Fran\u00e7ois de Rugy au minist\u00e8re de la Transition \u00e9cologique"},"content":{"rendered":"\n<p><em>e suis ici pour agir pour l&rsquo;\u00e9cologie avec m\u00e9thode, d\u00e9termination et pers\u00e9v\u00e9rance dans le temps.\u00a0\u00bb<\/em>&nbsp;Lors de sa prise de fonction au minist\u00e8re de la Transition \u00e9cologique et solidaire, d\u00e9but septembre 2018,&nbsp;<a href=\"https:\/\/www.francetvinfo.fr\/politique\/la-republique-en-marche\/francois-de-rugy\/\">Fran\u00e7ois de Rugy<\/a>envisageait des efforts \u00e0 long terme. Il n&rsquo;aura finalement \u00e9t\u00e9 qu&rsquo;un ministre de passage,&nbsp;<a href=\"https:\/\/www.francetvinfo.fr\/politique\/la-republique-en-marche\/francois-de-rugy\/scandales-fortes-pressions-et-nouvelles-revelations-pourquoi-francois-de-rugy-a-finalement-decide-de-demissionner_3538475.html\">contraint \u00e0 la d\u00e9mission<\/a>&nbsp;mardi 16 juillet apr\u00e8s les r\u00e9v\u00e9lations de Mediapart sur&nbsp;<a href=\"https:\/\/www.francetvinfo.fr\/politique\/la-republique-en-marche\/francois-de-rugy\/francois-de-rugy-pouvait-il-payer-la-cotisation-a-son-parti-avec-son-indemnite-de-frais-de-mandat-de-depute_3538505.html\">l&rsquo;utilisation de ses frais de mandat<\/a>, entre autres.<\/p>\n\n\n\n<p>D\u00e9p\u00each\u00e9 pour prendre la suite de l&rsquo;engag\u00e9 et tourment\u00e9 Nicolas Hulot, Fran\u00e7ois de Rugy fut un ministre de l&rsquo;Ecologie plus politique, pragmatique et polic\u00e9. Mais ce changement de style n&rsquo;aura pas \u00e9t\u00e9 synonyme d&rsquo;une plus grande long\u00e9vit\u00e9 dans ce minist\u00e8re instable.&nbsp;Feuille de route \u00e9nerg\u00e9tique fran\u00e7aise, suspension de la hausse de la taxe carbone, \u00e9conomie circulaire, r\u00e9introduction d&rsquo;ourses&#8230; L&rsquo;ancien pr\u00e9sident de l&rsquo;Assembl\u00e9e nationale a d\u00fb se pencher sur des dossiers h\u00e9rit\u00e9s du d\u00e9but du quinquennat, qui ont pour certains \u00e9t\u00e9 tranch\u00e9s en haut lieu, ce qui a diminu\u00e9 le p\u00e9rim\u00e8tre de son action. Franceinfo dresse son bilan mitig\u00e9 \u00e0 l&rsquo;h\u00f4tel de Roquelaure.<\/p>\n\n\n\n<h2 class=\"wp-block-heading\">Le projet de loi \u00e9nergie et climat<\/h2>\n\n\n\n<p>Le projet de loi \u00e9nergie et climat devait \u00eatre le premier texte d\u00e9fendu en personne par Fran\u00e7ois de Rugy, mais il a \u00e9t\u00e9 remplac\u00e9 au pied lev\u00e9 par sa secr\u00e9taire d&rsquo;Etat Emmanuelle Wargon, mardi au S\u00e9nat. Cette loi d\u00e9cr\u00e8te&nbsp;<em>\u00ab\u00a0l&rsquo;urgence \u00e9cologique et climatique\u00a0\u00bb<\/em>&nbsp;et fixe pour objectif de respecter la&nbsp;<em>\u00ab\u00a0neutralit\u00e9 carbone\u00a0\u00bb<\/em>&nbsp;\u00e0 l&rsquo;horizon 2050. Comme&nbsp;<a href=\"https:\/\/www.lemonde.fr\/planete\/article\/2019\/07\/16\/francois-de-rugy-un-bilan-sans-ambition-au-ministere-de-l-ecologie_5490053_3244.html\">le rappelle&nbsp;<em>Le Monde<\/em><\/a>, ce&nbsp;cap avait d\u00e9j\u00e0 \u00e9t\u00e9 pos\u00e9 par son pr\u00e9d\u00e9cesseur Nicolas Hulot dans son plan climat. Par ailleurs, la suspension de la taxe carbone et la feuille de route \u00e9nerg\u00e9tique ont fait l&rsquo;objet d&rsquo;arbitrages dans le contexte des \u00ab\u00a0gilets jaunes\u00a0\u00bb, avec des annonces du Premier ministre Edouard Philippe.<\/p>\n\n\n\n<p>Le projet de loi pr\u00e9voit tout de m\u00eame une baisse de 40% de la consommation d&rsquo;\u00e9nergies fossiles d&rsquo;ici \u00e0 2030, contre 30% pr\u00e9c\u00e9demment, et la fermeture des derni\u00e8res centrales \u00e0 charbon en 2022. Le texte confirme toutefois le report de 2025 \u00e0 2035 de l&rsquo;objectif de ramener la part du nucl\u00e9aire dans la production d&rsquo;\u00e9lectricit\u00e9 \u00e0 50%, contre plus de 70% aujourd&rsquo;hui, ce qui avait d\u00e9j\u00e0 \u00e9t\u00e9 annonc\u00e9 par Nicolas Hulot.&nbsp;<em>\u00ab\u00a0<\/em><em>On n&rsquo;oubliera pas que<\/em>&nbsp;[Fran\u00e7ois de Rugy]<em>&nbsp;a \u00e9t\u00e9 extr\u00eamement coulant avec EDF sur la question du nucl\u00e9aire\u00a0\u00bb<\/em>,&nbsp;<a href=\"https:\/\/www.francetvinfo.fr\/meteo\/climat\/affaire-de-rugy-que-va-devenir-le-projet-de-loi-energie-et-climat-maintenant-que-le-ministre-a-demissionne_3538417.html\">estime<\/a>&nbsp;le r\u00e9seau Sortir du nucl\u00e9aire.<\/p>\n\n\n\n<p>Ce projet de loi s&rsquo;est beaucoup \u00e9toff\u00e9 lors de son passage \u00e0 l&rsquo;Assembl\u00e9e, o\u00f9 il est pass\u00e9 de 8 \u00e0 55 articles. Les d\u00e9put\u00e9s ont par exemple introduit un dispositif progressif sur la r\u00e9novation \u00e9nerg\u00e9tique des logements et les&nbsp;<em>\u00ab\u00a0passoires thermiques\u00a0\u00bb<\/em>, ces sept millions de logements mal isol\u00e9s. Le texte va p\u00e9renniser le Haut Conseil pour le climat instaur\u00e9 en novembre par Emmanuel Macron et pr\u00e9voit des dispositifs de lutte contre les fraudes aux certificats d&rsquo;\u00e9conomies d&rsquo;\u00e9nergie.<\/p>\n\n\n\n<h2 class=\"wp-block-heading\">Le recyclage<\/h2>\n\n\n\n<p>Le projet de loi pour une \u00ab\u00a0\u00e9conomie circulaire\u00a0\u00bb, \u00e9galement important, a quant \u00e0 lui \u00e9t\u00e9 port\u00e9 par Brune Poirson, secr\u00e9taire d&rsquo;Etat \u00e0 la Transition \u00e9cologique. Objectif pour le gouvernement&nbsp;: faire la guerre au plastique et d\u00e9velopper le recyclage et les consignes. Le texte d&rsquo;une quinzaine d&rsquo;articles sera examin\u00e9 par le Parlement \u00e0 la rentr\u00e9e.&nbsp;<em>\u00ab\u00a0Le taux de recyclage est beaucoup trop faible en France, nous pouvons gagner cette bataille de r\u00e9duire les d\u00e9chets \u00e0 la source<\/em>, avait d\u00e9clar\u00e9 Fran\u00e7ois de Rugy&nbsp;<a href=\"https:\/\/www.franceinter.fr\/emissions\/l-invite-de-8h20-le-grand-entretien\/l-invite-de-8h20-le-grand-entretien-10-juillet-2019\">sur France Inter<\/a>.&nbsp;<em>C&rsquo;est une belle bataille \u00e9cologique et \u00e9conomique puisque c&rsquo;est une ressource pour nos entreprises.\u00a0\u00bb<\/em><\/p>\n\n\n\n<h2 class=\"wp-block-heading\">Les mobilit\u00e9s<\/h2>\n\n\n\n<p>Le projet de loi mobilit\u00e9s a lui \u00e9t\u00e9 port\u00e9 par la ministre d&rsquo;Etat aux Transports, Elisabeth Borne, nomm\u00e9e ministre de la Transition \u00e9cologique pour remplacer Fran\u00e7ois de Rugy.&nbsp;<em>\u00ab\u00a0<\/em><em>On peut citer quelques avanc\u00e9es<\/em>, commente Morgane Cr\u00e9ac&rsquo;h, directrice du R\u00e9seau action climat, interrog\u00e9e&nbsp;<a href=\"https:\/\/www.20minutes.fr\/politique\/2565231-20190716-trace-laisse-francois-rugy-apres-passage-eclaire-ministere-ecologie\">par&nbsp;<em>20 Minutes<\/em><\/a>.<em>&nbsp;Je pense au fonds v\u00e9lo ou \u00e0 la mise en place de zones \u00e0 faibles \u00e9missions dans les villes les plus pollu\u00e9es. Mais ces deux points avaient d\u00e9j\u00e0 commenc\u00e9 \u00e0 \u00eatre n\u00e9goci\u00e9s sous Nicolas Hulot. Fran\u00e7ois de Rugy n&rsquo;a fait que les finaliser.\u00a0\u00bb<\/em><\/p>\n\n\n\n<h2 class=\"wp-block-heading\">La biodiversit\u00e9<\/h2>\n\n\n\n<p>Alors au minist\u00e8re, Nicolas Hulot avait lanc\u00e9 l&rsquo;id\u00e9e d&rsquo;un Office fran\u00e7ais de la biodiversit\u00e9. Le Parlement a d\u00e9finitivement scell\u00e9 sa cr\u00e9ation, qui pr\u00e9voit la fusion de l&rsquo;Agence fran\u00e7aise pour la biodiversit\u00e9 et l&rsquo;Office national de la chasse et de la faune sauvage, \u00e0 compter du 1er janvier 2020. Fran\u00e7ois de Rugy avait \u00e9voqu\u00e9&nbsp;<em>\u00ab\u00a0le fruit d&rsquo;un compromis\u00a0\u00bb<\/em>&nbsp;pass\u00e9 avec les f\u00e9d\u00e9rations de chasseurs, incluant la r\u00e9duction du tarif du permis de chasser de 400 \u00e0 200 euros accord\u00e9e par Emmanuel Macron. Il s&rsquo;est content\u00e9 d&rsquo;annoncer deux mesures pour renforcer le plan de son pr\u00e9d\u00e9cesseur,&nbsp;<a href=\"https:\/\/www.lemonde.fr\/planete\/article\/2019\/07\/16\/francois-de-rugy-un-bilan-sans-ambition-au-ministere-de-l-ecologie_5490053_3244.html\">rappelle&nbsp;<em>Le Monde<\/em><\/a>&nbsp;: un observatoire sur l&rsquo;artificialisation des sols et un appel \u00e0 projets pour les territoires littoraux face aux changements climatiques. Fin 2018, Fran\u00e7ois de Rugy&nbsp;<a href=\"https:\/\/www.francetvinfo.fr\/decouverte\/ours\/francois-de-rugy-confirme-la-reintroduction-de-deux-ourses-slovenes-dans-les-pyrenees-occidentales_2949077.html\">a d\u00e9fendu<\/a>&nbsp;le l\u00e2cher de deux ourses slov\u00e8nes dans les Pyr\u00e9n\u00e9es-Atlantiques, contre l&rsquo;avis d&rsquo;\u00e9leveurs et d&rsquo;\u00e9lus locaux.<\/p>\n\n\n\n<h2 class=\"wp-block-heading\">Les mobilisations pour le climat<\/h2>\n\n\n\n<p>Sur le sujet climatique, revenu en haut de l&rsquo;agenda politique \u00e0 la faveur des manifestations successives de citoyens, lyc\u00e9ens ou de militants comme ceux d&rsquo;<a href=\"https:\/\/www.francetvinfo.fr\/meteo\/climat\/manifestation-ecolo-a-paris-qui-sont-les-sympathisants-du-collectif-extinction-rebellion_3516385.html\">Extinction Rebellion<\/a>, mais aussi de la p\u00e9tition record de \u00ab\u00a0l&rsquo;Affaire du si\u00e8cle\u00a0\u00bb et des europ\u00e9ennes, Fran\u00e7ois de Rugy a sembl\u00e9 davantage subir le mouvement que l&rsquo;accompagner. Fin f\u00e9vrier, il avait toutefois re\u00e7u des associations et des signataires de la p\u00e9tition au minist\u00e8re, apr\u00e8s avoir publi\u00e9 une invitation sur Facebook.<\/p>\n\n\n\n<p>Fran\u00e7ois de Rugy \u00e9tait \u00e9galement encore en poste lors de la remise du premier rapport du Haut Conseil pour le climat, un groupe compos\u00e9 de 13 scientifiques et experts charg\u00e9 d&rsquo;adresser des recommandations \u00e0 la France. Fin juin, cette instance avait critiqu\u00e9 les&nbsp;<em>\u00ab\u00a0actions insuffisantes\u00a0\u00bb<\/em>&nbsp;et les&nbsp;<em>\u00ab\u00a0dispositifs trop faibles\u00a0\u00bb<\/em>&nbsp;du gouvernement. De son c\u00f4t\u00e9, le ministre d\u00e9missionnaire a d\u00e9fendu la cr\u00e9ation, promise pour la rentr\u00e9e, d&rsquo;une \u00ab\u00a0convention citoyenne\u00a0\u00bb compos\u00e9e de 150 personnes tir\u00e9es au sort qui devront faire des propositions sur la transition \u00e9cologique.<\/p>\n\n\n\n<h2 class=\"wp-block-heading\">Le projet minier en Guyane<\/h2>\n\n\n\n<p>Fran\u00e7ois de Rugy devait se rendre en Guyane, mi-juin, pour \u00e9voquer&nbsp;<a href=\"https:\/\/www.francetvinfo.fr\/monde\/environnement\/biodiversite\/montagne-dor-trois-questions-pour-comprendre-la-polemique-autour-du-projet-de-mine-dor-en-guyane_3432771.html\">le projet minier contest\u00e9 de la Montagne d&rsquo;Or<\/a>, mais le ministre avait finalement annul\u00e9 son d\u00e9placement. Le mois pr\u00e9c\u00e9dent, le premier Conseil de d\u00e9fense \u00e9cologique avait jug\u00e9 ce chantier<em>&nbsp;\u00ab\u00a0incompatible avec les exigences de protection de l&rsquo;environnement\u00a0\u00bb.&nbsp;<\/em>Pr\u00e9sid\u00e9e par Emmanuel Macron, en pr\u00e9sence de onze ministres, cette instance avait \u00e9t\u00e9 cr\u00e9\u00e9e pour r\u00e9pondre \u00e0 la crise des \u00ab\u00a0gilets jaunes\u00a0\u00bb. Le pr\u00e9sident de la compagnie mini\u00e8re, pour sa part, n&rsquo;a pas abandonn\u00e9 l&rsquo;id\u00e9e de mener \u00e0 bien ce projet.<\/p>\n","protected":false},"excerpt":{"rendered":"<p>e suis ici pour agir pour l&rsquo;\u00e9cologie avec m\u00e9thode, d\u00e9termination et pers\u00e9v\u00e9rance dans le temps.\u00a0\u00bb&nbsp;Lors de sa prise de fonction au minist\u00e8re de la Transition \u00e9cologique et solidaire, d\u00e9but septembre 2018,&nbsp;Fran\u00e7ois de Rugyenvisageait des efforts \u00e0 long terme. Il n&rsquo;aura finalement \u00e9t\u00e9 qu&rsquo;un ministre de passage,&nbsp;contraint \u00e0 la d\u00e9mission&nbsp;mardi 16 juillet apr\u00e8s les r\u00e9v\u00e9lations de [&hellip;]<\/p>\n","protected":false},"author":2,"featured_media":12823,"comment_status":"open","ping_status":"open","sticky":false,"template":"","format":"standard","meta":{"_jetpack_memberships_contains_paid_content":false,"footnotes":"","jetpack_publicize_message":"","jetpack_publicize_feature_enabled":true,"jetpack_social_post_already_shared":true,"jetpack_social_options":{"image_generator_settings":{"template":"highway","default_image_id":0,"font":"","enabled":false},"version":2},"_wpas_customize_per_network":false},"categories":[405],"tags":[],"class_list":["post-12822","post","type-post","status-publish","format-standard","has-post-thumbnail","hentry","category-actu-france-monde"],"jetpack_publicize_connections":[],"jetpack_featured_media_url":"https:\/\/i0.wp.com\/www.iceagetv.com\/radiosite\/wp-content\/uploads\/2019\/07\/Le-bilan-mitig%C3%A9-de-Fran%C3%A7ois-de-Rugy.jpg?fit=1197%2C450&ssl=1","jetpack_sharing_enabled":true,"_links":{"self":[{"href":"https:\/\/www.iceagetv.com\/radiosite\/wp-json\/wp\/v2\/posts\/12822","targetHints":{"allow":["GET"]}}],"collection":[{"href":"https:\/\/www.iceagetv.com\/radiosite\/wp-json\/wp\/v2\/posts"}],"about":[{"href":"https:\/\/www.iceagetv.com\/radiosite\/wp-json\/wp\/v2\/types\/post"}],"author":[{"embeddable":true,"href":"https:\/\/www.iceagetv.com\/radiosite\/wp-json\/wp\/v2\/users\/2"}],"replies":[{"embeddable":true,"href":"https:\/\/www.iceagetv.com\/radiosite\/wp-json\/wp\/v2\/comments?post=12822"}],"version-history":[{"count":1,"href":"https:\/\/www.iceagetv.com\/radiosite\/wp-json\/wp\/v2\/posts\/12822\/revisions"}],"predecessor-version":[{"id":12824,"href":"https:\/\/www.iceagetv.com\/radiosite\/wp-json\/wp\/v2\/posts\/12822\/revisions\/12824"}],"wp:featuredmedia":[{"embeddable":true,"href":"https:\/\/www.iceagetv.com\/radiosite\/wp-json\/wp\/v2\/media\/12823"}],"wp:attachment":[{"href":"https:\/\/www.iceagetv.com\/radiosite\/wp-json\/wp\/v2\/media?parent=12822"}],"wp:term":[{"taxonomy":"category","embeddable":true,"href":"https:\/\/www.iceagetv.com\/radiosite\/wp-json\/wp\/v2\/categories?post=12822"},{"taxonomy":"post_tag","embeddable":true,"href":"https:\/\/www.iceagetv.com\/radiosite\/wp-json\/wp\/v2\/tags?post=12822"}],"curies":[{"name":"wp","href":"https:\/\/api.w.org\/{rel}","templated":true}]}}