{"id":12825,"date":"2019-07-17T12:27:44","date_gmt":"2019-07-17T12:27:44","guid":{"rendered":"http:\/\/www.iceagetv.com\/radiosite\/?p=12825"},"modified":"2019-07-17T12:27:50","modified_gmt":"2019-07-17T12:27:50","slug":"avion-bateau-ces-declarations-pas-tres-ecolos-delisabeth-borne","status":"publish","type":"post","link":"https:\/\/www.iceagetv.com\/radiosite\/avion-bateau-ces-declarations-pas-tres-ecolos-delisabeth-borne\/","title":{"rendered":"Avion, bateau&#8230; Ces d\u00e9clarations \u00ab\u00a0pas tr\u00e8s \u00e9colos\u00a0\u00bb d&rsquo;Elisabeth Borne"},"content":{"rendered":"\n<p><em>N&rsquo;en d\u00e9plaise aux d\u00e9tracteurs de l&rsquo;avion, je pr\u00e9f\u00e8re une petite ligne a\u00e9rienne qui d\u00e9senclave rapidement et efficacement, \u00e0 la construction de tr\u00e8s grandes infrastructures de lignes \u00e0 grande vitesse.\u00a0\u00bb&nbsp;<\/em>C&rsquo;\u00e9tait il y a tout juste un mois, \u00e0 l&rsquo;occasion du&nbsp;<a href=\"https:\/\/www.latribune.fr\/entreprises-finance\/industrie\/aeronautique-defense\/elisabeth-borne-oui-nous-avons-besoin-du-transport-aerien-820479.html\" target=\"_blank\" rel=\"noreferrer noopener\">Paris Air Forum<\/a>. Sur la sc\u00e8ne,&nbsp;<a href=\"https:\/\/www.francetvinfo.fr\/politique\/la-republique-en-marche\/francois-de-rugy\/elisabeth-borne-actuelle-ministre-des-transports-remplace-francois-de-rugy-au-ministere-de-la-transition-ecologique_3539201.html\" target=\"_blank\" rel=\"noreferrer noopener\">Elisabeth Borne<\/a>&nbsp;prend le temps de caresser dans le sens du poil les dirigeants du secteur a\u00e9rien. Et pour finir de les rassurer, la&nbsp;ministre des Transports d\u00e9clare ceci&nbsp;:&nbsp;<em>\u00ab\u00a0Le gouvernement n&rsquo;est pas de ceux qui pensent que l&rsquo;avenir s&rsquo;\u00e9crira sans avion.\u00a0\u00bb&nbsp;<\/em>C&rsquo;est dit. Applaudissements et soulagement.<\/p>\n\n\n\n<p>Mais dans les couloirs des associations environnementales, la s\u00e9quence fait grincer des dents.&nbsp;<em>\u00ab\u00a0C&rsquo;est clair que ce n&rsquo;est pas la plus \u00e9colo\u00a0\u00bb<\/em>, souffle l&rsquo;une d&rsquo;elles aupr\u00e8s de franceinfo,&nbsp;<em>\u00ab\u00a0un peu perplexe\u00a0\u00bb<\/em>&nbsp;de voir qu&rsquo;Elisabeth Borne a succ\u00e9d\u00e9, mardi 16 juillet, \u00e0&nbsp;<a href=\"https:\/\/www.francetvinfo.fr\/politique\/la-republique-en-marche\/francois-de-rugy\/\">Fran\u00e7ois de Rugy<\/a>&nbsp;au minist\u00e8re de la Transition \u00e9cologique.<\/p>\n\n\n\n<p>Cette sortie sur l&rsquo;avion, dont\u00a0<a href=\"https:\/\/www.francetvinfo.fr\/economie\/aeronautique\/hyperloop-energie-solaire-biocarburants-pourra-t-on-un-jour-voyager-loin-sans-polluer_3416119.html\">le poids dans les \u00e9missions de gaz \u00e0 effet de serre<\/a>\u00a0ne fait plus d\u00e9bat, n&rsquo;est pas la seule d\u00e9claration de\u00a0la toute nouvelle ministre de la Transition \u00e9cologique \u00e0 faire tache. Dans\u00a0ses fonctions pass\u00e9es, l&rsquo;ing\u00e9nieure de 58 ans\u00a0n&rsquo;a pas toujours plac\u00e9 l&rsquo;environnement\u00a0parmi\u00a0ses priorit\u00e9s.\u00a0En mars dernier, c&rsquo;est la taxe sur les carburants maritimes qui fait sauter de sa chaise la ministre des Transports. Invit\u00e9e sur\u00a0BFMTV, elle pr\u00e9vient\u00a0:\u00a0<em>\u00ab\u00a0Si on met une taxe sur les carburants maritimes, les bateaux iront ailleurs.\u00a0\u00bb<\/em><a href=\"https:\/\/twitter.com\/BFMTV\/status\/1107547141508075522\/photo\/1\">Voir l&rsquo;image sur Twitter<\/a><\/p>\n\n\n\n<h2 class=\"wp-block-heading\">Ce n&rsquo;est pas la plus \u00e9colo mais&#8230;\u00a0\u00bb<\/h2>\n\n\n\n<p>En septembre 2018, une autre sortie,\u00a0\u00e0 l&rsquo;occasion du Congr\u00e8s des maires ruraux de France \u00e0 Saint-L\u00e9ger-les-M\u00e9l\u00e8zes (Hautes Alpes), a fait tiquer plusieurs \u00e9lus locaux vivant en montagne. Elisabeth Borne \u00e9tait all\u00e9e leur expliquer que le v\u00e9lo \u00e9tait&#8230; la meilleure solution pour se d\u00e9placer. L&rsquo;assistance avait pris ces propos comme une provocation. Quelques sifflets avaient alors \u00e9t\u00e9 entendus par les journalistes pr\u00e9sents dans la salle<\/p>\n\n\n\n<p>Contact\u00e9e par franceinfo,Jean-David Abel n&rsquo;a pas oubli\u00e9 les&nbsp;d\u00e9clarations<em>\u00ab\u00a0pas tr\u00e8s \u00e9cologiques\u00a0\u00bb&nbsp;<\/em>de la ministre qui va d\u00e9sormais cumuler le portefeuille des transports et celui de l&rsquo;\u00e9cologie.<em>&nbsp;\u00ab\u00a0Ce n&rsquo;est pas la plus verte&nbsp;des personnalit\u00e9s politiques mais attendons de voir,&nbsp;<\/em>reprend dans la foul\u00e9e levice-pr\u00e9sident de France Nature Environnement.<em>&nbsp;Ce n&rsquo;est pas sa plus grande sensibilit\u00e9, mais apr\u00e8s, ca ne veut rien dire.\u00a0\u00bb&nbsp;<\/em><\/p>\n\n\n\n<h2 class=\"wp-block-heading\">\u00ab\u00a0Quelqu&rsquo;un d&rsquo;exp\u00e9riment\u00e9\u00a0\u00bb<\/h2>\n\n\n\n<p>Le militant veut laisser\u00a0<em>\u00ab\u00a0sa chance\u00a0\u00bb<\/em>\u00a0\u00e0 celle qui est (d\u00e9j\u00e0) la troisi\u00e8me ministre \u00e0 mener la transition \u00e9cologique sous le quinquennat d&rsquo;Emmanuel Macron, apr\u00e8s les mandats \u00e9court\u00e9s de Nicolas Hulot puis de Fran\u00e7ois de Rugy.\u00a0<\/p>\n\n\n\n<p>Jean-David Abel&nbsp;a d\u00e9j\u00e0 eu affaire&nbsp;\u00e0 Elisabeth Borne par le pass\u00e9. C&rsquo;\u00e9tait en 2014, lorsqu&rsquo;elle \u00e9tait directrice de cabinet&#8230;&nbsp;de la ministre de l&rsquo;Environnement de l&rsquo;\u00e9poque. Une certaine S\u00e9gol\u00e8ne Royal.<em>&nbsp;\u00ab\u00a0<\/em><em>Je me&nbsp;souviens de quelqu&rsquo;un de rigoureux, de pr\u00e9cis, de bosseur et de disponible. Mine de rien, ce n&rsquo;est pas n\u00e9gligeable, d&rsquo;avoir quelqu&rsquo;un d&rsquo;exp\u00e9riment\u00e9,&nbsp;\u00e7a peut&nbsp;compenser son manque de sensibilit\u00e9\u00a0\u00bb<\/em>, dit-il.<\/p>\n\n\n\n<p>Chez Greenpeace France, on attache peu d&rsquo;importance au pedigree de la nouvelle locataire de l&rsquo;h\u00f4tel de Roquelaure.&nbsp;<em>\u00ab\u00a0Peu importe qui va endosser le r\u00f4le de ministre de la Transition \u00e9cologique si le pr\u00e9sident de la R\u00e9publique et le Premier ministre n&rsquo;en font pas leur premi\u00e8re priorit\u00e9,<\/em>&nbsp;explique&nbsp;Jean-Fran\u00e7ois Julliard, directeur g\u00e9n\u00e9ral de l&rsquo;ONG.&nbsp;<em>Au cours des derni\u00e8res ann\u00e9es, nous avons vu d\u00e9filer de nombreux ministres en charge de l\u2019environnement et peu importait leurs convictions personnelles ou leurs connaissances des dossiers<\/em>.\u00a0\u00bb&nbsp;Jean-David Abel ose d&rsquo;ailleurs imaginer qu&rsquo;Elisabeth Borne a&nbsp;<em>\u00ab\u00a0gard\u00e9 dans un coin de sa t\u00eate les r\u00e9flexes qu&rsquo;elle avait&nbsp;lorsqu&rsquo;elle pilotait les dossiers \u00e9cologiques sous S\u00e9gol\u00e8ne Royal.\u00a0\u00bb<\/em><\/p>\n\n\n\n<p><br><\/p>\n","protected":false},"excerpt":{"rendered":"<p>N&rsquo;en d\u00e9plaise aux d\u00e9tracteurs de l&rsquo;avion, je pr\u00e9f\u00e8re une petite ligne a\u00e9rienne qui d\u00e9senclave rapidement et efficacement, \u00e0 la construction de tr\u00e8s grandes infrastructures de lignes \u00e0 grande vitesse.\u00a0\u00bb&nbsp;C&rsquo;\u00e9tait il y a tout juste un mois, \u00e0 l&rsquo;occasion du&nbsp;Paris Air Forum. Sur la sc\u00e8ne,&nbsp;Elisabeth Borne&nbsp;prend le temps de caresser dans le sens du poil les [&hellip;]<\/p>\n","protected":false},"author":2,"featured_media":12826,"comment_status":"open","ping_status":"open","sticky":false,"template":"","format":"standard","meta":{"_jetpack_memberships_contains_paid_content":false,"footnotes":"","jetpack_publicize_message":"","jetpack_publicize_feature_enabled":true,"jetpack_social_post_already_shared":true,"jetpack_social_options":{"image_generator_settings":{"template":"highway","default_image_id":0,"font":"","enabled":false},"version":2},"_wpas_customize_per_network":false},"categories":[405],"tags":[],"class_list":["post-12825","post","type-post","status-publish","format-standard","has-post-thumbnail","hentry","category-actu-france-monde"],"jetpack_publicize_connections":[],"jetpack_featured_media_url":"https:\/\/i0.wp.com\/www.iceagetv.com\/radiosite\/wp-content\/uploads\/2019\/07\/Elisabeth-Borne.jpg?fit=1197%2C450&ssl=1","jetpack_sharing_enabled":true,"_links":{"self":[{"href":"https:\/\/www.iceagetv.com\/radiosite\/wp-json\/wp\/v2\/posts\/12825","targetHints":{"allow":["GET"]}}],"collection":[{"href":"https:\/\/www.iceagetv.com\/radiosite\/wp-json\/wp\/v2\/posts"}],"about":[{"href":"https:\/\/www.iceagetv.com\/radiosite\/wp-json\/wp\/v2\/types\/post"}],"author":[{"embeddable":true,"href":"https:\/\/www.iceagetv.com\/radiosite\/wp-json\/wp\/v2\/users\/2"}],"replies":[{"embeddable":true,"href":"https:\/\/www.iceagetv.com\/radiosite\/wp-json\/wp\/v2\/comments?post=12825"}],"version-history":[{"count":1,"href":"https:\/\/www.iceagetv.com\/radiosite\/wp-json\/wp\/v2\/posts\/12825\/revisions"}],"predecessor-version":[{"id":12827,"href":"https:\/\/www.iceagetv.com\/radiosite\/wp-json\/wp\/v2\/posts\/12825\/revisions\/12827"}],"wp:featuredmedia":[{"embeddable":true,"href":"https:\/\/www.iceagetv.com\/radiosite\/wp-json\/wp\/v2\/media\/12826"}],"wp:attachment":[{"href":"https:\/\/www.iceagetv.com\/radiosite\/wp-json\/wp\/v2\/media?parent=12825"}],"wp:term":[{"taxonomy":"category","embeddable":true,"href":"https:\/\/www.iceagetv.com\/radiosite\/wp-json\/wp\/v2\/categories?post=12825"},{"taxonomy":"post_tag","embeddable":true,"href":"https:\/\/www.iceagetv.com\/radiosite\/wp-json\/wp\/v2\/tags?post=12825"}],"curies":[{"name":"wp","href":"https:\/\/api.w.org\/{rel}","templated":true}]}}