{"id":12835,"date":"2019-07-18T06:51:48","date_gmt":"2019-07-18T06:51:48","guid":{"rendered":"http:\/\/www.iceagetv.com\/radiosite\/?p=12835"},"modified":"2019-07-18T06:51:54","modified_gmt":"2019-07-18T06:51:54","slug":"audiences-radios-france-inter-reste-devant-rtl-europe-1-une-nouvelle-fois-a-son-plus-bas-historique","status":"publish","type":"post","link":"https:\/\/www.iceagetv.com\/radiosite\/audiences-radios-france-inter-reste-devant-rtl-europe-1-une-nouvelle-fois-a-son-plus-bas-historique\/","title":{"rendered":"Audiences radios : France Inter reste devant RTL, Europe 1 une nouvelle fois \u00e0 son plus bas historique"},"content":{"rendered":"\n<p>France Inter a conserv\u00e9 au printemps son titre de premi\u00e8re radio de France en termes d&rsquo;audience cumul\u00e9e, qu&rsquo;elle avait ravi \u00e0 RTL il y a quelques mois, tandis qu&rsquo;Europe 1 n&rsquo;en finit plus de s&rsquo;enfoncer. Selon les donn\u00e9es de M\u00e9diam\u00e9trie publi\u00e9es jeudi, sur la p\u00e9riode avril-juin, France Inter a vu son audience cumul\u00e9e (AC) augmenter de 0,9 point par rapport \u00e0 un an plus t\u00f4t, \u00e0 11,6%, tandis que RTL perd 0,6 point \u00e0 11,2%. Cette derni\u00e8re reste toutefois devant Inter en termes de part d&rsquo;audience (12,4% contre 12%) et de dur\u00e9e d&rsquo;\u00e9coute.<\/p>\n\n\n\n<p>France Inter \u00e9tait arriv\u00e9e en t\u00eate pour la premi\u00e8re fois de son histoire sur la pr\u00e9c\u00e9dente \u00ab\u00a0vague\u00a0\u00bb de M\u00e9diam\u00e9trie avec 11,7% d&rsquo;AC sur la p\u00e9riode janvier-mars contre 11,3% pour RTL.<\/p>\n\n\n\n<p>Parmi les autres r\u00e9sultats de cette \u00ab\u00a0vague\u00a0\u00bb M\u00e9diam\u00e9trie, NRJ reste solidement install\u00e9e \u00e0 la troisi\u00e8me place et en t\u00eate des radios musicales, malgr\u00e9 une audience cumul\u00e9e en repli (-0,4 point \u00e0 9,8%). Et, sur cette p\u00e9riode marqu\u00e9e par une actualit\u00e9 politique soutenue avec les \u00e9lections europ\u00e9ennes, franceinfo (+0,1 point \u00e0 8,1%) creuse l&rsquo;\u00e9cart sur RMC (-0,7 point \u00e0 7,1%).<\/p>\n\n\n\n<figure><iframe allowfullscreen=\"\"><\/iframe><\/figure>\n\n\n\n<p>De son c\u00f4t\u00e9, Europe 1 n&rsquo;en finit plus de s&rsquo;enfoncer: la station du groupe Lagard\u00e8re a touch\u00e9 un nouveau plus bas historique \u00e0 5% d&rsquo;audience cumul\u00e9e, un effondrement de 1,5 point sur un an. Avec cette d\u00e9gringolade, elle enfonce son pr\u00e9c\u00e9dent plancher historique atteint cet hiver (5,9%). Une nouvelle contre-performance qui ne va pas arranger le moral des troupes de la station, laquelle cherche toujours la martingale pour sortir de l&rsquo;orni\u00e8re. En effet, Europe 1 a d\u00e9cid\u00e9 pour la deuxi\u00e8me fois en deux ans de changer \u00e0 la fois de matinalier (Matthieu Belliard remplacera Nikos Aliagas \u00e0 la rentr\u00e9e) et de dirigeant, avec le d\u00e9part act\u00e9 au d\u00e9but du mois de Laurent Guimier.<\/p>\n","protected":false},"excerpt":{"rendered":"<p>France Inter a conserv\u00e9 au printemps son titre de premi\u00e8re radio de France en termes d&rsquo;audience cumul\u00e9e, qu&rsquo;elle avait ravi \u00e0 RTL il y a quelques mois, tandis qu&rsquo;Europe 1 n&rsquo;en finit plus de s&rsquo;enfoncer. Selon les donn\u00e9es de M\u00e9diam\u00e9trie publi\u00e9es jeudi, sur la p\u00e9riode avril-juin, France Inter a vu son audience cumul\u00e9e (AC) augmenter [&hellip;]<\/p>\n","protected":false},"author":2,"featured_media":12836,"comment_status":"open","ping_status":"open","sticky":false,"template":"","format":"standard","meta":{"_jetpack_memberships_contains_paid_content":false,"footnotes":"","jetpack_publicize_message":"","jetpack_publicize_feature_enabled":true,"jetpack_social_post_already_shared":true,"jetpack_social_options":{"image_generator_settings":{"template":"highway","default_image_id":0,"font":"","enabled":false},"version":2},"_wpas_customize_per_network":false},"categories":[68],"tags":[],"class_list":["post-12835","post","type-post","status-publish","format-standard","has-post-thumbnail","hentry","category-actu-culturelle"],"jetpack_publicize_connections":[],"jetpack_featured_media_url":"https:\/\/i0.wp.com\/www.iceagetv.com\/radiosite\/wp-content\/uploads\/2019\/07\/Audiences-radios.jpg?fit=790%2C337&ssl=1","jetpack_sharing_enabled":true,"_links":{"self":[{"href":"https:\/\/www.iceagetv.com\/radiosite\/wp-json\/wp\/v2\/posts\/12835","targetHints":{"allow":["GET"]}}],"collection":[{"href":"https:\/\/www.iceagetv.com\/radiosite\/wp-json\/wp\/v2\/posts"}],"about":[{"href":"https:\/\/www.iceagetv.com\/radiosite\/wp-json\/wp\/v2\/types\/post"}],"author":[{"embeddable":true,"href":"https:\/\/www.iceagetv.com\/radiosite\/wp-json\/wp\/v2\/users\/2"}],"replies":[{"embeddable":true,"href":"https:\/\/www.iceagetv.com\/radiosite\/wp-json\/wp\/v2\/comments?post=12835"}],"version-history":[{"count":1,"href":"https:\/\/www.iceagetv.com\/radiosite\/wp-json\/wp\/v2\/posts\/12835\/revisions"}],"predecessor-version":[{"id":12837,"href":"https:\/\/www.iceagetv.com\/radiosite\/wp-json\/wp\/v2\/posts\/12835\/revisions\/12837"}],"wp:featuredmedia":[{"embeddable":true,"href":"https:\/\/www.iceagetv.com\/radiosite\/wp-json\/wp\/v2\/media\/12836"}],"wp:attachment":[{"href":"https:\/\/www.iceagetv.com\/radiosite\/wp-json\/wp\/v2\/media?parent=12835"}],"wp:term":[{"taxonomy":"category","embeddable":true,"href":"https:\/\/www.iceagetv.com\/radiosite\/wp-json\/wp\/v2\/categories?post=12835"},{"taxonomy":"post_tag","embeddable":true,"href":"https:\/\/www.iceagetv.com\/radiosite\/wp-json\/wp\/v2\/tags?post=12835"}],"curies":[{"name":"wp","href":"https:\/\/api.w.org\/{rel}","templated":true}]}}