{"id":12869,"date":"2019-07-21T09:54:15","date_gmt":"2019-07-21T09:54:15","guid":{"rendered":"http:\/\/www.iceagetv.com\/radiosite\/?p=12869"},"modified":"2019-07-21T09:54:21","modified_gmt":"2019-07-21T09:54:21","slug":"secheresse-cest-assez-rare-davoir-des-restrictions-deau-dans-autant-de-departements-et-aussi-tot-dans-la-saison","status":"publish","type":"post","link":"https:\/\/www.iceagetv.com\/radiosite\/secheresse-cest-assez-rare-davoir-des-restrictions-deau-dans-autant-de-departements-et-aussi-tot-dans-la-saison\/","title":{"rendered":"S\u00e9cheresse : \u00ab\u00a0C\u2019est assez rare d\u2019avoir des restrictions d&rsquo;eau dans autant de d\u00e9partements et aussi t\u00f4t dans la saison\u00a0\u00bb"},"content":{"rendered":"\n<p>73 d\u00e9partements sont concern\u00e9s par des restrictions d&rsquo;eau, dimanche 21 juillet, selon le site gouvernemental&nbsp;<a href=\"http:\/\/propluvia.developpement-durable.gouv.fr\/propluvia\/faces\/index.jsp\" target=\"_blank\" rel=\"noreferrer noopener\">Propluvia<\/a>&nbsp;et 26 d\u00e9partements se trouvent en situation de crise.<\/p>\n\n\n\n<p>Guillaume Choisy, le directeur g\u00e9n\u00e9ral de l\u2019Agence de l\u2019eau Adour-Garonne,&nbsp;\u00e9tablissement public qui couvre&nbsp;26 d\u00e9partements du Grand Sud-Ouest, \u00e9tait invit\u00e9 de franceinfo. Il \u00e9voque \u00ab\u00a0des s\u00e9cheresses d&rsquo;ordre d\u00e9cennal\u00a0\u00bb et juge ces restrictions&nbsp;<em>\u00ab\u00a0assez rare (&#8230;) dans autant de d\u00e9partements et aussi t\u00f4t dans la saison\u00a0\u00bb.<\/em><\/p>\n\n\n\n<p><strong>franceinfo : Ce serait la 7e s\u00e9cheresse la plus grave depuis 1958 si on se fie \u00e0 l\u2019indicateur de M\u00e9t\u00e9o France cette ann\u00e9e-l\u00e0. Confirmez-vous cette information ?<\/strong><\/p>\n\n\n\n<p><strong>Guillaume Choisy :<\/strong>&nbsp;Oui je confirme. C\u2019est ce qu\u2019on appelle des s\u00e9cheresses d\u2019ordre d\u00e9cennal. Il y a quatre niveaux d\u2019alerte, selon les d\u00e9partements et les arr\u00eat\u00e9s pr\u00e9fectoraux. \u00c7a peut aller de la simple vigilance \u00e0 une interdiction assez massive de diff\u00e9rents usages, mais aujourd\u2019hui on n\u2019en est pas l\u00e0. Aujourd\u2019hui, on est sur les premiers niveaux d\u2019alerte. Mais on est quand m\u00eame mi-juillet et c\u2019est assez rare d\u2019en avoir autant dans autant de d\u00e9partements et aussi t\u00f4t dans la saison. Par rapport \u00e0 des prospectives futures, ce sera peut-\u00eatre une ann\u00e9e moyenne si on se projette \u00e0 2050 avec les effets du r\u00e9chauffement climatique.<\/p>\n\n\n\n<p><strong>139 arr\u00eat\u00e9s pr\u00e9fectoraux sont en cours pour inciter ou obliger les professionnels et particuliers \u00e0 \u00e9conomiser l\u2019eau. Comment s&rsquo;effectuent les contr\u00f4les ?<\/strong><\/p>\n\n\n\n<p>\u00c7a arrive que les agriculteurs ou les citoyens soient verbalis\u00e9s. La police de l\u2019environnement vient d\u2019\u00eatre renforc\u00e9e, elle a \u00e9t\u00e9 fusionn\u00e9e dans l\u2019Office fran\u00e7ais de la biodiversit\u00e9, en fusionnant l\u2019Office de l\u2019eau et de la biodiversit\u00e9 et l\u2019Office de la chasse. La mission premi\u00e8re de cet organisme est une mission de police avec des agents qui sont asserment\u00e9s pour pouvoir verbaliser un agriculteur qui ne respecterait pas les horaires d\u2019irrigation, un citoyen qui remplirait sa piscine alors que ce n\u2019est pas le moment ou pas autoris\u00e9 par l\u2019arr\u00eat\u00e9 pr\u00e9fectoral. Je pense qu\u2019aujourd\u2019hui l\u2019ensemble des usages de l\u2019eau sont n\u00e9cessaires. Malheureusement dans une perspective d\u2019avenir, les besoins entre la ressource et ce que l\u2019on a de disponible et ce qu\u2019on utilise risquent de ne plus \u00eatre en ad\u00e9quation, cela fait des conflits d\u2019usage. Il va falloir adapter ces usages pas plus chez les citoyens que cgez les agriculteurs, mais ils en sont les premi\u00e8res victimes. On suit 600 exploitations exp\u00e9rimentales sur le bassin Adour-Garonne qui ont d\u00e9j\u00e0 fait des choix d\u2019\u00e9volution de pratiques, de cultures et on \u00e9conomise chaque ann\u00e9e 15 millions de m\u00e8tres cubes, c\u2019est-\u00e0-dire 15&nbsp;% de ce qu\u2019ils utilisaient par le pass\u00e9. Parfois on cible le ma\u00efs, \u00e7a repr\u00e9sente 25&nbsp;% des sols irrigu\u00e9s sur le territoire Adour-Garonne alors que c\u2019\u00e9tait encore majoritaire il y a dix ans. On observe que \u00e7a a \u00e9norm\u00e9ment \u00e9volu\u00e9. C\u2019est probablement une pratique n\u00e9cessaire avec des plantes plus r\u00e9silientes \u00e0 l\u2019eau et moins consommatrice d\u2019eau.<\/p>\n\n\n\n<p><strong>En novembre, plus de la moiti\u00e9 des nappes d\u2019eau souterraines en France affichaient un niveau bas voire tr\u00e8s bas \u00e0 cause notamment d\u2019un cumul plus faible sur l\u2019ensemble de l\u2019ann\u00e9e 2018. Quelle est leur situation aujourd\u2019hui&nbsp;?<\/strong><\/p>\n\n\n\n<p>Les r\u00e9serves de surface ont eu du mal \u00e0 se remplir cet hiver parce qu\u2019il y a eu peu de neige et peu de pr\u00e9cipitation. Les r\u00e9serves de nappes souterraines profondes \u00e9taient, elles, plut\u00f4t bien remplies parce que l\u2019hiver pr\u00e9c\u00e9dent avait \u00e9t\u00e9 cons\u00e9quent en eau. Le probl\u00e8me, c\u2019est qu&rsquo;\u00e0 l\u2019avenir l\u2019accumulation d\u2019ann\u00e9es comme \u00e7a risque de poser des difficult\u00e9s de remplissage des r\u00e9serves d\u2019eau souterraines, mais pas seulement. On va voir aussi une diminution plus importante des d\u00e9bits des rivi\u00e8res l\u2019\u00e9t\u00e9 et des p\u00e9riodes de s\u00e9cheresse qui ont \u00eatre de plus en plus longues. C\u2019est ce qu\u2019on constate d\u00e9j\u00e0 sur un certain nombre de d\u00e9partements et le Sud-Ouest est probablement le territoire le plus touch\u00e9 par le r\u00e9chauffement climatique perp\u00e9tuel. On a des d\u00e9partements o\u00f9 on constate une baisse des d\u00e9bits des rivi\u00e8res par exemple de 30&nbsp;%.<\/p>\n","protected":false},"excerpt":{"rendered":"<p>73 d\u00e9partements sont concern\u00e9s par des restrictions d&rsquo;eau, dimanche 21 juillet, selon le site gouvernemental&nbsp;Propluvia&nbsp;et 26 d\u00e9partements se trouvent en situation de crise. Guillaume Choisy, le directeur g\u00e9n\u00e9ral de l\u2019Agence de l\u2019eau Adour-Garonne,&nbsp;\u00e9tablissement public qui couvre&nbsp;26 d\u00e9partements du Grand Sud-Ouest, \u00e9tait invit\u00e9 de franceinfo. Il \u00e9voque \u00ab\u00a0des s\u00e9cheresses d&rsquo;ordre d\u00e9cennal\u00a0\u00bb et juge ces restrictions&nbsp;\u00ab\u00a0assez rare [&hellip;]<\/p>\n","protected":false},"author":2,"featured_media":12870,"comment_status":"open","ping_status":"open","sticky":false,"template":"","format":"standard","meta":{"_jetpack_memberships_contains_paid_content":false,"footnotes":"","jetpack_publicize_message":"","jetpack_publicize_feature_enabled":true,"jetpack_social_post_already_shared":true,"jetpack_social_options":{"image_generator_settings":{"template":"highway","default_image_id":0,"font":"","enabled":false},"version":2},"_wpas_customize_per_network":false},"categories":[14],"tags":[],"class_list":["post-12869","post","type-post","status-publish","format-standard","has-post-thumbnail","hentry","category-actu-meteo"],"jetpack_publicize_connections":[],"jetpack_featured_media_url":"https:\/\/i0.wp.com\/www.iceagetv.com\/radiosite\/wp-content\/uploads\/2019\/07\/S%C3%A9cheresse-2.jpg?fit=1197%2C449&ssl=1","jetpack_sharing_enabled":true,"_links":{"self":[{"href":"https:\/\/www.iceagetv.com\/radiosite\/wp-json\/wp\/v2\/posts\/12869","targetHints":{"allow":["GET"]}}],"collection":[{"href":"https:\/\/www.iceagetv.com\/radiosite\/wp-json\/wp\/v2\/posts"}],"about":[{"href":"https:\/\/www.iceagetv.com\/radiosite\/wp-json\/wp\/v2\/types\/post"}],"author":[{"embeddable":true,"href":"https:\/\/www.iceagetv.com\/radiosite\/wp-json\/wp\/v2\/users\/2"}],"replies":[{"embeddable":true,"href":"https:\/\/www.iceagetv.com\/radiosite\/wp-json\/wp\/v2\/comments?post=12869"}],"version-history":[{"count":1,"href":"https:\/\/www.iceagetv.com\/radiosite\/wp-json\/wp\/v2\/posts\/12869\/revisions"}],"predecessor-version":[{"id":12871,"href":"https:\/\/www.iceagetv.com\/radiosite\/wp-json\/wp\/v2\/posts\/12869\/revisions\/12871"}],"wp:featuredmedia":[{"embeddable":true,"href":"https:\/\/www.iceagetv.com\/radiosite\/wp-json\/wp\/v2\/media\/12870"}],"wp:attachment":[{"href":"https:\/\/www.iceagetv.com\/radiosite\/wp-json\/wp\/v2\/media?parent=12869"}],"wp:term":[{"taxonomy":"category","embeddable":true,"href":"https:\/\/www.iceagetv.com\/radiosite\/wp-json\/wp\/v2\/categories?post=12869"},{"taxonomy":"post_tag","embeddable":true,"href":"https:\/\/www.iceagetv.com\/radiosite\/wp-json\/wp\/v2\/tags?post=12869"}],"curies":[{"name":"wp","href":"https:\/\/api.w.org\/{rel}","templated":true}]}}