{"id":12903,"date":"2019-07-25T11:43:37","date_gmt":"2019-07-25T11:43:37","guid":{"rendered":"http:\/\/www.iceagetv.com\/radiosite\/?p=12903"},"modified":"2019-07-25T11:43:44","modified_gmt":"2019-07-25T11:43:44","slug":"le-president-tunisien-beji-caid-essebsi-est-decede-a-lage-de-92-ans-vient-dannoncer-la-presidence-de-tunisie","status":"publish","type":"post","link":"https:\/\/www.iceagetv.com\/radiosite\/le-president-tunisien-beji-caid-essebsi-est-decede-a-lage-de-92-ans-vient-dannoncer-la-presidence-de-tunisie\/","title":{"rendered":"Le pr\u00e9sident tunisien B\u00e9ji Ca\u00efd Essebsi est d\u00e9c\u00e9d\u00e9 \u00e0 l&rsquo;\u00e2ge de 92 ans, vient d\u2019annoncer la pr\u00e9sidence de Tunisie"},"content":{"rendered":"\n<p>Le pr\u00e9sident tunisien B\u00e9ji Ca\u00efd Essebsi, 92 ans, est d\u00e9c\u00e9d\u00e9 jeudi, a indiqu\u00e9 la pr\u00e9sidence de la R\u00e9publique sur sa page Facebook, quelques heures apr\u00e8s son hospitalisation en soins intensifs.<\/p>\n\n\n\n<p>Premier pr\u00e9sident d\u00e9mocratiquement \u00e9lu en 2014, trois ans apr\u00e8s la chute de Zine el Abidine ben Ali, Essebsi est mort \u00e0 quelques mois de la fin de son mandat pr\u00e9sidentiel.<\/p>\n\n\n\n<p>Ce matin, Le pr\u00e9sident tunisien B\u00e9ji Ca\u00efd Essebsi, hospitalis\u00e9 plusieurs jours fin juin apr\u00e8s un grave malaise, \u00e9tait de nouveau en soins intensifs.<\/p>\n\n\n\n<p>M. Essebsi, 92 ans, \u00ab\u00a0est en soins intensifs \u00e0 l&rsquo;h\u00f4pital militaire (de Tunis), et les choses se pr\u00e9sentent mal\u00a0\u00bb, a indiqu\u00e9 \u00e0 l&rsquo;AFP son fils Hafedh Ca\u00efd Essebsi, \u00e9galement chef de file du parti pr\u00e9sidentiel Nidaa Tounes.<\/p>\n","protected":false},"excerpt":{"rendered":"<p>Le pr\u00e9sident tunisien B\u00e9ji Ca\u00efd Essebsi, 92 ans, est d\u00e9c\u00e9d\u00e9 jeudi, a indiqu\u00e9 la pr\u00e9sidence de la R\u00e9publique sur sa page Facebook, quelques heures apr\u00e8s son hospitalisation en soins intensifs. Premier pr\u00e9sident d\u00e9mocratiquement \u00e9lu en 2014, trois ans apr\u00e8s la chute de Zine el Abidine ben Ali, Essebsi est mort \u00e0 quelques mois de la [&hellip;]<\/p>\n","protected":false},"author":2,"featured_media":12904,"comment_status":"open","ping_status":"open","sticky":false,"template":"","format":"standard","meta":{"_jetpack_memberships_contains_paid_content":false,"footnotes":"","jetpack_publicize_message":"","jetpack_publicize_feature_enabled":true,"jetpack_social_post_already_shared":true,"jetpack_social_options":{"image_generator_settings":{"template":"highway","default_image_id":0,"font":"","enabled":false},"version":2},"_wpas_customize_per_network":false},"categories":[405],"tags":[],"class_list":["post-12903","post","type-post","status-publish","format-standard","has-post-thumbnail","hentry","category-actu-france-monde"],"jetpack_publicize_connections":[],"jetpack_featured_media_url":"https:\/\/i0.wp.com\/www.iceagetv.com\/radiosite\/wp-content\/uploads\/2019\/07\/Le-pr%C3%A9sident-tunisien-B%C3%A9ji-Ca%C3%AFd-Essebsi.jpg?fit=693%2C308&ssl=1","jetpack_sharing_enabled":true,"_links":{"self":[{"href":"https:\/\/www.iceagetv.com\/radiosite\/wp-json\/wp\/v2\/posts\/12903","targetHints":{"allow":["GET"]}}],"collection":[{"href":"https:\/\/www.iceagetv.com\/radiosite\/wp-json\/wp\/v2\/posts"}],"about":[{"href":"https:\/\/www.iceagetv.com\/radiosite\/wp-json\/wp\/v2\/types\/post"}],"author":[{"embeddable":true,"href":"https:\/\/www.iceagetv.com\/radiosite\/wp-json\/wp\/v2\/users\/2"}],"replies":[{"embeddable":true,"href":"https:\/\/www.iceagetv.com\/radiosite\/wp-json\/wp\/v2\/comments?post=12903"}],"version-history":[{"count":1,"href":"https:\/\/www.iceagetv.com\/radiosite\/wp-json\/wp\/v2\/posts\/12903\/revisions"}],"predecessor-version":[{"id":12905,"href":"https:\/\/www.iceagetv.com\/radiosite\/wp-json\/wp\/v2\/posts\/12903\/revisions\/12905"}],"wp:featuredmedia":[{"embeddable":true,"href":"https:\/\/www.iceagetv.com\/radiosite\/wp-json\/wp\/v2\/media\/12904"}],"wp:attachment":[{"href":"https:\/\/www.iceagetv.com\/radiosite\/wp-json\/wp\/v2\/media?parent=12903"}],"wp:term":[{"taxonomy":"category","embeddable":true,"href":"https:\/\/www.iceagetv.com\/radiosite\/wp-json\/wp\/v2\/categories?post=12903"},{"taxonomy":"post_tag","embeddable":true,"href":"https:\/\/www.iceagetv.com\/radiosite\/wp-json\/wp\/v2\/tags?post=12903"}],"curies":[{"name":"wp","href":"https:\/\/api.w.org\/{rel}","templated":true}]}}