{"id":12906,"date":"2019-07-25T14:14:53","date_gmt":"2019-07-25T14:14:53","guid":{"rendered":"http:\/\/www.iceagetv.com\/radiosite\/?p=12906"},"modified":"2019-07-25T16:35:00","modified_gmt":"2019-07-25T16:35:00","slug":"speciale-canicule-meteo-france-a-enregistre-un-nouveau-record-absolu-a-paris-424-a-15h20","status":"publish","type":"post","link":"https:\/\/www.iceagetv.com\/radiosite\/speciale-canicule-meteo-france-a-enregistre-un-nouveau-record-absolu-a-paris-424-a-15h20\/","title":{"rendered":"Sp\u00e9ciale Canicule &#8211; M\u00e9t\u00e9o France a enregistr\u00e9 un nouveau record absolu \u00e0 Paris: 42,4\u00b0 \u00e0 15h20"},"content":{"rendered":"\n<h1 class=\"wp-block-heading\">Thalys cesse les ventes de billets sur toutes ses lignes \u00e0 cause de la canicule &#8211; Le mercure continue de monter en France<\/h1>\n\n\n\n<p><strong>Le point en cette fin de journ\u00e9e sur la canicule qui touche la France depuis plusieurs jours<br><\/strong><\/p>\n\n\n\n<p>Nuit probablement la plus chaude jamais mesur\u00e9e, chaleur historique \u00e0 Paris ou Lille: au paroxysme de la canicule, la France \u00e9touffait jeudi sous des temp\u00e9ratures d\u00e9passant les 40\u00b0C; avant une \u00abd\u00e9gringolade\u00bb du mercure \u00e0 partir de vendredi par l\u2019Ouest.<\/p>\n\n\n\n<p>Vingt d\u00e9partements allant du Nord \u00e0 l\u2019Ile-de-France sont en alerte rouge canicule, et 60 autres en vigilance orange. Soit environ 85% de la population fran\u00e7aise concern\u00e9e, selon la Direction g\u00e9n\u00e9rale de la Sant\u00e9.<\/p>\n\n\n\n<p>Alors que le seuil des 40\u00b0C n\u2019\u00e9tait d\u00e9pass\u00e9 en France que de fa\u00e7on tr\u00e8s exceptionnelle il y a un demi-si\u00e8cle, des maximales de 40 \u00e0 43\u00b0C \u00e9taient pr\u00e9vues jeudi sur une grande partie du pays.<\/p>\n\n\n\n<p>Apr\u00e8s une nuit \u00e9touffante qui a probablement \u00e9t\u00e9 la plus chaude de l\u2019histoire (temp\u00e9rature minimale moyenne de 21,4\u00b0C qui ne pourra \u00eatre confirm\u00e9e qu\u2019\u00e0 la fin de la journ\u00e9e), la journ\u00e9e de jeudi pourrait \u00eatre en moyenne plus chaude que les pires jours d\u2019ao\u00fbt 2003, m\u00eame si on restera loin du record absolu qui date du pr\u00e9c\u00e9dent \u00e9pisode de canicule de juin (46\u00b0C dans l\u2019H\u00e9rault).<\/p>\n\n\n\n<p>Paris a battu son record absolu datant de plus de 70 ans (40,4\u00b0C en 1947), avec 42,6\u00b0C mesur\u00e9s \u00e0 16H32, mais le mercure pourrait encore grimper d\u2019ici la fin de la journ\u00e9e.<\/p>\n\n\n\n<p>D\u2019autres villes ont \u00e9galement largement d\u00e9pass\u00e9 leur record historique, comme Lille (40,5\u00b0C) ou Rouen (40,7\u00b0C).<\/p>\n\n\n\n<p>L\u2019alerte rouge canicule a \u00e9t\u00e9 utilis\u00e9e pour la premi\u00e8re fois en juin dans quatre d\u00e9partements du sud.<\/p>\n\n\n\n<p>Mais \u00abc\u2019est la premi\u00e8re fois que cela touche des d\u00e9partements du Nord de notre pays\u00bb avec des \u00abpopulations qui ne sont pas habitu\u00e9es \u00e0 des chaleurs de ce niveau-l\u00e0\u00bb, a soulign\u00e9 la ministre de la Sant\u00e9 Agn\u00e8s Buzyn.<\/p>\n\n\n\n<p>Si depuis la canicule de 2003, qui avait fait quelque 15.000 morts, les autorit\u00e9s insistaient surtout sur les risques pour les personnes vuln\u00e9rables, notamment personnes \u00e2g\u00e9es et enfants en bas \u00e2ge, les mises en garde visent d\u00e9sormais toute la population.<\/p>\n\n\n\n<p>Ces temp\u00e9ratures tr\u00e8s \u00e9lev\u00e9es pr\u00e9sentent \u00abdes risques importants pour les plus fragiles, mais aussi pour les personnes qui sont en bonne sant\u00e9\u00bb, a insist\u00e9 jeudi le Premier ministre Edouard Philippe.<\/p>\n\n\n\n<p>Pour mettre en perspective, la station de <a href=\"https:\/\/twitter.com\/hashtag\/Lille?src=hashtag_click\">#Lille<\/a> Lesquin atteint 41.2\u00b0C \u00e0 16h.Le record absolu avant 2018 n&rsquo;\u00e9tait que de 36.9\u00b0C (lors de la vague de chaleur de 1947). En juillet dernier, il avait \u00e9t\u00e9 battu avec 37.6\u00b0C.L&rsquo;ancien record de 1947 a donc \u00e9t\u00e9 battu de plus de 4\u00b0C !<\/p>\n\n\n\n<p>Records absolus nationaux battus en Allemagne avec 40.9\u00b0C et aux Pays-Bas avec 40.4\u00b0C.Valeurs provisoires en milieu d&rsquo;apr\u00e8s-midi.<\/p>\n\n\n\n<p><strong>M\u00e9t\u00e9o France a enregistr\u00e9 un nouveau record absolu \u00e0 Paris: 42,4\u00b0 \u00e0 15h20<\/strong><br>M\u00e9t\u00e9o France vient de d\u00e9voiler quelques records enregistr\u00e9s cet apr\u00e8s-midi dans plusieurs villes de France<\/p>\n\n\n\n<p>Alors que la circulation diff\u00e9renci\u00e9e sera lev\u00e9e cette nuit \u00e0 Paris, elle sera \u00e0 nouveau mise en place \u00e0 Lyon, demain.&nbsp;<\/p>\n\n\n\n<p>\u00ab\u00a0En raison de la persistance du pic de pollution, le pr\u00e9fet a d\u00e9cid\u00e9 de maintenir les mesures pour lutter contre la pollution atmosph\u00e9rique, notamment les limitations de vitesse et la circulation diff\u00e9renci\u00e9e, pour la journ\u00e9e du vendredi 26 juillet 2019\u00a0\u00bb, a indiqu\u00e9 le pr\u00e9fet de la r\u00e9gion Auvergne-Rh\u00f4ne-Alpes et du Rh\u00f4ne.&nbsp;<br>Nous voyons une augmentation du nombre d&rsquo;appels dans les centres de secours, ainsi qu&rsquo;aux urgences\u00a0\u00bb, a annonc\u00e9 le ministre de l&rsquo;Int\u00e9rieur,&nbsp;<\/p>\n\n\n\n<p><strong>Le point en ce d\u00e9but d&rsquo;apr\u00e8s-midi sur la journ\u00e9e la plus chaude qui touche la France<br><\/strong><\/p>\n\n\n\n<p>La canicule accablante qui fait suffoquer des millions d\u2019habitants en Europe occidentale devrait abattre de nouveaux records jeudi, comme en France et en Allemagne, avant un rafra\u00eechissement pr\u00e9vu en fin de semaine.<\/p>\n\n\n\n<p>Comme attendu, Paris a battu son record historique de chaleur qui datait de plus de 70 ans, avec 41\u00b0C d\u00e9j\u00e0 mesur\u00e9s en d\u00e9but d\u2019apr\u00e8s-midi (11H42 GMT) et M\u00e9t\u00e9o-France pr\u00e9voit que le mercure grimpera encore dans l\u2019apr\u00e8s-midi, probablement jusqu\u2019\u00e0 42\u00b0C.<\/p>\n\n\n\n<p>En Autriche, un enfant de trois ans est mort de d\u00e9shydratation dans le sud du pays mercredi. Il avait \u00e9t\u00e9 d\u00e9couvert inconscient lundi dans une voiture gar\u00e9e dans la ferme familiale en plein soleil, o\u00f9 il \u00e9tait mont\u00e9 et s\u2019\u00e9tait endormi \u00e0 l\u2019insu de ses grands-parents. Il est d\u00e9c\u00e9d\u00e9 \u00e0 l\u2019h\u00f4pital.<\/p>\n\n\n\n<p>Les temp\u00e9ratures avoisinaient une trentaine de degr\u00e9s lundi en Autriche. Un pic \u00e0 38\u00b0C \u00e9tait attendu dans l\u2019ouest. L\u2019archidioc\u00e8se de Vienne a eu l\u2019id\u00e9e d\u2019inviter les urbains \u00e0 une pause \u00abfra\u00eecheur et silence\u00bb dans ses lieux de culte et a publi\u00e9 un relev\u00e9 des temp\u00e9ratures dans les diff\u00e9rentes \u00e9glises de la capitale et de sa r\u00e9gion.<\/p>\n\n\n\n<p>Mercredi, des records de chaleur absolus ont \u00e9t\u00e9 franchis en Belgique et en Allemagne. Ainsi, un record de temp\u00e9rature de 40,2\u00b0C a \u00e9t\u00e9 mesur\u00e9e mercredi \u00e0 Li\u00e8ge (est de la Belgique) sur une des stations du r\u00e9seau de l\u2019Institut royal m\u00e9t\u00e9orologique (IRM), a indiqu\u00e9 jeudi un chef pr\u00e9visionniste de l\u2019IRM.<\/p>\n\n\n\n<p>Aux Pays-Bas, un nouveau record a \u00e9t\u00e9 \u00e9tabli jeudi, avec 41,7 degr\u00e9s Celsius, soit la temp\u00e9rature la plus chaude jamais enregistr\u00e9e dans le pays, o\u00f9 le mercure n\u2019avait jamais atteint la barre des 40 degr\u00e9s auparavant.<\/p>\n\n\n\n<p>Ces vagues de chaleur sont appel\u00e9es \u00e0 se multiplier et \u00e0 s\u2019intensifier sous l\u2019effet du r\u00e9chauffement climatique provoqu\u00e9 par les activit\u00e9s humaines.<\/p>\n\n\n\n<p>Au cours des 2.000 derni\u00e8res ann\u00e9es, les temp\u00e9ratures mondiales n\u2019avaient jamais augment\u00e9 aussi rapidement que maintenant, selon des donn\u00e9es publi\u00e9es mercredi dans deux \u00e9tudes distinctes dans les revues Nature et Nature Geoscience.<\/p>\n\n\n\n<p>Avant le record de la mi-journ\u00e9e \u00e0 Paris, la nuit de mercredi de jeudi avait d\u00e9j\u00e0 \u00e9t\u00e9 \u00abtr\u00e8s probablement\u00bb la plus chaude jamais mesur\u00e9e en France avec une temp\u00e9rature minimale moyenne de 21,4\u00b0C, devant les 21,3\u00b0C du 14 ao\u00fbt 2003, selon M\u00e9t\u00e9o-France.<\/p>\n\n\n\n<p>Le pr\u00e9visionniste Olivier Proust a cependant pr\u00e9cis\u00e9 \u00e0 l\u2019AFP que le record ne pourrait \u00eatre valid\u00e9 qu\u2019apr\u00e8s 18h00 GMT jeudi.<\/p>\n\n\n\n<p>Les temp\u00e9ratures devaient atteindre leur maximum dans le nord du pays et la r\u00e9gion parisienne, mais le rafra\u00eechissement est promis \u00e0 partir de vendredi.<\/p>\n\n\n\n<p>Jeudi, des Parisiens aux traits tir\u00e9s par des nuits courtes dans des logements surchauff\u00e9s avan\u00e7aient au ralenti dans le m\u00e9tro \u00e0 l\u2019atmosph\u00e8re souvent \u00e9touffante.<\/p>\n\n\n\n<p>\u00abIl fait tr\u00e8s chaud dans le m\u00e9tro, c\u2019est insupportable !\u00bb, t\u00e9moigne \u00e0 l\u2019AFP Petra Ulm, 34 ans, chercheuse autrichienne vivant en France depuis dix ans. \u00abIl y a beaucoup de monde, on est les uns sur les autres et il n\u2019y a pas d\u2019air conditionn\u00e9&#8230;\u00bb.<\/p>\n\n\n\n<p>Dans un centre de loisirs parisien au pied de la butte Montmartre, pas de sortie pr\u00e9vue pour les petits de 3 \u00e0 6 ans. \u00abOn a demand\u00e9 aux enfants de venir avec leur maillot de bain, on va faire des jeux d\u2019eau dans la cour\u00bb, a expliqu\u00e9 un animateur.<\/p>\n\n\n\n<p>Le mercure devrait d\u00e9passer les 40\u00b0C sur un grand quart nord-est du pays en particulier, avec des pointes \u00e0 43\u00b0C localement et une journ\u00e9e qui pourrait \u00eatre en moyenne plus chaude que les pires jours d\u2019ao\u00fbt 2003.<\/p>\n\n\n\n<p>En Allemagne voisine, l\u2019ensemble du pays est en alerte canicule. Le record de temp\u00e9ratures a d\u00e9j\u00e0 \u00e9t\u00e9 d\u00e9pass\u00e9 mercredi avec 40,5 degr\u00e9s enregistr\u00e9s dans l\u2019ouest, et ce maximum pourrait \u00e0 nouveau \u00eatre d\u00e9pass\u00e9 jeudi avec des temp\u00e9ratures avoisinant les 41 degr\u00e9s le long du Rhin.<\/p>\n\n\n\n<p>Au moins quatre personnes sont d\u00e9c\u00e9d\u00e9es dans ce pays dans des lacs ou rivi\u00e8res, mais il n\u2019a pas encore \u00e9t\u00e9 d\u00e9montr\u00e9 qu\u2019elles \u00e9taient mortes en raison de la forte chaleur.<\/p>\n\n\n\n<p>Les Pays-Bas se pr\u00e9parent eux \u00e0 affronter une nouvelle vague de chaleur ce jeudi, avec des pr\u00e9visions allant jusqu\u2019\u00e0 40\u00b0C dans l\u2019est du pays.<\/p>\n\n\n\n<p>Le Royaume-Uni va, lui aussi, \u00abprobablement battre le record de chaleur de juillet, qui est de 36,7\u00b0C, et il existe m\u00eame une possibilit\u00e9 de battre le record absolu de 38,5\u00b0C\u00bb, indique la m\u00e9t\u00e9o britannique (Met Office).<\/p>\n\n\n\n<p>A Londres, la police recherche trois personnes port\u00e9es disparues apr\u00e8s s\u2019\u00eatre baign\u00e9es dans la Tamise et qui se seraient retrouv\u00e9es en difficult\u00e9 en nageant.<\/p>\n\n\n\n<p>L\u2019Italie est \u00e9galement touch\u00e9e et les autorit\u00e9s ont \u00e9lev\u00e9 mercredi l\u2019alerte au niveau 3 (\u00abbulletin rouge\u00bb) dans cinq villes (Bolzano, Brescia, Florence, P\u00e9rouse et Turin).<\/p>\n\n\n\n<p>Le Luxembourg et une partie de la Suisse sont aussi touch\u00e9s par cet \u00e9pisode de canicule.<\/p>\n\n\n\n<p>Fait notable, en Espagne, les temp\u00e9ratures ont commenc\u00e9 \u00e0 descendre \u00e0 des valeurs normales pour la saison estivale dans ce pays, avec seulement 6 des 50 provinces du pays toujours en alerte orange, selon le service m\u00e9t\u00e9orologique national.<\/p>\n\n\n\n<p>Les temp\u00e9ratures les plus \u00e9lev\u00e9es sont attendues dans le nord-est o\u00f9 elles pourraient atteindre les 41\u00b0C \u00e0 Saragosse. Cette zone est \u00e9galement plac\u00e9e en alerte aux orages violents.<\/p>\n","protected":false},"excerpt":{"rendered":"<p>Thalys cesse les ventes de billets sur toutes ses lignes \u00e0 cause de la canicule &#8211; Le mercure continue de monter en France Le point en cette fin de journ\u00e9e sur la canicule qui touche la France depuis plusieurs jours Nuit probablement la plus chaude jamais mesur\u00e9e, chaleur historique \u00e0 Paris ou Lille: au paroxysme [&hellip;]<\/p>\n","protected":false},"author":2,"featured_media":12907,"comment_status":"open","ping_status":"open","sticky":false,"template":"","format":"standard","meta":{"_jetpack_memberships_contains_paid_content":false,"footnotes":"","jetpack_publicize_message":"","jetpack_publicize_feature_enabled":true,"jetpack_social_post_already_shared":true,"jetpack_social_options":{"image_generator_settings":{"template":"highway","default_image_id":0,"font":"","enabled":false},"version":2},"_wpas_customize_per_network":false},"categories":[14],"tags":[],"class_list":["post-12906","post","type-post","status-publish","format-standard","has-post-thumbnail","hentry","category-actu-meteo"],"jetpack_publicize_connections":[],"jetpack_featured_media_url":"https:\/\/i0.wp.com\/www.iceagetv.com\/radiosite\/wp-content\/uploads\/2019\/07\/canicule-recoord-paris.jpg?fit=986%2C420&ssl=1","jetpack_sharing_enabled":true,"_links":{"self":[{"href":"https:\/\/www.iceagetv.com\/radiosite\/wp-json\/wp\/v2\/posts\/12906","targetHints":{"allow":["GET"]}}],"collection":[{"href":"https:\/\/www.iceagetv.com\/radiosite\/wp-json\/wp\/v2\/posts"}],"about":[{"href":"https:\/\/www.iceagetv.com\/radiosite\/wp-json\/wp\/v2\/types\/post"}],"author":[{"embeddable":true,"href":"https:\/\/www.iceagetv.com\/radiosite\/wp-json\/wp\/v2\/users\/2"}],"replies":[{"embeddable":true,"href":"https:\/\/www.iceagetv.com\/radiosite\/wp-json\/wp\/v2\/comments?post=12906"}],"version-history":[{"count":4,"href":"https:\/\/www.iceagetv.com\/radiosite\/wp-json\/wp\/v2\/posts\/12906\/revisions"}],"predecessor-version":[{"id":12912,"href":"https:\/\/www.iceagetv.com\/radiosite\/wp-json\/wp\/v2\/posts\/12906\/revisions\/12912"}],"wp:featuredmedia":[{"embeddable":true,"href":"https:\/\/www.iceagetv.com\/radiosite\/wp-json\/wp\/v2\/media\/12907"}],"wp:attachment":[{"href":"https:\/\/www.iceagetv.com\/radiosite\/wp-json\/wp\/v2\/media?parent=12906"}],"wp:term":[{"taxonomy":"category","embeddable":true,"href":"https:\/\/www.iceagetv.com\/radiosite\/wp-json\/wp\/v2\/categories?post=12906"},{"taxonomy":"post_tag","embeddable":true,"href":"https:\/\/www.iceagetv.com\/radiosite\/wp-json\/wp\/v2\/tags?post=12906"}],"curies":[{"name":"wp","href":"https:\/\/api.w.org\/{rel}","templated":true}]}}