{"id":12931,"date":"2019-07-30T08:20:47","date_gmt":"2019-07-30T08:20:47","guid":{"rendered":"http:\/\/www.iceagetv.com\/radiosite\/?p=12931"},"modified":"2019-07-30T08:20:53","modified_gmt":"2019-07-30T08:20:53","slug":"un-corps-repeche-dans-la-loire-plus-dun-mois-apres-la-disparition-de-steve-maia-canico","status":"publish","type":"post","link":"https:\/\/www.iceagetv.com\/radiosite\/un-corps-repeche-dans-la-loire-plus-dun-mois-apres-la-disparition-de-steve-maia-canico\/","title":{"rendered":"Un corps rep\u00each\u00e9 dans la Loire, plus d\u2019un mois apr\u00e8s la disparition de Steve Maia Cani\u00e7o"},"content":{"rendered":"\n<p>Lundi 29&nbsp;juillet, peu apr\u00e8s 17&nbsp;h&nbsp;30, le corps d\u2019un homme a \u00e9t\u00e9 rep\u00e9r\u00e9 dans un bras de la Loire, appel\u00e9 \u00ab&nbsp;bras de la Madeleine&nbsp;\u00bb, \u00e0 hauteur de la grue Titan jaune, l\u2019un des embl\u00e8mes de la ville de Nantes. In\u00e9vitablement, le nom de Steve Maia Cani\u00e7o, port\u00e9 disparu depuis une charge polici\u00e8re au bord de la Loire, dans la nuit du 21 au 22&nbsp;juin, le soir de la F\u00eate de la musique, est sur toutes les l\u00e8vres.<\/p>\n\n\n\n<p>Au vu des premi\u00e8res constatations effectu\u00e9es par le m\u00e9decin l\u00e9giste, le corps a s\u00e9journ\u00e9&nbsp;<em>\u00ab&nbsp;un long moment dans l\u2019eau&nbsp;\u00bb<\/em>, pr\u00e9cise une source proche du dossier. Des colliers correspondant \u00e0 ceux que Steve portait ont \u00e9t\u00e9 reconnus par la famille.&nbsp;<em>\u00ab&nbsp;Il est hautement probable que le corps retrouv\u00e9 soit celui de Steve&nbsp;\u00bb<\/em>, estime C\u00e9cile de Oliveira, avocate de sa famille, qui s\u2019est constitu\u00e9e partie civile. Mais&nbsp;<em>\u00ab&nbsp;l\u2019identification d\u00e9finitive du corps ne sera possible qu\u2019apr\u00e8s les op\u00e9rations m\u00e9dico-l\u00e9gales&nbsp;\u00bb<\/em>, pr\u00e9cisait dans la soir\u00e9e Pierre Senn\u00e8s, procureur de la R\u00e9publique de Nantes. Les premiers r\u00e9sultats de ces examens sont attendus mardi.<\/p>\n\n\n\n<h2 class=\"wp-block-heading\">Cinq proc\u00e9dures<\/h2>\n\n\n\n<p>La disparition du jeune homme, un animateur p\u00e9riscolaire de 24\u00a0ans pr\u00e9sent sur une sc\u00e8ne techno install\u00e9e sur le bord du fleuve, avait co\u00efncid\u00e9 avec une intervention des forces de l\u2019ordre la nuit de la F\u00eate de la musique, qui avait \u00e9t\u00e9 vivement critiqu\u00e9e.<\/p>\n\n\n\n<p>Dans cette affaire, cinq proc\u00e9dures sont men\u00e9es en parall\u00e8le&nbsp;:<\/p>\n\n\n\n<ul class=\"wp-block-list\"><li>la disparition de Steve Maia Cani\u00e7o fait d\u2019abord l\u2019objet d\u2019une information judiciaire pour disparition inqui\u00e9tante, pilot\u00e9e par un juge d\u2019instruction\u00a0;<\/li><li>le D\u00e9fenseur des droits, Jacques Toubon, s\u2019est \u00e9galement autosaisi pour enqu\u00eater sur cette soir\u00e9e\u00a0;<\/li><li>l\u2019Inspection g\u00e9n\u00e9rale de la police nationale (IGPN), saisie par le ministre de l\u2019int\u00e9rieur, Christophe Castaner, est charg\u00e9e d\u2019une enqu\u00eate administrative destin\u00e9e \u00e0 \u00e9tablir les circonstances pr\u00e9cises de l\u2019intervention polici\u00e8re\u00a0;<\/li><li>une enqu\u00eate de la police judiciaire a \u00e9galement d\u00e9but\u00e9 \u00e0 la suite de\u00a0<em>\u00ab\u00a0dix plaintes de policiers qui ont \u00e9t\u00e9 bless\u00e9s lors des \u00e9v\u00e9nements de la F\u00eate de la musique\u00a0\u00bb<\/em>, selon Pierre Senn\u00e8s, procureur de la R\u00e9publique \u00e0 Nantes\u00a0;<\/li><li>enfin, une plainte collective de 89 participants a \u00e9t\u00e9 d\u00e9pos\u00e9e le 3\u00a0juillet pour\u00a0<em>\u00ab\u00a0mise en danger de la vie d\u2019autrui et violences volontaires par personnes d\u00e9positaires de l\u2019autorit\u00e9 publique\u00a0\u00bb<\/em>, confi\u00e9e \u00e0 l\u2019IGPN.Le soir du 21\u00a0juin, une dizaine de sound systems (des murs d\u2019enceintes diffusant de la musique) avaient \u00e9t\u00e9 install\u00e9s quai Wilson, le long de la Loire, avec une tol\u00e9rance des autorit\u00e9s jusqu\u2019\u00e0 4\u00a0heures du matin. Mais, \u00e0 l\u2019heure dite, alors que la plupart des installations coupent le son, la derni\u00e8re, situ\u00e9e au bout du quai, un endroit sans parapet, d\u00e9cide de jouer les prolongations.<\/li><\/ul>\n\n\n\n<p>Une vingtaine de fonctionnaires de la compagnie d\u00e9partementale d\u2019intervention (CDI) et de la brigade anticriminalit\u00e9 (BAC) sont d\u00e9p\u00each\u00e9s pour mettre fin aux festivit\u00e9s. La musique est arr\u00eat\u00e9e une premi\u00e8re fois. Mais sit\u00f4t les forces de l\u2019ordre parties, les organisateurs remettent le son. Les policiers rebroussent chemin en direction de la f\u00eate et, selon Johann Mougenot, directeur de cabinet du pr\u00e9fet de Loire-Atlantique, ils sont alors victimes de nombreux jets de bouteilles et projectiles en tous genres.<\/p>\n\n\n\n<p>Les policiers pris \u00e0 partie r\u00e9pliquent par une trentaine de tirs de grenades lacrymog\u00e8nes et de grenades de d\u00e9sencerclement. Ils font \u00e9galement usage de lanceurs de balles de d\u00e9fense (LBD), ainsi que de Taser. L\u2019op\u00e9ration, qui dure une vingtaine de minutes, provoque un mouvement de panique\u00a0; des personnes tombent \u00e0 l\u2019eau.<\/p>\n\n\n\n<p>A la vue des personnes dans l\u2019eau, les policiers contactent les secours. Selon la pr\u00e9fecture, sept personnes ont \u00e9t\u00e9 rep\u00each\u00e9es par les pompiers, quatre par une association de sauvetage mandat\u00e9e par la ville de Nantes pour la soir\u00e9e et trois autres ont regagn\u00e9 la terre ferme par leurs propres moyens. Tous les fonctionnaires contact\u00e9s s\u2019accordent sur le fait qu\u2019\u00e0 aucun moment ils n\u2019ont eu connaissance d\u2019une personne disparue.<\/p>\n\n\n\n<h2 class=\"wp-block-heading\">Signalement d\u2019embl\u00e9e<\/h2>\n\n\n\n<p>L\u2019hypoth\u00e8se d\u2019une noyade a pourtant travers\u00e9 les rangs des sauveteurs d\u00e8s les premi\u00e8res heures, selon les t\u00e9moignages recueillis par\u00a0<em>Le<\/em>\u00a0<em>Monde<\/em>.\u00a0<em>\u00ab\u00a0D\u2019embl\u00e9e, on a re\u00e7u le signalement d\u2019une personne ayant coul\u00e9\u00a0\u00bb<\/em>, raconte un homme qui \u00e9tait au c\u0153ur du dispositif d\u2019intervention.<\/p>\n\n\n\n<p>Steve Maia Cani\u00e7o, animateur p\u00e9riscolaire de 24&nbsp;ans, s\u2019\u00e9tait rendu \u00e0 cette soir\u00e9e avec sa bande d\u2019amis.&nbsp;<em>\u00ab&nbsp;Vers 3&nbsp;heures du matin, il a envoy\u00e9 un message disant qu\u2019il \u00e9tait tr\u00e8s fatigu\u00e9 et il donnait l\u2019endroit o\u00f9 il comptait attendre le groupe de potes avec qui il devait rentrer&nbsp;\u00bb<\/em>, confie Ana\u00efs, 24&nbsp;ans, une amie.<\/p>\n\n\n\n<p>Le t\u00e9l\u00e9phone du disparu est ensuite rest\u00e9 \u00e9teint et le jeune homme ne s\u2019\u00e9tait pas pr\u00e9sent\u00e9 \u00e0 son travail, une \u00e9cole de Treilli\u00e8res, \u00e0 quarante minutes de Nantes. Ses proches ont pr\u00e9cis\u00e9 que le jeune homme ne savait pas nager.<\/p>\n\n\n\n<p>Lundi 24&nbsp;juin,<a href=\"https:\/\/twitter.com\/PoliceNat44\/status\/1143199623475007488\">&nbsp;la police diffusait un appel \u00e0 t\u00e9moins&nbsp;<\/a>demandant de l\u2019aide pour retrouver le jeune homme de 1,72&nbsp;m, qui portait ce soir-l\u00e0 un pull avec un drapeau am\u00e9ricain.<\/p>\n\n\n\n<ul class=\"wp-block-list\"><li><br><\/li><\/ul>\n","protected":false},"excerpt":{"rendered":"<p>Lundi 29&nbsp;juillet, peu apr\u00e8s 17&nbsp;h&nbsp;30, le corps d\u2019un homme a \u00e9t\u00e9 rep\u00e9r\u00e9 dans un bras de la Loire, appel\u00e9 \u00ab&nbsp;bras de la Madeleine&nbsp;\u00bb, \u00e0 hauteur de la grue Titan jaune, l\u2019un des embl\u00e8mes de la ville de Nantes. In\u00e9vitablement, le nom de Steve Maia Cani\u00e7o, port\u00e9 disparu depuis une charge polici\u00e8re au bord de la [&hellip;]<\/p>\n","protected":false},"author":2,"featured_media":12932,"comment_status":"open","ping_status":"open","sticky":false,"template":"","format":"standard","meta":{"_jetpack_memberships_contains_paid_content":false,"footnotes":"","jetpack_publicize_message":"","jetpack_publicize_feature_enabled":true,"jetpack_social_post_already_shared":true,"jetpack_social_options":{"image_generator_settings":{"template":"highway","default_image_id":0,"font":"","enabled":false},"version":2},"_wpas_customize_per_network":false},"categories":[405],"tags":[],"class_list":["post-12931","post","type-post","status-publish","format-standard","has-post-thumbnail","hentry","category-actu-france-monde"],"jetpack_publicize_connections":[],"jetpack_featured_media_url":"https:\/\/i0.wp.com\/www.iceagetv.com\/radiosite\/wp-content\/uploads\/2019\/07\/Steve-Maia-Cani%C3%A7o.jpg?fit=688%2C458&ssl=1","jetpack_sharing_enabled":true,"_links":{"self":[{"href":"https:\/\/www.iceagetv.com\/radiosite\/wp-json\/wp\/v2\/posts\/12931","targetHints":{"allow":["GET"]}}],"collection":[{"href":"https:\/\/www.iceagetv.com\/radiosite\/wp-json\/wp\/v2\/posts"}],"about":[{"href":"https:\/\/www.iceagetv.com\/radiosite\/wp-json\/wp\/v2\/types\/post"}],"author":[{"embeddable":true,"href":"https:\/\/www.iceagetv.com\/radiosite\/wp-json\/wp\/v2\/users\/2"}],"replies":[{"embeddable":true,"href":"https:\/\/www.iceagetv.com\/radiosite\/wp-json\/wp\/v2\/comments?post=12931"}],"version-history":[{"count":1,"href":"https:\/\/www.iceagetv.com\/radiosite\/wp-json\/wp\/v2\/posts\/12931\/revisions"}],"predecessor-version":[{"id":12933,"href":"https:\/\/www.iceagetv.com\/radiosite\/wp-json\/wp\/v2\/posts\/12931\/revisions\/12933"}],"wp:featuredmedia":[{"embeddable":true,"href":"https:\/\/www.iceagetv.com\/radiosite\/wp-json\/wp\/v2\/media\/12932"}],"wp:attachment":[{"href":"https:\/\/www.iceagetv.com\/radiosite\/wp-json\/wp\/v2\/media?parent=12931"}],"wp:term":[{"taxonomy":"category","embeddable":true,"href":"https:\/\/www.iceagetv.com\/radiosite\/wp-json\/wp\/v2\/categories?post=12931"},{"taxonomy":"post_tag","embeddable":true,"href":"https:\/\/www.iceagetv.com\/radiosite\/wp-json\/wp\/v2\/tags?post=12931"}],"curies":[{"name":"wp","href":"https:\/\/api.w.org\/{rel}","templated":true}]}}