{"id":12955,"date":"2019-08-02T07:54:33","date_gmt":"2019-08-02T07:54:33","guid":{"rendered":"http:\/\/www.iceagetv.com\/radiosite\/?p=12955"},"modified":"2019-08-02T07:54:39","modified_gmt":"2019-08-02T07:54:39","slug":"permanences-vandalisees-la-tension-monte-avec-les-agriculteurs-autour-du-ceta","status":"publish","type":"post","link":"https:\/\/www.iceagetv.com\/radiosite\/permanences-vandalisees-la-tension-monte-avec-les-agriculteurs-autour-du-ceta\/","title":{"rendered":"Permanences vandalis\u00e9es: la tension monte avec les agriculteurs autour du Ceta"},"content":{"rendered":"\n<h2 class=\"wp-block-heading\">En Haute-Garonne, des tonnes de fumier ont \u00e9t\u00e9 d\u00e9vers\u00e9es devant la permanence de la d\u00e9put\u00e9e Monique Iborra, qui la veille disait assumer son vote en faveur du trait\u00e9 de libre-\u00e9change avec le Canada.&nbsp;<\/h2>\n\n\n\n<p>\u00ab\u00a0Tous les d\u00e9put\u00e9s qui ont vot\u00e9\u00a0\u00bb en faveur de la ratification du CETA sont d\u00e9sormais cibl\u00e9s. Dans la nuit de jeudi \u00e0 vendredi, deux nouvelles&nbsp;<strong><a href=\"https:\/\/www.bfmtv.com\/police-justice\/paris-la-permanence-de-stanislas-guerini-vandalisee-1741143.html\">permanences de parlementaires La R\u00e9publique en marche<\/a><\/strong>&nbsp;ont fait l&rsquo;objet de d\u00e9gradations de la part d&rsquo;agriculteurs en col\u00e8re.<\/p>\n\n\n\n<p>Devant celle de la d\u00e9put\u00e9e de Haute-Garonne Monique Iborra,&nbsp;<strong><a href=\"https:\/\/www.bfmtv.com\/politique\/permanences-d-elus-vandalisees-c-est-pas-verdun-non-plus-minimise-le-depute-rn-sebastien-chenu-1740986.html\">vingt tonnes de fumier ont \u00e9t\u00e9 d\u00e9vers\u00e9es<\/a><\/strong>. Le d\u00e9clencheur: le refus de celle-ci, comme d&rsquo;autres, de se rendre \u00e0 une rencontre&nbsp;pr\u00e9vue lundi&nbsp;avec&nbsp;<strong><a href=\"https:\/\/www.bfmtv.com\/mediaplayer\/video\/le-ministre-de-l-agriculture-didier-guillaume-assure-que-le-ceta-n-est-pas-une-menace-1178069.html\">des repr\u00e9sentants du secteur<\/a><\/strong>. La d\u00e9put\u00e9e de la 3\u00e8me circonscription du m\u00eame d\u00e9partement,&nbsp;<strong><a href=\"https:\/\/www.bfmtv.com\/politique\/une-deputee-larem-perd-ses-moyens-en-expliquant-la-reforme-des-retraites-dont-elle-est-l-ambassadrice-1737501.html\">Corinne Vignon<\/a><\/strong>, a quant \u00e0 elle vu sa permanence mur\u00e9e au moyen de parpaings. Du fumier a par ailleurs \u00e9t\u00e9 d\u00e9vers\u00e9 devant la pr\u00e9fecture.<\/p>\n\n\n\n<p>En d\u00e9but de semaine, Monique Iborra disait assumer son choix de soutenir le trait\u00e9 de libre-\u00e9change avec le Canada. D&rsquo;apr\u00e8s elle, c&rsquo;est un moyen \u00ab\u00a0d&rsquo;imposer \u00e0 nos partenaires d&rsquo;Outre-Atlantique notre niveau d&rsquo;exigence en mati\u00e8re de climat, d&rsquo;environnement et de pr\u00e9caution sanitaire\u00a0\u00bb.<\/p>\n\n\n\n<h3 class=\"wp-block-heading\">\u00ab\u00a0Les agriculteurs en ont marre\u00a0\u00bb<\/h3>\n\n\n\n<p>Cet argumentaire ne convainc pas le moins du monde Luc Mesbah,&nbsp;secr\u00e9taire g\u00e9n\u00e9ral adjoint de section syndicale FDSEA en Haute-Garonne, interrog\u00e9 par BFMTV:<\/p>\n\n\n\n<blockquote class=\"wp-block-quote is-layout-flow wp-block-quote-is-layout-flow\"><p>\u00ab\u00a0Aujourd&rsquo;hui, les agriculteurs (&#8230;) en ont marre de leur comportement. (&#8230;) On cible tous les d\u00e9put\u00e9s qui ont vot\u00e9 les accords dans tous les d\u00e9partements de France.\u00a0\u00bb&nbsp;<\/p><\/blockquote>\n\n\n\n<p>Derri\u00e8re le symbole du fumier d\u00e9vers\u00e9, il y a l&rsquo;image de ce que les Fran\u00e7ais, d&rsquo;apr\u00e8s ces agriculteurs (en l&rsquo;occurrence occitans), consommeront&nbsp;une fois que le CETA entrera pleinement en vigueur.&nbsp;<\/p>\n\n\n\n<blockquote class=\"wp-block-quote is-layout-flow wp-block-quote-is-layout-flow\"><p>\u00ab\u00a0C&rsquo;est ce que, bient\u00f4t, les Fran\u00e7ais auront dans l&rsquo;assiette. De la merde! (&#8230;) Et M. Castaner, il oublie un truc, c&rsquo;est que c&rsquo;est nous qui faisons \u00e0 manger aux Fran\u00e7ais. Et nous, on fait de la qualit\u00e9\u00a0\u00bb, a par ailleurs argu\u00e9 un c\u00e9r\u00e9alier, Jean-Fran\u00e7ois Lamass\u00e9, pour BFMTV.&nbsp;<\/p><\/blockquote>\n\n\n\n<p>La r\u00e9f\u00e9rence au ministre de l&rsquo;Int\u00e9rieur est li\u00e9e au fait que, jeudi, Christophe Castaner a assimil\u00e9 l&rsquo;un des saccages de permanence&nbsp;parlementaire&nbsp;\u00e0 un \u00ab\u00a0attentat\u00a0\u00bb. Du c\u00f4t\u00e9 des agriculteurs, d&rsquo;autres op\u00e9rations sont pr\u00e9vues, mais les repr\u00e9sentants syndicaux assurent \u00eatre encore ouverts \u00e0 la discussion avec le gouvernement.<\/p>\n\n\n\n<p>Dans un \u00e9t\u00e9 \u00e0 haut risque, marqu\u00e9 par la pol\u00e9mique Rugy puis&nbsp;la disparition de Steve Maia Cani\u00e7o, l&rsquo;Elys\u00e9e et Matignon&nbsp;vont s&rsquo;\u00e9chiner \u00e0 \u00e9teindre tout nouvel incendie.<\/p>\n","protected":false},"excerpt":{"rendered":"<p>En Haute-Garonne, des tonnes de fumier ont \u00e9t\u00e9 d\u00e9vers\u00e9es devant la permanence de la d\u00e9put\u00e9e Monique Iborra, qui la veille disait assumer son vote en faveur du trait\u00e9 de libre-\u00e9change avec le Canada.&nbsp; \u00ab\u00a0Tous les d\u00e9put\u00e9s qui ont vot\u00e9\u00a0\u00bb en faveur de la ratification du CETA sont d\u00e9sormais cibl\u00e9s. Dans la nuit de jeudi \u00e0 [&hellip;]<\/p>\n","protected":false},"author":2,"featured_media":12956,"comment_status":"open","ping_status":"open","sticky":false,"template":"","format":"standard","meta":{"_jetpack_memberships_contains_paid_content":false,"footnotes":"","jetpack_publicize_message":"","jetpack_publicize_feature_enabled":true,"jetpack_social_post_already_shared":true,"jetpack_social_options":{"image_generator_settings":{"template":"highway","default_image_id":0,"font":"","enabled":false},"version":2},"_wpas_customize_per_network":false},"categories":[405],"tags":[],"class_list":["post-12955","post","type-post","status-publish","format-standard","has-post-thumbnail","hentry","category-actu-france-monde"],"jetpack_publicize_connections":[],"jetpack_featured_media_url":"https:\/\/i0.wp.com\/www.iceagetv.com\/radiosite\/wp-content\/uploads\/2019\/08\/Permanences-vandalis%C3%A9es.png?fit=700%2C520&ssl=1","jetpack_sharing_enabled":true,"_links":{"self":[{"href":"https:\/\/www.iceagetv.com\/radiosite\/wp-json\/wp\/v2\/posts\/12955","targetHints":{"allow":["GET"]}}],"collection":[{"href":"https:\/\/www.iceagetv.com\/radiosite\/wp-json\/wp\/v2\/posts"}],"about":[{"href":"https:\/\/www.iceagetv.com\/radiosite\/wp-json\/wp\/v2\/types\/post"}],"author":[{"embeddable":true,"href":"https:\/\/www.iceagetv.com\/radiosite\/wp-json\/wp\/v2\/users\/2"}],"replies":[{"embeddable":true,"href":"https:\/\/www.iceagetv.com\/radiosite\/wp-json\/wp\/v2\/comments?post=12955"}],"version-history":[{"count":1,"href":"https:\/\/www.iceagetv.com\/radiosite\/wp-json\/wp\/v2\/posts\/12955\/revisions"}],"predecessor-version":[{"id":12957,"href":"https:\/\/www.iceagetv.com\/radiosite\/wp-json\/wp\/v2\/posts\/12955\/revisions\/12957"}],"wp:featuredmedia":[{"embeddable":true,"href":"https:\/\/www.iceagetv.com\/radiosite\/wp-json\/wp\/v2\/media\/12956"}],"wp:attachment":[{"href":"https:\/\/www.iceagetv.com\/radiosite\/wp-json\/wp\/v2\/media?parent=12955"}],"wp:term":[{"taxonomy":"category","embeddable":true,"href":"https:\/\/www.iceagetv.com\/radiosite\/wp-json\/wp\/v2\/categories?post=12955"},{"taxonomy":"post_tag","embeddable":true,"href":"https:\/\/www.iceagetv.com\/radiosite\/wp-json\/wp\/v2\/tags?post=12955"}],"curies":[{"name":"wp","href":"https:\/\/api.w.org\/{rel}","templated":true}]}}